{"id":46022,"date":"2025-10-17T00:36:08","date_gmt":"2025-10-17T04:36:08","guid":{"rendered":"https:\/\/noticiasveraces.com\/?p=46022"},"modified":"2025-10-17T00:36:08","modified_gmt":"2025-10-17T04:36:08","slug":"jose-pekerman-fue-contundente-revelo-el-motivo-por-el-que-la-seleccion-colombia-no-gana-titulos-curiosidades-de-futbol","status":"publish","type":"post","link":"https:\/\/noticiasveraces.com\/?p=46022","title":{"rendered":"Jos\u00e9 P\u00e9kerman fue contundente: revel\u00f3 el motivo por el que la Selecci\u00f3n Colombia no gana titulos | Curiosidades de f\u00fatbol"},"content":{"rendered":"<p> \n<\/p>\n<div id=\"cuerpoArticulo\">\n<p class=\"texto intro cnx-companion-firstparagraph\" id=\"p257104-m375-374-376\"><b>Jos\u00e9 N\u00e9stor P\u00e9kerman <\/b>siempre es recordado en <b>Colombia<\/b> por haber tenido un gran paso por la Selecci\u00f3n de mayores a la cual dirigi\u00f3 entre 2012 y 2018 y donde la puso entre los grandes equipos del mundo.  <\/p>\n<p>El entrenador llev\u00f3 a la tricolor a su mejor participaci\u00f3n en un Mundial que fue en Brasil 2014 (cuartos de final) y luego en Rusia 2018 se meti\u00f3 entre los 16 mejores equipos, pero cay\u00f3 con Inglaterra que marcar\u00eda el fin de su ciclo.  <\/p>\n<p>Pues bien, en di\u00e1logo con ESPN, el argentino habl\u00f3 de los graves problemas que tiene el f\u00fatbol colombiano luego de que la Selecci\u00f3n Sub-20 cayera en semifinales del Mundial de la categor\u00eda.<\/p>\n<p class=\"texto contenido-parrafo-articulo cnx-companion-paragraph\" id=\"p257104-m451-3-452\">Inicialmente, P\u00e9kerman habl\u00f3 de su proceso y sobre los cambios que fue implementando para hacer que Colombia fuera relevante: \u00abYo ten\u00eda una experiencia de futbolista en Colombia, sab\u00eda c\u00f3mo era su idiosincrasia y su vestuario. A m\u00ed me gustaba que la gente de entrada supiera qu\u00e9 era lo que quer\u00eda hacer, y yo sent\u00eda que ah\u00ed tambi\u00e9n ten\u00eda que hacer un cambio importante. Fue duro tratar de cambiar esas cosas y tocamos muchos aspectos que ayudaron a temas de organizaci\u00f3n, a que los amistosos ya no eran m\u00e1s con equipos menores o centroamericanos, que no quer\u00edamos ir a festejar un partido que era un entrenamiento, sino que \u00edbamos a disputar con equipos europeos y rivales que nos permitieran crecer aun en la derrota. Pero ten\u00edamos que cambiar\u00bb.<\/p>\n<div class=\"fotografia caja-articulo\" id=\"p257104-m457-4-458\">\n<div class=\"imagen-cuerpo-bk\">\n<figure itemscope=\"\" itemtype=\"https:\/\/schema.org\/ImageObject\" itemprop=\"image\" id=\"m462-461-463\" class=\"foto-galeria-articulo imagen-articulo foto-texto-articulo-galeria\"><img decoding=\"async\" alt=\"Jos\u00e9 P\u00e9kerman\" src=\"data:image\/png;base64,iVBORw0KGgoAAAANSUhEUgAAAAEAAAABCAQAAAC1HAwCAAAAC0lEQVR42mP8\/x0AAvsB+DlKarAAAAAASUVORK5CYII=\" style=\" display: inline;\" data-original=\"\/files\/article_content\/uploads\/2021\/11\/30\/61a6e391acbc5.jpeg\"\/><meta itemprop=\"width\" content=\"600\"\/><meta itemprop=\"height\" content=\"450\"\/> <meta itemprop=\"url\" content=\"https:\/\/www.futbolred.com\/files\/article_content\/uploads\/2021\/11\/30\/61a6e391acbc5.jpeg\"\/><\/figure>\n<\/div>\n<div class=\"figcaption-cuerpo-bk credito-image-bk\"><figcaption class=\"foto-info\">\n<div class=\"titulo-foto-bk\">\n<p id=\"m469-1-470\" class=\"titulo pie-de-foto\">Jos\u00e9 P\u00e9kerman, entrenador argentino.<\/p>\n<\/div>\n<p class=\"credito\">\n                            <span class=\"linea pre_credito\">Foto:<\/span><\/p>\n<p>                        <span id=\"m475-2-476\" class=\"autor\">CEET &#8211; Vanexa Romero<\/span><\/p>\n<\/figcaption><\/div>\n<\/p><\/div>\n<p class=\"texto contenido-parrafo-articulo cnx-companion-paragraph\" id=\"p257104-m483-5-484\">Y agreg\u00f3: \u00abAs\u00ed fue que nos metimos en la competencia y fuimos a los Mundiales de Brasil y Rusia y en ambos tuvimos una muy buena participaci\u00f3n. Obviamente siempre faltaba algo m\u00e1s, pero creo que para la Selecci\u00f3n Mayor fue un paso adelante. Yo siempre dije que Colombia todav\u00eda tiene que crecer en aspectos de pasar este tipo de situaciones, en momentos clave\u00bb. <\/p>\n<p>No obstante, pese a lo hecho en su proceso y en los siguientes al suyo, Colombia le falta mucho y asegur\u00f3 que el cambio para que la tricolor triunfe no es de t\u00e9cnico, del juego o de los jugadores: \u201cMe parece que debe hacer cambios profundos que ya no pasan por la parte del director t\u00e9cnico o del juego, creo que hay un tema de no resignarse a ver las cosas de otra manera cuando tenemos que trabajar mucho en las divisiones inferiores. No es lo mismo. Es casi imposible a nivel nacional poder hacer lo que tiene Argentina, la competencia que tiene en las distintas categor\u00edas. Algo de lo que a veces nos quejamos, porque hay tantos equipos nuevos, porque en los campeonatos ingresan equipos de todo el pa\u00eds, que se ha hecho muy federal, pero eso tambi\u00e9n permite el crecimiento de muchas regiones. M\u00e1s all\u00e1 de que tenemos los grandes equipos, al f\u00fatbol tambi\u00e9n lo hacen los equipos de las regiones, del interior, menores\u00bb.<\/p>\n<p>Finalmente, atribuy\u00f3 al formato del f\u00fatbol colombiano y los dirigentes como los m\u00e1ximos responsables de la falta de t\u00edtulos: \u00abY Colombia es un torneo que para el f\u00fatbol local es muy dif\u00edcil, y la oportunidad de crecer en Selecciones es cuando los jugadores van a las ligas importantes del extranjero. Y muchas veces no tienen el acceso para poder ir, algo que se nota en los partidos decisivos e importantes. Veo que todav\u00eda va a sufrir hasta que se pueda cambiar una estructura que es muy dif\u00edcil cambiarla\u201d.<\/p>\n<\/div>\n\n","protected":false},"excerpt":{"rendered":"<p>Jos\u00e9 N\u00e9stor P\u00e9kerman siempre es recordado en Colombia por haber tenido un gran paso por la Selecci\u00f3n de mayores a la cual dirigi\u00f3 entre 2012 y 2018 y donde la puso entre los grandes equipos del mundo. El entrenador llev\u00f3 a la tricolor a su mejor participaci\u00f3n en un Mundial que fue en Brasil 2014 &hellip;<\/p>\n","protected":false},"author":1,"featured_media":46023,"comment_status":"open","ping_status":"open","sticky":false,"template":"","format":"standard","meta":{"fifu_image_url":"https:\/\/www.futbolred.com\/files\/og_thumbnail\/uploads\/2022\/03\/25\/623e6dfe6fe7d.jpeg","fifu_image_alt":"","footnotes":""},"categories":[6],"tags":[],"class_list":["post-46022","post","type-post","status-publish","format-standard","has-post-thumbnail","","category-deportes"],"_links":{"self":[{"href":"https:\/\/noticiasveraces.com\/index.php?rest_route=\/wp\/v2\/posts\/46022","targetHints":{"allow":["GET"]}}],"collection":[{"href":"https:\/\/noticiasveraces.com\/index.php?rest_route=\/wp\/v2\/posts"}],"about":[{"href":"https:\/\/noticiasveraces.com\/index.php?rest_route=\/wp\/v2\/types\/post"}],"author":[{"embeddable":true,"href":"https:\/\/noticiasveraces.com\/index.php?rest_route=\/wp\/v2\/users\/1"}],"replies":[{"embeddable":true,"href":"https:\/\/noticiasveraces.com\/index.php?rest_route=%2Fwp%2Fv2%2Fcomments&post=46022"}],"version-history":[{"count":0,"href":"https:\/\/noticiasveraces.com\/index.php?rest_route=\/wp\/v2\/posts\/46022\/revisions"}],"wp:featuredmedia":[{"embeddable":true,"href":"https:\/\/noticiasveraces.com\/index.php?rest_route=\/wp\/v2\/media\/46023"}],"wp:attachment":[{"href":"https:\/\/noticiasveraces.com\/index.php?rest_route=%2Fwp%2Fv2%2Fmedia&parent=46022"}],"wp:term":[{"taxonomy":"category","embeddable":true,"href":"https:\/\/noticiasveraces.com\/index.php?rest_route=%2Fwp%2Fv2%2Fcategories&post=46022"},{"taxonomy":"post_tag","embeddable":true,"href":"https:\/\/noticiasveraces.com\/index.php?rest_route=%2Fwp%2Fv2%2Ftags&post=46022"}],"curies":[{"name":"wp","href":"https:\/\/api.w.org\/{rel}","templated":true}]}}