{"id":46003,"date":"2025-10-16T22:06:42","date_gmt":"2025-10-17T02:06:42","guid":{"rendered":"https:\/\/noticiasveraces.com\/?p=46003"},"modified":"2025-10-16T22:06:42","modified_gmt":"2025-10-17T02:06:42","slug":"los-fanaticos-detectan-el-accesorio-de-meghan-markle-que-vincula-su-pasado-real-real-noticias","status":"publish","type":"post","link":"https:\/\/noticiasveraces.com\/?p=46003","title":{"rendered":"Los fan\u00e1ticos detectan el accesorio de Meghan Markle que vincula su pasado real | Real | Noticias"},"content":{"rendered":"<p> \n<\/p>\n<div>\n<p>Desde entonces, Dior se ha convertido en una constante indumentaria para Meghan: desde su conjunto blanco en el bautizo de Archie hasta el abrigo negro y el sombrero de ala ancha que us\u00f3 en el funeral de la reina Isabel II en 2022.<\/p>\n<p>La decisi\u00f3n de Meghan de volver a usar los mismos tacones Dior seis a\u00f1os despu\u00e9s parece intencionada y simboliza una elegante continuidad entre su pasado real y su vida presente en California.<\/p>\n<p>En la Cumbre Fortune, su conjunto crema y nude logr\u00f3 el equilibrio perfecto entre elegancia y autoridad, demostrando que para Meghan, la moda se trata menos de espect\u00e1culo y m\u00e1s de contar historias.<\/p>\n<\/div>\n\n","protected":false},"excerpt":{"rendered":"<p>Desde entonces, Dior se ha convertido en una constante indumentaria para Meghan: desde su conjunto blanco en el bautizo de Archie hasta el abrigo negro y el sombrero de ala ancha que us\u00f3 en el funeral de la reina Isabel II en 2022. La decisi\u00f3n de Meghan de volver a usar los mismos tacones Dior &hellip;<\/p>\n","protected":false},"author":1,"featured_media":46004,"comment_status":"open","ping_status":"open","sticky":false,"template":"","format":"standard","meta":{"fifu_image_url":"https:\/\/cdn.images.express.co.uk\/img\/dynamic\/106\/1200x630\/6494283.jpg","fifu_image_alt":"","footnotes":""},"categories":[10],"tags":[],"class_list":["post-46003","post","type-post","status-publish","format-standard","has-post-thumbnail","","category-moda"],"_links":{"self":[{"href":"https:\/\/noticiasveraces.com\/index.php?rest_route=\/wp\/v2\/posts\/46003","targetHints":{"allow":["GET"]}}],"collection":[{"href":"https:\/\/noticiasveraces.com\/index.php?rest_route=\/wp\/v2\/posts"}],"about":[{"href":"https:\/\/noticiasveraces.com\/index.php?rest_route=\/wp\/v2\/types\/post"}],"author":[{"embeddable":true,"href":"https:\/\/noticiasveraces.com\/index.php?rest_route=\/wp\/v2\/users\/1"}],"replies":[{"embeddable":true,"href":"https:\/\/noticiasveraces.com\/index.php?rest_route=%2Fwp%2Fv2%2Fcomments&post=46003"}],"version-history":[{"count":0,"href":"https:\/\/noticiasveraces.com\/index.php?rest_route=\/wp\/v2\/posts\/46003\/revisions"}],"wp:featuredmedia":[{"embeddable":true,"href":"https:\/\/noticiasveraces.com\/index.php?rest_route=\/wp\/v2\/media\/46004"}],"wp:attachment":[{"href":"https:\/\/noticiasveraces.com\/index.php?rest_route=%2Fwp%2Fv2%2Fmedia&parent=46003"}],"wp:term":[{"taxonomy":"category","embeddable":true,"href":"https:\/\/noticiasveraces.com\/index.php?rest_route=%2Fwp%2Fv2%2Fcategories&post=46003"},{"taxonomy":"post_tag","embeddable":true,"href":"https:\/\/noticiasveraces.com\/index.php?rest_route=%2Fwp%2Fv2%2Ftags&post=46003"}],"curies":[{"name":"wp","href":"https:\/\/api.w.org\/{rel}","templated":true}]}}