{"id":45978,"date":"2025-10-16T18:30:58","date_gmt":"2025-10-16T22:30:58","guid":{"rendered":"https:\/\/noticiasveraces.com\/?p=45978"},"modified":"2025-10-16T18:30:58","modified_gmt":"2025-10-16T22:30:58","slug":"mexico-se-vengo-de-colombia-con-estos-comentarios-tras-perder-vs-argentina-curiosidades-de-futbol","status":"publish","type":"post","link":"https:\/\/noticiasveraces.com\/?p=45978","title":{"rendered":"M\u00e9xico se veng\u00f3 de Colombia con estos comentarios tras perder vs Argentina | Curiosidades de f\u00fatbol"},"content":{"rendered":"<p> \n<\/p>\n<div id=\"cuerpoArticulo\">\n<p class=\"texto intro cnx-companion-firstparagraph\" id=\"pnull-m194-193-195\">Ya parece broma.<b> La Selecci\u00f3n Colombia y M\u00e9xico tienen algo en com\u00fan: son eliminados por Argentina <\/b>en reiteradas ocasiones. Primero la \u2018Albiceleste\u2019 dej\u00f3 afuera del Mundial Sub-20 a los aztecas y ahora hizo lo propio con los cafeteros, venci\u00e9ndolos 1-0 en la semifinal. <b>La prensa mexicana no tard\u00f3 en reaccionar.<\/b><\/p>\n<p class=\"texto contenido-parrafo-articulo cnx-companion-paragraph\" id=\"pnull-m206-2-207\">Con cr\u00edticas hacia 3 jugadores, la Selecci\u00f3n Colombia perdi\u00f3 1-0 frente a su par de Argentina en la semifinal del Mundial Sub-20 que se est\u00e1 disputando en Chile. Ante esto, <b>los medios de comunicaci\u00f3n mexicanos informaron esto con cierto recelo<\/b>quiz\u00e1s por haber sentido que los cafeteros se hab\u00edan \u2018burlado\u2019 por la eliminaci\u00f3n en cuartos de final o por el 0-4 de la Mayor.<\/p>\n<div class=\"fotografia caja-articulo\" id=\"pnull-m407-3-408\">\n<div class=\"imagen-cuerpo-bk\">\n<figure itemscope=\"\" itemtype=\"https:\/\/schema.org\/ImageObject\" itemprop=\"image\" class=\"foto-galeria-articulo imagen-articulo foto-texto-articulo-galeria\" id=\"m412-411-413\"><img decoding=\"async\" src=\"data:image\/png;base64,iVBORw0KGgoAAAANSUhEUgAAAAEAAAABCAQAAAC1HAwCAAAAC0lEQVR42mP8\/x0AAvsB+DlKarAAAAAASUVORK5CYII=\" style=\" display: inline;\" alt=\"Argentina vs M\u00e9xico\" data-original=\"\/files\/article_content\/uploads\/2025\/10\/11\/68eafb3084042.png\"\/><meta itemprop=\"width\" content=\"600\"\/><meta itemprop=\"height\" content=\"450\"\/> <meta itemprop=\"url\" content=\"https:\/\/www.futbolred.com\/files\/article_content\/uploads\/2025\/10\/11\/68eafb3084042.png\"\/><\/figure>\n<\/div>\n<div class=\"figcaption-cuerpo-bk credito-image-bk\"><figcaption class=\"foto-info\">\n<div class=\"titulo-foto-bk\">\n<p class=\"titulo pie-de-foto\" id=\"m419-1-420\">Argentina vs M\u00e9xico Mundial Sub-20 2025<\/p>\n<\/div>\n<p class=\"credito\">\n                            <span class=\"linea pre_credito\">Foto:<\/span><\/p>\n<p>                        <span class=\"autor\" id=\"m425-2-426\">Ra\u00fal Bravo \/ AFP<\/span><\/p>\n<\/figcaption><\/div>\n<\/p><\/div>\n<p><span class=\"articulo-subtitulo subtitulo2 espacio-contenido cnx-companion-subtitle\" id=\"pnull-m253-3-254\" style=\"width: auto;\">La opini\u00f3n de la prensa mexicana de la derrota de Colombia ante Argentina<br \/><\/span><\/p>\n<p class=\"texto contenido-parrafo-articulo cnx-companion-paragraph\" id=\"pnull-m261-4-262\">\u201cPerdi\u00f3 1-0 con Argentina por su mal segundo tiempo en el estadio Nacional de Santiago\u201d, comenz\u00f3 diciendo <i>ESPN M\u00e9xico<\/i>. Y agreg\u00f3: \u201cAfloj\u00f3 en marca, dej\u00f3 espacios por el medio sin respaldo de los volantes, los centrales fuera de zona. <b>Su cierre del compromiso fue deslucido<\/b>\u201d.<\/p>\n<p class=\"texto contenido-parrafo-articulo cnx-companion-paragraph\" id=\"pnull-m269-5-270\">\u201cLa \u2018Albiceleste\u2019 celebr\u00f3 otra vez en tierras chilenas, logr\u00f3 un triunfo merecido y elimin\u00f3 a Colombia.<b> Tal como le sucedi\u00f3 con M\u00e9xico, los futbolistas cafeteros \u2018hablaron antes\u2019, como dicen en Argentina<\/b>\u201d, explicaron en <i>Bolavip M\u00e9xico<\/i>.<\/p>\n<p class=\"texto contenido-parrafo-articulo cnx-companion-paragraph\" id=\"pnull-m277-6-278\">\u201cEl conjunto sudamericano va perfecto en la justa mundialista tras el <b>triunfo ante M\u00e9xico en los cuartos y la victoria contra los colombianos en las semifinales<\/b>\u201d, explica <i>tv azteca<\/i>.<\/p>\n<p class=\"texto contenido-parrafo-articulo cnx-companion-paragraph\" id=\"pnull-m285-7-286\">\u201cRepitiendo lo que hicieron<b> luego de eliminar a M\u00e9xico, poniendo el tema del Chavo del 8<\/b> a su salida del Estadio Nacional Julio Mart\u00ednez Pr\u00e1danos en Santiago de Chile,<b> los j\u00f3venes argentinos volvieron a la carga ahora contra los cafeteros<\/b>\u201d, contaron desde <i>MedioTiempo<\/i>.<\/p>\n<p class=\"texto contenido-parrafo-articulo cnx-companion-paragraph\" id=\"pnull-m293-8-294\">Adem\u00e1s, este medio agreg\u00f3: \u201cParec\u00eda que podr\u00eda venir un vendaval por parte de los colombianos, pero <b>una desconcentraci\u00f3n de Jhon Renter\u00eda provoc\u00f3 su expulsi\u00f3n <\/b>por doble amarilla, lo que limit\u00f3 a su selecci\u00f3n. Al final, <b>Colombia ya no pudo reaccionar y termin\u00f3 siendo eliminada por Argentina en el Mundial Sub-20<\/b>\u201d.<\/p>\n<p class=\"texto contenido-parrafo-articulo cnx-companion-paragraph\" id=\"pnull-m300-9-301\">Como sea, <b>tanto M\u00e9xico como Colombia fueron eliminadas por Argentina, confirmando que deben seguir mejorando<\/b> y que, \u201chablar antes de tiempo\u201d, no est\u00e1 siendo una estrategia realmente \u00fatil.<\/p>\n<\/div>\n\n","protected":false},"excerpt":{"rendered":"<p>Ya parece broma. La Selecci\u00f3n Colombia y M\u00e9xico tienen algo en com\u00fan: son eliminados por Argentina en reiteradas ocasiones. Primero la \u2018Albiceleste\u2019 dej\u00f3 afuera del Mundial Sub-20 a los aztecas y ahora hizo lo propio con los cafeteros, venci\u00e9ndolos 1-0 en la semifinal. La prensa mexicana no tard\u00f3 en reaccionar. Con cr\u00edticas hacia 3 jugadores, &hellip;<\/p>\n","protected":false},"author":1,"featured_media":45979,"comment_status":"open","ping_status":"open","sticky":false,"template":"","format":"standard","meta":{"fifu_image_url":"https:\/\/www.futbolred.com\/files\/og_thumbnail\/uploads\/2025\/10\/16\/68f126a407c90.jpeg","fifu_image_alt":"","footnotes":""},"categories":[6],"tags":[],"class_list":["post-45978","post","type-post","status-publish","format-standard","has-post-thumbnail","","category-deportes"],"_links":{"self":[{"href":"https:\/\/noticiasveraces.com\/index.php?rest_route=\/wp\/v2\/posts\/45978","targetHints":{"allow":["GET"]}}],"collection":[{"href":"https:\/\/noticiasveraces.com\/index.php?rest_route=\/wp\/v2\/posts"}],"about":[{"href":"https:\/\/noticiasveraces.com\/index.php?rest_route=\/wp\/v2\/types\/post"}],"author":[{"embeddable":true,"href":"https:\/\/noticiasveraces.com\/index.php?rest_route=\/wp\/v2\/users\/1"}],"replies":[{"embeddable":true,"href":"https:\/\/noticiasveraces.com\/index.php?rest_route=%2Fwp%2Fv2%2Fcomments&post=45978"}],"version-history":[{"count":0,"href":"https:\/\/noticiasveraces.com\/index.php?rest_route=\/wp\/v2\/posts\/45978\/revisions"}],"wp:featuredmedia":[{"embeddable":true,"href":"https:\/\/noticiasveraces.com\/index.php?rest_route=\/wp\/v2\/media\/45979"}],"wp:attachment":[{"href":"https:\/\/noticiasveraces.com\/index.php?rest_route=%2Fwp%2Fv2%2Fmedia&parent=45978"}],"wp:term":[{"taxonomy":"category","embeddable":true,"href":"https:\/\/noticiasveraces.com\/index.php?rest_route=%2Fwp%2Fv2%2Fcategories&post=45978"},{"taxonomy":"post_tag","embeddable":true,"href":"https:\/\/noticiasveraces.com\/index.php?rest_route=%2Fwp%2Fv2%2Ftags&post=45978"}],"curies":[{"name":"wp","href":"https:\/\/api.w.org\/{rel}","templated":true}]}}