{"id":45955,"date":"2025-10-16T13:35:12","date_gmt":"2025-10-16T17:35:12","guid":{"rendered":"https:\/\/noticiasveraces.com\/?p=45955"},"modified":"2025-10-16T13:35:12","modified_gmt":"2025-10-16T17:35:12","slug":"soy-un-experto-real-y-estoy-convencido-de-que-la-princesa-kate-ha-copiado-a-meghan-real-noticias","status":"publish","type":"post","link":"https:\/\/noticiasveraces.com\/?p=45955","title":{"rendered":"Soy un experto real y estoy convencido de que la princesa Kate ha copiado a Meghan | Real | Noticias"},"content":{"rendered":"<p> \n<\/p>\n<div> <!--googleoff: all--><\/p>\n<div class=\"affiliate-links\">  Este art\u00edculo contiene enlaces de afiliados; recibiremos una comisi\u00f3n por las ventas que generemos a partir de \u00e9l. M\u00e1s informaci\u00f3n<\/div>\n<p> <!--googleon: all--><\/p>\n<div class=\"photo changeSpace\">\n<p class=\"withoutCaption\"><picture><source type=\"image\/avif\" srcset=\"https:\/\/cdn.images.express.co.uk\/img\/dynamic\/106\/1200x712\/secondary\/The-Prince-and-Princess-of-Wales-6493795.avif?r=1760630880883\" media=\"screen and (min-width:10000px)\"><source type=\"image\/webp\" srcset=\"https:\/\/cdn.images.express.co.uk\/img\/dynamic\/106\/1200x712\/secondary\/The-Prince-and-Princess-of-Wales-6493795.webp?r=1760630880883\" media=\"screen and (min-width:10000px)\"><source type=\"image\/jpeg\" srcset=\"https:\/\/cdn.images.express.co.uk\/img\/dynamic\/106\/1200x712\/secondary\/The-Prince-and-Princess-of-Wales-6493795.jpg?r=1760630880883\" media=\"screen and (min-width:10000px)\"><source type=\"image\/avif\" srcset=\"https:\/\/cdn.images.express.co.uk\/img\/dynamic\/106\/674x400\/secondary\/The-Prince-and-Princess-of-Wales-6493795.avif?r=1760630880883\" media=\"screen and (min-width:100000px)\"><source type=\"image\/webp\" srcset=\"https:\/\/cdn.images.express.co.uk\/img\/dynamic\/106\/674x400\/secondary\/The-Prince-and-Princess-of-Wales-6493795.webp?r=1760630880883\" media=\"screen and (min-width:100000px)\"><source type=\"image\/jpeg\" srcset=\"https:\/\/cdn.images.express.co.uk\/img\/dynamic\/106\/674x400\/secondary\/The-Prince-and-Princess-of-Wales-6493795.jpg?r=1760630880883\" media=\"screen and (min-width:100000px)\"><source type=\"image\/avif\" srcset=\"https:\/\/cdn.images.express.co.uk\/img\/dynamic\/106\/940x\/secondary\/The-Prince-and-Princess-of-Wales-6493795.avif?r=1760630880883\" media=\"screen and (min-width:1200px)\"><source type=\"image\/webp\" srcset=\"https:\/\/cdn.images.express.co.uk\/img\/dynamic\/106\/940x\/secondary\/The-Prince-and-Princess-of-Wales-6493795.webp?r=1760630880883\" media=\"screen and (min-width:1200px)\"><source type=\"image\/jpeg\" srcset=\"https:\/\/cdn.images.express.co.uk\/img\/dynamic\/106\/940x\/secondary\/The-Prince-and-Princess-of-Wales-6493795.jpg?r=1760630880883\" media=\"screen and (min-width:1200px)\"><source type=\"image\/avif\" srcset=\"https:\/\/cdn.images.express.co.uk\/img\/dynamic\/106\/590x\/secondary\/The-Prince-and-Princess-of-Wales-6493795.avif?r=1760630880883\" media=\"screen\"><source type=\"image\/webp\" srcset=\"https:\/\/cdn.images.express.co.uk\/img\/dynamic\/106\/590x\/secondary\/The-Prince-and-Princess-of-Wales-6493795.webp?r=1760630880883\" media=\"screen\"><img decoding=\"async\" class=\"zoomEnabled\" src=\"https:\/\/cdn.images.express.co.uk\/img\/dynamic\/106\/1200x712\/secondary\/The-Prince-and-Princess-of-Wales-6493795.jpg?r=1760630880883\" alt=\"El Pr\u00edncipe y la Princesa de Gales\" title=\"El Pr\u00edncipe y la Princesa de Gales\" width=\"590\" height=\"350\" loading=\"lazy\"\/><\/source><\/source><\/source><\/source><\/source><\/source><\/source><\/source><\/source><\/source><\/source><\/picture><\/p>\n<p><span class=\"newsCaption\">Los Pr\u00edncipes de Gales mantuvieron un encuentro privado <span class=\"caption\">(Imagen: Andrew Parsons \/ Palacio de Kensington)<\/span><span class=\"magnifier\" data-img=\"https:\/\/cdn.images.express.co.uk\/img\/dynamic\/106\/1200x712\/secondary\/The-Prince-and-Princess-of-Wales-6493795.jpg?r=1760630880883\"\/><\/span><\/div>\n<div class=\"text-description\">\n<p>Hubo un tiempo en el que la Princesa de Gales reinaba como la reina de los vestidos: su guardarropa se defin\u00eda por siluetas atemporales, paletas de colores pulidas y un sentido de elegancia claramente brit\u00e1nico. \u00daltimamente, sin embargo, ha habido un cambio notable en su estilo, uno que se siente decididamente californiano.<\/p>\n<p>Ayer, la princesa Kate acudi\u00f3 al Castillo de Windsor para un compromiso sorpresa con el pr\u00edncipe William y el pr\u00edncipe heredero y la princesa de Jordania. Llevaba otro traje impecablemente confeccionado.<\/p>\n<p>Un conjunto de dos piezas en suave color beige de Roland Mouret sobre una delicada blusa con lazo que irradiaba sofisticaci\u00f3n. Y me atrevo a decir que fue muy Meghan Markle, lo cual, a estas alturas, parece lejos de ser una coincidencia.<\/p>\n<\/div>\n<div class=\"whatsapp-group \"> <strong class=\"wapp-head\">  Mant\u00e9ngase al d\u00eda con las \u00faltimas noticias reales <\/strong> \u00danase a nosotros en WhatsApp<\/p>\n<p class=\"wapp-inf\">Los miembros de nuestra comunidad reciben ofertas especiales, promociones y anuncios nuestros y de nuestros socios. Puedes realizar el check-out en cualquier momento. Lea nuestra Pol\u00edtica de Privacidad<\/p>\n<\/div>\n<div class=\"photo changeSpace\">\n<p class=\"withoutCaption\"><picture><source type=\"image\/avif\" srcset=\"https:\/\/cdn.images.express.co.uk\/img\/dynamic\/106\/1200x712\/secondary\/Meghan-Markle-6493851.avif?r=1760630880894\" media=\"screen and (min-width:10000px)\"><source type=\"image\/webp\" srcset=\"https:\/\/cdn.images.express.co.uk\/img\/dynamic\/106\/1200x712\/secondary\/Meghan-Markle-6493851.webp?r=1760630880894\" media=\"screen and (min-width:10000px)\"><source type=\"image\/jpeg\" srcset=\"https:\/\/cdn.images.express.co.uk\/img\/dynamic\/106\/1200x712\/secondary\/Meghan-Markle-6493851.jpg?r=1760630880894\" media=\"screen and (min-width:10000px)\"><source type=\"image\/avif\" srcset=\"https:\/\/cdn.images.express.co.uk\/img\/dynamic\/106\/674x400\/secondary\/Meghan-Markle-6493851.avif?r=1760630880894\" media=\"screen and (min-width:100000px)\"><source type=\"image\/webp\" srcset=\"https:\/\/cdn.images.express.co.uk\/img\/dynamic\/106\/674x400\/secondary\/Meghan-Markle-6493851.webp?r=1760630880894\" media=\"screen and (min-width:100000px)\"><source type=\"image\/jpeg\" srcset=\"https:\/\/cdn.images.express.co.uk\/img\/dynamic\/106\/674x400\/secondary\/Meghan-Markle-6493851.jpg?r=1760630880894\" media=\"screen and (min-width:100000px)\"><source type=\"image\/avif\" srcset=\"https:\/\/cdn.images.express.co.uk\/img\/dynamic\/106\/940x\/secondary\/Meghan-Markle-6493851.avif?r=1760630880894\" media=\"screen and (min-width:1200px)\"><source type=\"image\/webp\" srcset=\"https:\/\/cdn.images.express.co.uk\/img\/dynamic\/106\/940x\/secondary\/Meghan-Markle-6493851.webp?r=1760630880894\" media=\"screen and (min-width:1200px)\"><source type=\"image\/jpeg\" srcset=\"https:\/\/cdn.images.express.co.uk\/img\/dynamic\/106\/940x\/secondary\/Meghan-Markle-6493851.jpg?r=1760630880894\" media=\"screen and (min-width:1200px)\"><source type=\"image\/avif\" srcset=\"https:\/\/cdn.images.express.co.uk\/img\/dynamic\/106\/590x\/secondary\/Meghan-Markle-6493851.avif?r=1760630880894\" media=\"screen\"><source type=\"image\/webp\" srcset=\"https:\/\/cdn.images.express.co.uk\/img\/dynamic\/106\/590x\/secondary\/Meghan-Markle-6493851.webp?r=1760630880894\" media=\"screen\"><img decoding=\"async\" class=\"zoomEnabled\" src=\"https:\/\/cdn.images.express.co.uk\/img\/dynamic\/106\/1200x712\/secondary\/Meghan-Markle-6493851.jpg?r=1760630880894\" alt=\"Meghan Markle\" title=\"Meghan Markle\" width=\"590\" height=\"885\" loading=\"lazy\"\/><\/source><\/source><\/source><\/source><\/source><\/source><\/source><\/source><\/source><\/source><\/source><\/picture><\/p>\n<p><span class=\"newsCaption\">Meghan Markle y el Pr\u00edncipe Harry salieron a apoyar el evento del Proyecto Mentes Saludables <span class=\"caption\">(Imagen: Getty)<\/span><span class=\"magnifier\" data-img=\"https:\/\/cdn.images.express.co.uk\/img\/dynamic\/106\/1200x712\/secondary\/Meghan-Markle-6493851.jpg?r=1760630880894\"\/><\/span><\/div>\n<div class=\"photo changeSpace\">\n<p class=\"withoutCaption\"><picture><source type=\"image\/avif\" srcset=\"https:\/\/cdn.images.express.co.uk\/img\/dynamic\/106\/1200x712\/secondary\/Meghan-Markle-6493798.avif?r=1760630880900\" media=\"screen and (min-width:10000px)\"><source type=\"image\/webp\" srcset=\"https:\/\/cdn.images.express.co.uk\/img\/dynamic\/106\/1200x712\/secondary\/Meghan-Markle-6493798.webp?r=1760630880900\" media=\"screen and (min-width:10000px)\"><source type=\"image\/jpeg\" srcset=\"https:\/\/cdn.images.express.co.uk\/img\/dynamic\/106\/1200x712\/secondary\/Meghan-Markle-6493798.jpg?r=1760630880900\" media=\"screen and (min-width:10000px)\"><source type=\"image\/avif\" srcset=\"https:\/\/cdn.images.express.co.uk\/img\/dynamic\/106\/674x400\/secondary\/Meghan-Markle-6493798.avif?r=1760630880900\" media=\"screen and (min-width:100000px)\"><source type=\"image\/webp\" srcset=\"https:\/\/cdn.images.express.co.uk\/img\/dynamic\/106\/674x400\/secondary\/Meghan-Markle-6493798.webp?r=1760630880900\" media=\"screen and (min-width:100000px)\"><source type=\"image\/jpeg\" srcset=\"https:\/\/cdn.images.express.co.uk\/img\/dynamic\/106\/674x400\/secondary\/Meghan-Markle-6493798.jpg?r=1760630880900\" media=\"screen and (min-width:100000px)\"><source type=\"image\/avif\" srcset=\"https:\/\/cdn.images.express.co.uk\/img\/dynamic\/106\/940x\/secondary\/Meghan-Markle-6493798.avif?r=1760630880900\" media=\"screen and (min-width:1200px)\"><source type=\"image\/webp\" srcset=\"https:\/\/cdn.images.express.co.uk\/img\/dynamic\/106\/940x\/secondary\/Meghan-Markle-6493798.webp?r=1760630880900\" media=\"screen and (min-width:1200px)\"><source type=\"image\/jpeg\" srcset=\"https:\/\/cdn.images.express.co.uk\/img\/dynamic\/106\/940x\/secondary\/Meghan-Markle-6493798.jpg?r=1760630880900\" media=\"screen and (min-width:1200px)\"><source type=\"image\/avif\" srcset=\"https:\/\/cdn.images.express.co.uk\/img\/dynamic\/106\/590x\/secondary\/Meghan-Markle-6493798.avif?r=1760630880900\" media=\"screen\"><source type=\"image\/webp\" srcset=\"https:\/\/cdn.images.express.co.uk\/img\/dynamic\/106\/590x\/secondary\/Meghan-Markle-6493798.webp?r=1760630880900\" media=\"screen\"><img decoding=\"async\" class=\"zoomEnabled\" src=\"https:\/\/cdn.images.express.co.uk\/img\/dynamic\/106\/1200x712\/secondary\/Meghan-Markle-6493798.jpg?r=1760630880900\" alt=\"Meghan Markle\" title=\"Meghan Markle\" width=\"590\" height=\"885\" loading=\"lazy\"\/><\/source><\/source><\/source><\/source><\/source><\/source><\/source><\/source><\/source><\/source><\/source><\/picture><\/p>\n<p><span class=\"newsCaption\">Meghan Markle suele lucir trajes cuando asiste a eventos de negocios <span class=\"caption\">(Imagen: Getty)<\/span><span class=\"magnifier\" data-img=\"https:\/\/cdn.images.express.co.uk\/img\/dynamic\/106\/1200x712\/secondary\/Meghan-Markle-6493798.jpg?r=1760630880900\"\/><\/span><\/div>\n<div class=\"text-description\">\n<p data-mce-linkchecker-status=\"valid\">Apenas una semana antes, Meghan, de 44 a\u00f1os, y el pr\u00edncipe Harry asistieron al Festival del D\u00eda Mundial de la Salud Mental del Proyecto Healthy Minds en Nueva York. <\/p>\n<p>La duquesa opt\u00f3 por su conjunto caracter\u00edstico: un elegante traje negro de Giorgio Armani definido por l\u00edneas limpias. Su silueta era n\u00edtida pero discreta, y encarnaba su refinada visi\u00f3n del profesionalismo moderno.<\/p>\n<p>Fue la fusi\u00f3n perfecta de negocios y sofisticaci\u00f3n. Una f\u00f3rmula que Meghan ha dominado impecablemente desde que se alej\u00f3 de la vida real.<\/p>\n<\/div>\n<p><h3 class=\"subh\" id=\"Recreate-Kate-s-look-on-the-high-street-72281431\" data-toc=\"0\">Recrea el look de Kate en la calle principal:<\/h3>\n<\/p>\n<div class=\"text-description\">\n<p>Unos d\u00edas despu\u00e9s, aqu\u00ed est\u00e1 Kate, de 43 a\u00f1os, haci\u00e9ndose eco de la misma est\u00e9tica. Atr\u00e1s quedaron los tonos joya, los vestidos estampados y los vestidos de abrigo llamativos de compromisos reales pasados.<\/p>\n<p>\u00bfEn su lugar? Una rotaci\u00f3n de trajes de pantal\u00f3n estilizados en color gris pardo, oliva y camel suave: la paleta exacta que Meghan ha preferido durante a\u00f1os.<\/p>\n<p>Desde septiembre, Kate ha estado haciendo del traje pantal\u00f3n su uniforme de oto\u00f1o y lo usa una y otra vez. Desde su atrevido traje de cuadros Pr\u00edncipe de Gales hasta dise\u00f1os de Victoria Beckham.<\/p>\n<\/div>\n<div class=\"photo changeSpace\">\n<p class=\"withoutCaption\"><picture><source type=\"image\/avif\" srcset=\"https:\/\/cdn.images.express.co.uk\/img\/dynamic\/106\/1200x712\/secondary\/Prince-William-and-Princess-Kate-6493796.avif?r=1760630880928\" media=\"screen and (min-width:10000px)\"><source type=\"image\/webp\" srcset=\"https:\/\/cdn.images.express.co.uk\/img\/dynamic\/106\/1200x712\/secondary\/Prince-William-and-Princess-Kate-6493796.webp?r=1760630880928\" media=\"screen and (min-width:10000px)\"><source type=\"image\/jpeg\" srcset=\"https:\/\/cdn.images.express.co.uk\/img\/dynamic\/106\/1200x712\/secondary\/Prince-William-and-Princess-Kate-6493796.jpg?r=1760630880928\" media=\"screen and (min-width:10000px)\"><source type=\"image\/avif\" srcset=\"https:\/\/cdn.images.express.co.uk\/img\/dynamic\/106\/674x400\/secondary\/Prince-William-and-Princess-Kate-6493796.avif?r=1760630880928\" media=\"screen and (min-width:100000px)\"><source type=\"image\/webp\" srcset=\"https:\/\/cdn.images.express.co.uk\/img\/dynamic\/106\/674x400\/secondary\/Prince-William-and-Princess-Kate-6493796.webp?r=1760630880928\" media=\"screen and (min-width:100000px)\"><source type=\"image\/jpeg\" srcset=\"https:\/\/cdn.images.express.co.uk\/img\/dynamic\/106\/674x400\/secondary\/Prince-William-and-Princess-Kate-6493796.jpg?r=1760630880928\" media=\"screen and (min-width:100000px)\"><source type=\"image\/avif\" srcset=\"https:\/\/cdn.images.express.co.uk\/img\/dynamic\/106\/940x\/secondary\/Prince-William-and-Princess-Kate-6493796.avif?r=1760630880928\" media=\"screen and (min-width:1200px)\"><source type=\"image\/webp\" srcset=\"https:\/\/cdn.images.express.co.uk\/img\/dynamic\/106\/940x\/secondary\/Prince-William-and-Princess-Kate-6493796.webp?r=1760630880928\" media=\"screen and (min-width:1200px)\"><source type=\"image\/jpeg\" srcset=\"https:\/\/cdn.images.express.co.uk\/img\/dynamic\/106\/940x\/secondary\/Prince-William-and-Princess-Kate-6493796.jpg?r=1760630880928\" media=\"screen and (min-width:1200px)\"><source type=\"image\/avif\" srcset=\"https:\/\/cdn.images.express.co.uk\/img\/dynamic\/106\/590x\/secondary\/Prince-William-and-Princess-Kate-6493796.avif?r=1760630880928\" media=\"screen\"><source type=\"image\/webp\" srcset=\"https:\/\/cdn.images.express.co.uk\/img\/dynamic\/106\/590x\/secondary\/Prince-William-and-Princess-Kate-6493796.webp?r=1760630880928\" media=\"screen\"><img decoding=\"async\" class=\"zoomEnabled\" src=\"https:\/\/cdn.images.express.co.uk\/img\/dynamic\/106\/1200x712\/secondary\/Prince-William-and-Princess-Kate-6493796.jpg?r=1760630880928\" alt=\"El pr\u00edncipe William y la princesa Kate \" title=\"El pr\u00edncipe William y la princesa Kate \" width=\"590\" height=\"350\" loading=\"lazy\"\/><\/source><\/source><\/source><\/source><\/source><\/source><\/source><\/source><\/source><\/source><\/source><\/picture><\/p>\n<p><span class=\"newsCaption\">Los Pr\u00edncipes de Gales estuvieron acompa\u00f1ados por el Pr\u00edncipe Heredero y la Princesa de Jordania. <span class=\"caption\">(Imagen: Andrew Parsons \/ Palacio de Kensington)<\/span><span class=\"magnifier\" data-img=\"https:\/\/cdn.images.express.co.uk\/img\/dynamic\/106\/1200x712\/secondary\/Prince-William-and-Princess-Kate-6493796.jpg?r=1760630880928\"\/><\/span><\/div>\n<div class=\"text-description\">\n<p>A principios de este mes, la princesa Kate mostr\u00f3 su apoyo a la magnate de la moda Victoria Beckham vistiendo uno de sus trajes a medida el mismo d\u00eda en que se estren\u00f3 la serie de Netflix de la dise\u00f1adora.<\/p>\n<p>Mientras tanto, su conjunto color caramelo de Roland Mouret parec\u00eda haber salido directamente del circuito de prensa de Meghan Markle en Nueva York.<\/p>\n<p>Est\u00e1 claro que la princesa ha adoptado por completo un enfoque nuevo y elevado para vestirse poderosamente.<\/p>\n<p>Mientras que la versi\u00f3n de Meghan se inclina hacia el refinamiento de Hollywood: sastrer\u00eda elegante, tonos monocrom\u00e1ticos elegantes y blazers abiertos relajados. La interpretaci\u00f3n de Kate parece m\u00e1s sobria, refinada y claramente real.<\/p>\n<\/div>\n<div class=\"photo changeSpace\">\n<p class=\"withoutCaption\"><picture><source type=\"image\/avif\" srcset=\"https:\/\/cdn.images.express.co.uk\/img\/dynamic\/106\/1200x712\/secondary\/Princess-Kate-6493797.avif?r=1760630880937\" media=\"screen and (min-width:10000px)\"><source type=\"image\/webp\" srcset=\"https:\/\/cdn.images.express.co.uk\/img\/dynamic\/106\/1200x712\/secondary\/Princess-Kate-6493797.webp?r=1760630880937\" media=\"screen and (min-width:10000px)\"><source type=\"image\/jpeg\" srcset=\"https:\/\/cdn.images.express.co.uk\/img\/dynamic\/106\/1200x712\/secondary\/Princess-Kate-6493797.jpg?r=1760630880937\" media=\"screen and (min-width:10000px)\"><source type=\"image\/avif\" srcset=\"https:\/\/cdn.images.express.co.uk\/img\/dynamic\/106\/674x400\/secondary\/Princess-Kate-6493797.avif?r=1760630880937\" media=\"screen and (min-width:100000px)\"><source type=\"image\/webp\" srcset=\"https:\/\/cdn.images.express.co.uk\/img\/dynamic\/106\/674x400\/secondary\/Princess-Kate-6493797.webp?r=1760630880937\" media=\"screen and (min-width:100000px)\"><source type=\"image\/jpeg\" srcset=\"https:\/\/cdn.images.express.co.uk\/img\/dynamic\/106\/674x400\/secondary\/Princess-Kate-6493797.jpg?r=1760630880937\" media=\"screen and (min-width:100000px)\"><source type=\"image\/avif\" srcset=\"https:\/\/cdn.images.express.co.uk\/img\/dynamic\/106\/940x\/secondary\/Princess-Kate-6493797.avif?r=1760630880937\" media=\"screen and (min-width:1200px)\"><source type=\"image\/webp\" srcset=\"https:\/\/cdn.images.express.co.uk\/img\/dynamic\/106\/940x\/secondary\/Princess-Kate-6493797.webp?r=1760630880937\" media=\"screen and (min-width:1200px)\"><source type=\"image\/jpeg\" srcset=\"https:\/\/cdn.images.express.co.uk\/img\/dynamic\/106\/940x\/secondary\/Princess-Kate-6493797.jpg?r=1760630880937\" media=\"screen and (min-width:1200px)\"><source type=\"image\/avif\" srcset=\"https:\/\/cdn.images.express.co.uk\/img\/dynamic\/106\/590x\/secondary\/Princess-Kate-6493797.avif?r=1760630880937\" media=\"screen\"><source type=\"image\/webp\" srcset=\"https:\/\/cdn.images.express.co.uk\/img\/dynamic\/106\/590x\/secondary\/Princess-Kate-6493797.webp?r=1760630880937\" media=\"screen\"><img decoding=\"async\" class=\"zoomEnabled\" src=\"https:\/\/cdn.images.express.co.uk\/img\/dynamic\/106\/1200x712\/secondary\/Princess-Kate-6493797.jpg?r=1760630880937\" alt=\"princesa kate \" title=\"princesa kate \" width=\"590\" height=\"885\" loading=\"lazy\"\/><\/source><\/source><\/source><\/source><\/source><\/source><\/source><\/source><\/source><\/source><\/source><\/picture><\/p>\n<p><span class=\"newsCaption\">La princesa Kate fue vista volvi\u00e9ndola a usar <span class=\"caption\">(Imagen: Andrew Parsons \/ Palacio de Kensington)<\/span><span class=\"magnifier\" data-img=\"https:\/\/cdn.images.express.co.uk\/img\/dynamic\/106\/1200x712\/secondary\/Princess-Kate-6493797.jpg?r=1760630880937\"\/><\/span><\/div>\n<div class=\"text-description\">\n<p>La interpretaci\u00f3n de Kate parece claramente brit\u00e1nica: refinada, femenina y meticulosamente ajustada. Sin embargo, el mensaje detr\u00e1s de ambos es el mismo: control, confianza y autoridad moderna.<\/p>\n<p>Para dos mujeres que a menudo se enfrentan entre s\u00ed, sus guardarropas ahora parecen hablar el mismo idioma. Los trajes tonales y los accesorios minimalistas de Kate reflejan un cambio sutil pero innegable hacia el estilo de profesionalismo real moderno de Meghan.<\/p>\n<p>\u00bfCoincidencia? Tal vez. Pero como observador de la moda real, no puedo evitar ver surgir un patr\u00f3n. Uno que sugiere que incluso desde el otro lado del Atl\u00e1ntico, la influencia de Meghan en el estilo real sigue siendo suprema.<\/p>\n<\/div>\n<\/div>\n\n","protected":false},"excerpt":{"rendered":"<p>Este art\u00edculo contiene enlaces de afiliados; recibiremos una comisi\u00f3n por las ventas que generemos a partir de \u00e9l. M\u00e1s informaci\u00f3n Los Pr\u00edncipes de Gales mantuvieron un encuentro privado (Imagen: Andrew Parsons \/ Palacio de Kensington) Hubo un tiempo en el que la Princesa de Gales reinaba como la reina de los vestidos: su guardarropa se &hellip;<\/p>\n","protected":false},"author":1,"featured_media":45957,"comment_status":"open","ping_status":"open","sticky":false,"template":"","format":"standard","meta":{"fifu_image_url":"https:\/\/cdn.images.express.co.uk\/img\/dynamic\/106\/1200x630\/6494782.jpg","fifu_image_alt":"","footnotes":""},"categories":[10],"tags":[],"class_list":["post-45955","post","type-post","status-publish","format-standard","has-post-thumbnail","","category-moda"],"_links":{"self":[{"href":"https:\/\/noticiasveraces.com\/index.php?rest_route=\/wp\/v2\/posts\/45955","targetHints":{"allow":["GET"]}}],"collection":[{"href":"https:\/\/noticiasveraces.com\/index.php?rest_route=\/wp\/v2\/posts"}],"about":[{"href":"https:\/\/noticiasveraces.com\/index.php?rest_route=\/wp\/v2\/types\/post"}],"author":[{"embeddable":true,"href":"https:\/\/noticiasveraces.com\/index.php?rest_route=\/wp\/v2\/users\/1"}],"replies":[{"embeddable":true,"href":"https:\/\/noticiasveraces.com\/index.php?rest_route=%2Fwp%2Fv2%2Fcomments&post=45955"}],"version-history":[{"count":0,"href":"https:\/\/noticiasveraces.com\/index.php?rest_route=\/wp\/v2\/posts\/45955\/revisions"}],"wp:featuredmedia":[{"embeddable":true,"href":"https:\/\/noticiasveraces.com\/index.php?rest_route=\/wp\/v2\/media\/45957"}],"wp:attachment":[{"href":"https:\/\/noticiasveraces.com\/index.php?rest_route=%2Fwp%2Fv2%2Fmedia&parent=45955"}],"wp:term":[{"taxonomy":"category","embeddable":true,"href":"https:\/\/noticiasveraces.com\/index.php?rest_route=%2Fwp%2Fv2%2Fcategories&post=45955"},{"taxonomy":"post_tag","embeddable":true,"href":"https:\/\/noticiasveraces.com\/index.php?rest_route=%2Fwp%2Fv2%2Ftags&post=45955"}],"curies":[{"name":"wp","href":"https:\/\/api.w.org\/{rel}","templated":true}]}}