{"id":45920,"date":"2025-10-16T09:19:07","date_gmt":"2025-10-16T13:19:07","guid":{"rendered":"https:\/\/noticiasveraces.com\/?p=45920"},"modified":"2025-10-16T09:19:07","modified_gmt":"2025-10-16T13:19:07","slug":"el-juzgado-de-violencia-de-genero-de-badajoz-envia-a-prision-al-hombre-acusado-de-matar-a-su-pareja-atropellandola-sociedad","status":"publish","type":"post","link":"https:\/\/noticiasveraces.com\/?p=45920","title":{"rendered":"El juzgado de violencia de g\u00e9nero de Badajoz env\u00eda a prisi\u00f3n al hombre acusado de matar a su pareja atropell\u00e1ndola | Sociedad"},"content":{"rendered":"<p> \n<br \/><img decoding=\"async\" src=\"https:\/\/imagenes.elpais.com\/resizer\/v2\/NWXRPCWN7RPNJC4QYU6JAVFXUY.jpg?auth=0b0a12c99518237b3d91ed52fb9ad060c8e98aef73320ec40f3169e8a961007c\" \/><\/p>\n<div data-dtm-region=\"articulo_cuerpo\">\n<p class=\"\">El Juzgado de Violencia sobre la Mujer n\u00famero 1 de Badajoz ha decretado prisi\u00f3n provisional comunicada y sin fianza para el presunto autor del atropello mortal de su pareja sentimental, ocurrido el pasado martes en la localidad pacense de La Codosera. El Tribunal Superior de Justicia de Extremadura ha confirmado en un comunicado que el arrestado est\u00e1 siendo investigado por un presunto delito de homicidio doloso.<\/p>\n<p class=\"\">Aunque en un primer momento los indicios no apuntaban a un caso de violencia de g\u00e9nero, el caso ha sido asumido por el juzgado especializado en este tipo de cr\u00edmenes, despu\u00e9s de que la Guardia Civil haya considerado que esta es la principal l\u00ednea de investigaci\u00f3n, tras recoger nuevos testimonios y evidencias durante el mi\u00e9rcoles.<\/p>\n<p class=\"\">Los hechos ocurrieron en la noche del martes, alrededor de las 23:00 horas, en una calle situada a las afueras del municipio, una zona pr\u00f3xima a la carretera y habitualmente poco transitada. La mujer falleci\u00f3 en el acto tras ser arrollada por el veh\u00edculo. Testigos presenciales indicaron desde el primer momento que el conductor era su pareja, un hombre de 43 a\u00f1os, que fue detenido por la Guardia Civil poco despu\u00e9s del atropello. Ambos eran residentes de La Codosera, aunque el detenido trabaja habitualmente en Badajoz.<\/p>\n<p class=\"\">La Delegaci\u00f3n del Gobierno contra la Violencia de G\u00e9nero inform\u00f3 en la ma\u00f1ana del mi\u00e9rcoles que ya se estaban recabando datos para confirmar si el suceso puede ser considerado un \u201casesinato por presunta violencia de g\u00e9nero\u201d. Horas m\u00e1s tarde, y tras recibir nuevos elementos de la investigaci\u00f3n, la causa fue remitida al juzgado de violencia de g\u00e9nero competente, donde el detenido ha pasado este mismo mi\u00e9rcoles a disposici\u00f3n judicial.<\/p>\n<p class=\"\">En un primer momento, el delegado del Gobierno en Extremadura, Jos\u00e9 Luis Quintana, asegur\u00f3 que los datos recopilados por la Guardia Civil apuntaban a una ri\u00f1a familiar, concretamente una discusi\u00f3n entre los hermanos de la fallecida y el matrimonio, como origen de los hechos. Esta versi\u00f3n inicial alejaba la posibilidad de violencia de g\u00e9nero, ya que no se contaban con antecedentes ni denuncias previas por maltrato, ni constaban registros en el sistema VioG\u00e9n.<\/p>\n<p class=\"\">Sin embargo, los avances durante la jornada del mi\u00e9rcoles, incluyendo testimonios directos y el an\u00e1lisis de la relaci\u00f3n entre v\u00edctima y presunto autor, llevaron a las autoridades a considerar como principal l\u00ednea de investigaci\u00f3n un posible caso de violencia machista. \u201cInicialmente, no parec\u00eda violencia de g\u00e9nero, pero durante el d\u00eda fueron surgiendo nuevos datos y, al haber una relaci\u00f3n sentimental y testimonios que as\u00ed lo sugieren, el caso ha pasado al juzgado de violencia de g\u00e9nero\u201d, explicaba Quintana. <\/p>\n<p class=\"\">\u201cLa investigaci\u00f3n contin\u00faa, no se descartan otras hip\u00f3tesis, pero estamos obligados a explorar a fondo la posibilidad de que se trate de un crimen machista\u201d, insisti\u00f3 el delegado. Tambi\u00e9n subray\u00f3 que la jueza de violencia de g\u00e9nero ser\u00e1 la encargada de determinar, a partir de las pruebas y testimonios, si se confirma esta calificaci\u00f3n del caso o si se deben reorientar las pesquisas.<\/p>\n<p class=\"\">Quintana tambi\u00e9n aclar\u00f3 que no exist\u00edan denuncias previas entre la v\u00edctima y el detenido, ni antecedentes de violencia, lo que complic\u00f3 inicialmente la evaluaci\u00f3n de los hechos. \u201cEn estos casos, la ausencia de denuncias no es definitiva. Muchas veces no hay registros, pero la violencia puede estar presente en el \u00e1mbito privado. Por eso se ha decidido avanzar en esta l\u00ednea\u201d, explic\u00f3.<\/p>\n<p class=\"\">Varios vecinos han contado que esa noche se produjo una acalorada discusi\u00f3n entre el detenido y el cu\u00f1ado de la v\u00edctima, con quien supuestamente ten\u00eda desavenencias por motivos familiares, entre ellos, temas de herencias. Seg\u00fan algunas versiones, el atropello habr\u00eda ocurrido cuando la v\u00edctima intent\u00f3 interponerse en la discusi\u00f3n o al bajarse del coche durante el altercado.<\/p>\n<p class=\"\">Por su parte, el alcalde de La Codosera, Juan Manuel G\u00f3mez, se mostr\u00f3 consternado por los hechos y lament\u00f3 profundamente lo ocurrido. Confirm\u00f3 que la v\u00edctima era vecina del municipio, al igual que su pareja, y que ambos eran conocidos por buena parte de la poblaci\u00f3n. \u201cEs un pueblo peque\u00f1o, nos conocemos todos, y este tipo de sucesos conmocionan a toda la comunidad\u201d, afirm\u00f3. <\/p>\n<p class=\"\">En lo que va de a\u00f1o, 29<b> <\/b>mujeres han sido asesinadas por sus parejas o exparejas. Desde que arranc\u00f3 la estad\u00edstica oficial, en 2003, son 1.324 mujeres<\/p>\n<p class=\"\"><i>El tel\u00e9fono 016 atiende a las v\u00edctimas de violencia machista, a sus familias y a su entorno las 24 horas del d\u00eda, todos los d\u00edas del a\u00f1o, en 53 idiomas diferentes. El n\u00famero no queda registrado en la factura telef\u00f3nica, pero hay que borrar la llamada del dispositivo. Tambi\u00e9n se puede contactar a trav\u00e9s del correo electr\u00f3nico <\/i><i>016-online@igualdad.gob.es<\/i><i>  y por WhatsApp en el n\u00famero 600 000 016. Los menores pueden dirigirse al tel\u00e9fono de la Fundaci\u00f3n ANAR 900 20 20 10. Si es una situaci\u00f3n de emergencia, se puede llamar al 112 o a los tel\u00e9fonos de la Polic\u00eda Nacional (091) y de la Guardia Civil (062). Y en caso de no poder llamar, se puede recurrir a la aplicaci\u00f3n ALERTCOPS, desde la que se env\u00eda una se\u00f1al de alerta a la Polic\u00eda con geolocalizaci\u00f3n.<\/i><\/p>\n<\/div>\n\n","protected":false},"excerpt":{"rendered":"<p>El Juzgado de Violencia sobre la Mujer n\u00famero 1 de Badajoz ha decretado prisi\u00f3n provisional comunicada y sin fianza para el presunto autor del atropello mortal de su pareja sentimental, ocurrido el pasado martes en la localidad pacense de La Codosera. El Tribunal Superior de Justicia de Extremadura ha confirmado en un comunicado que el &hellip;<\/p>\n","protected":false},"author":1,"featured_media":45922,"comment_status":"open","ping_status":"open","sticky":false,"template":"","format":"standard","meta":{"fifu_image_url":"https:\/\/imagenes.elpais.com\/resizer\/v2\/NWXRPCWN7RPNJC4QYU6JAVFXUY.jpg?auth=0b0a12c99518237b3d91ed52fb9ad060c8e98aef73320ec40f3169e8a961007c&width=1200","fifu_image_alt":"","footnotes":""},"categories":[11],"tags":[],"class_list":["post-45920","post","type-post","status-publish","format-standard","has-post-thumbnail","","category-viaje"],"_links":{"self":[{"href":"https:\/\/noticiasveraces.com\/index.php?rest_route=\/wp\/v2\/posts\/45920","targetHints":{"allow":["GET"]}}],"collection":[{"href":"https:\/\/noticiasveraces.com\/index.php?rest_route=\/wp\/v2\/posts"}],"about":[{"href":"https:\/\/noticiasveraces.com\/index.php?rest_route=\/wp\/v2\/types\/post"}],"author":[{"embeddable":true,"href":"https:\/\/noticiasveraces.com\/index.php?rest_route=\/wp\/v2\/users\/1"}],"replies":[{"embeddable":true,"href":"https:\/\/noticiasveraces.com\/index.php?rest_route=%2Fwp%2Fv2%2Fcomments&post=45920"}],"version-history":[{"count":0,"href":"https:\/\/noticiasveraces.com\/index.php?rest_route=\/wp\/v2\/posts\/45920\/revisions"}],"wp:featuredmedia":[{"embeddable":true,"href":"https:\/\/noticiasveraces.com\/index.php?rest_route=\/wp\/v2\/media\/45922"}],"wp:attachment":[{"href":"https:\/\/noticiasveraces.com\/index.php?rest_route=%2Fwp%2Fv2%2Fmedia&parent=45920"}],"wp:term":[{"taxonomy":"category","embeddable":true,"href":"https:\/\/noticiasveraces.com\/index.php?rest_route=%2Fwp%2Fv2%2Fcategories&post=45920"},{"taxonomy":"post_tag","embeddable":true,"href":"https:\/\/noticiasveraces.com\/index.php?rest_route=%2Fwp%2Fv2%2Ftags&post=45920"}],"curies":[{"name":"wp","href":"https:\/\/api.w.org\/{rel}","templated":true}]}}