{"id":45917,"date":"2025-10-16T08:27:19","date_gmt":"2025-10-16T12:27:19","guid":{"rendered":"https:\/\/noticiasveraces.com\/?p=45917"},"modified":"2025-10-16T08:27:19","modified_gmt":"2025-10-16T12:27:19","slug":"investigan-la-desaparicion-de-un-cuadro-de-picasso-que-iba-a-exponerse-en-granada","status":"publish","type":"post","link":"https:\/\/noticiasveraces.com\/?p=45917","title":{"rendered":"Investigan la desaparici\u00f3n de un cuadro de Picasso que iba a exponerse en Granada"},"content":{"rendered":"<p> \n<\/p>\n<div>\n<p> <span rel=\"author\" class=\"fn\">con una esp\u00e1tula<\/span><\/p>\n<p> <time class=\"entry-date published updated\" datetime=\"2025-10-16T08:23:37-04:00\">octubre 16 2025, 8:23 am<\/time> <span class=\"spot-im-replies-count\" data-post-id=\"5814035\"\/><\/p>\n<figure id=\"attachment_5814084\" aria-describedby=\"caption-attachment-5814084\" style=\"width: 800px\" class=\"wp-caption alignnone\"><img fetchpriority=\"high\" decoding=\"async\" onerror=\"this.onerror=null;this.src=\" https:=\"\" class=\" wp-image-5814084\" src=\"https:\/\/sandia.datanubex.uk\/wp-content\/uploads\/2025\/10\/Captura-de-pantalla-2025-10-16-075838.jpg\" alt=\"\" width=\"800\" height=\"450\"\/><figcaption id=\"caption-attachment-5814084\" class=\"wp-caption-text\">Un visitante contempla uno de los bodegones que pueden verse en la muestra. \/ Francisco Neyra\/ Picwild<\/figcaption><\/figure>\n<\/p>\n<p>La Polic\u00eda espa\u00f1ola investiga la desaparici\u00f3n de un cuadro de Picasso, asegurado en 600.000 euros, que deb\u00eda viajar de Madrid al centro cultural CajaGranada, en el sur de Espa\u00f1a, para exponerse en el marco de una muestra, pero que no lleg\u00f3 junto al resto de piezas embaladas.<\/p>\n<p>Seg\u00fan informaron a EFE fuentes de este cuerpo de seguridad, que se hizo cargo de la investigaci\u00f3n, la denuncia se formaliz\u00f3 el pasado 10 de octubre, la desaparici\u00f3n de esta pieza de arte se est\u00e1 investigando y, de momento, no se produjeron detenciones.<\/p>\n<p><!-- Begin Mailchimp Signup Form --><\/p>\n<div id=\"mc_embed_signup\">\n<p><label for=\"mce-EMAIL\">  \u00a1\u00danete al club ahora! Suscr\u00edbete al bolet\u00edn m\u00e1s importante de Venezuela <\/label><iframe data-test-id=\"beehiiv-embed\" height=\"52\" frameborder=\"0\" scrolling=\"no\" style=\"margin: 0; border-radius: 0px !important; &#10; background-color: transparent;\" data-src=\"https:\/\/embeds.beehiiv.com\/cdab9503-16ae-4689-ad4f-1408c727a83a?slim=true\" class=\"lazyload\"><\/iframe><\/p>\n<\/div>\n<p><!--End mc_embed_signup 2--><\/p>\n<p>Tampoco se conoce en qu\u00e9 punto del trayecto entre Madrid y Granada desapareci\u00f3 la pieza, que se traslad\u00f3 junto a otras 56 obras para formar parte de la exposici\u00f3n \u2018Bodeg\u00f3n. La eternidad de lo inerte\u2019.<\/p>\n<p>Seg\u00fan adelant\u00f3 el diario \u2018Ideal\u2019 de Granada, la pieza desaparecida es \u2018Naturaleza muerta con guitarra\u2019, de propiedad privada, que se almacen\u00f3 junto al resto obras el 25 de septiembre para viajar en octubre y llegar a Granada el pasado d\u00eda 6.<\/p>\n<p>El Centro Cultural CajaGranada estren\u00f3 seg\u00fan lo previsto la exposici\u00f3n, dise\u00f1ada para redescubrir el bodeg\u00f3n, uno de los g\u00e9neros m\u00e1s antiguos y simb\u00f3licos de la historia del arte, a trav\u00e9s de piezas firmadas entre el siglo XVII y el XX.<\/p>\n<p>La Fundaci\u00f3n CajaGranada, responsable de la muestra, formaliz\u00f3 la denuncia ante la Polic\u00eda.<\/p>\n<figure id=\"attachment_5814085\" aria-describedby=\"caption-attachment-5814085\" style=\"width: 801px\" class=\"wp-caption alignnone\"><img loading=\"lazy\" decoding=\"async\" onerror=\"this.onerror=null;this.src=\" https:=\"\" class=\"wp-image-5814085 lazyload\" alt=\"\" width=\"801\" height=\"449\" src=\"https:\/\/sandia.datanubex.uk\/wp-content\/uploads\/2025\/10\/Captura-de-pantalla-2025-10-16-075848.jpg\" data-eio-rwidth=\"801\" data-eio-rheight=\"449\"\/><img loading=\"lazy\" decoding=\"async\" onerror=\"this.onerror=null;this.src=\" https:=\"\" class=\" wp-image-5814085\" src=\"https:\/\/sandia.datanubex.uk\/wp-content\/uploads\/2025\/10\/Captura-de-pantalla-2025-10-16-075848.jpg\" alt=\"\" width=\"801\" height=\"449\" data-eio=\"l\"\/><figcaption id=\"caption-attachment-5814085\" class=\"wp-caption-text\">Varias de las piezas que pueden verse en la muestra. \/ Francisco Neyra\/ Picwild<\/figcaption><\/figure>\n<\/p>\n<p>En un comunicado, CajaGranada Fundaci\u00f3n informa que el pasado 3 de octubre, como estaba previsto, la empresa de transporte lleg\u00f3 a las instalaciones del centro cultural para entregar las piezas que forman parte de la exposici\u00f3n, todas ellas procedentes de Madrid.<\/p>\n<p>\u00abEn un solo movimiento y de forma continuada\u00bb, las obras se trasladaron del furg\u00f3n al montacargas (donde entraban todas en un solo traslado) para llevarlas a la planta 1. La entrega se hizo en zona videovigilada.<\/p>\n<p>Una vez finalizado el traslado, el responsable de exposiciones, acompa\u00f1ado de los empleados de la empresa de transporte, revisaron lo entregado. Pero \u00abal no estar todos los embalajes debidamente numerados, no fue posible hacer un chequeo exhaustivo sin desembalar\u00bb, explica CajaGranada Fundaci\u00f3n.<\/p>\n<p>El responsable de exposiciones, agrega el comunicado, fue comprobando obras y colecci\u00f3n de procedencia en las cartas de porte, sin poder contrastar f\u00edsicamente con los paquetes. Una vez terminada la operaci\u00f3n, los empleados de la empresa de transporte se marcharon.<\/p>\n<p>El lunes 6 de octubre, al desembalar las piezas, que permanecieron desde el d\u00eda 3 \u00abvideovigiladas en todo momento\u00bb, sin incidencias, y con las obras ya distribuidas por las salas, la comisaria de la exposici\u00f3n y el responsable de exposiciones de la entidad detectaron la falta de un cuadro, un peque\u00f1o \u00abgouache\u00bb enmarcado de Pablo Picasso titulado \u2018Naturaleza muerta con guitarra\u2019, de 1919.<\/p>\n<p><strong>EFE<\/strong><\/p>\n<p>  <!-- CONTENT END 2 --><\/div>\n\n","protected":false},"excerpt":{"rendered":"<p>con una esp\u00e1tula octubre 16 2025, 8:23 am Un visitante contempla uno de los bodegones que pueden verse en la muestra. \/ Francisco Neyra\/ Picwild La Polic\u00eda espa\u00f1ola investiga la desaparici\u00f3n de un cuadro de Picasso, asegurado en 600.000 euros, que deb\u00eda viajar de Madrid al centro cultural CajaGranada, en el sur de Espa\u00f1a, para &hellip;<\/p>\n","protected":false},"author":1,"featured_media":45919,"comment_status":"open","ping_status":"open","sticky":false,"template":"","format":"standard","meta":{"fifu_image_url":"https:\/\/sandia.datanubex.uk\/wp-content\/uploads\/2025\/10\/Captura-de-pantalla-2025-10-16-075838.jpg","fifu_image_alt":"","footnotes":""},"categories":[13],"tags":[],"class_list":["post-45917","post","type-post","status-publish","format-standard","has-post-thumbnail","","category-mundo"],"_links":{"self":[{"href":"https:\/\/noticiasveraces.com\/index.php?rest_route=\/wp\/v2\/posts\/45917","targetHints":{"allow":["GET"]}}],"collection":[{"href":"https:\/\/noticiasveraces.com\/index.php?rest_route=\/wp\/v2\/posts"}],"about":[{"href":"https:\/\/noticiasveraces.com\/index.php?rest_route=\/wp\/v2\/types\/post"}],"author":[{"embeddable":true,"href":"https:\/\/noticiasveraces.com\/index.php?rest_route=\/wp\/v2\/users\/1"}],"replies":[{"embeddable":true,"href":"https:\/\/noticiasveraces.com\/index.php?rest_route=%2Fwp%2Fv2%2Fcomments&post=45917"}],"version-history":[{"count":0,"href":"https:\/\/noticiasveraces.com\/index.php?rest_route=\/wp\/v2\/posts\/45917\/revisions"}],"wp:featuredmedia":[{"embeddable":true,"href":"https:\/\/noticiasveraces.com\/index.php?rest_route=\/wp\/v2\/media\/45919"}],"wp:attachment":[{"href":"https:\/\/noticiasveraces.com\/index.php?rest_route=%2Fwp%2Fv2%2Fmedia&parent=45917"}],"wp:term":[{"taxonomy":"category","embeddable":true,"href":"https:\/\/noticiasveraces.com\/index.php?rest_route=%2Fwp%2Fv2%2Fcategories&post=45917"},{"taxonomy":"post_tag","embeddable":true,"href":"https:\/\/noticiasveraces.com\/index.php?rest_route=%2Fwp%2Fv2%2Ftags&post=45917"}],"curies":[{"name":"wp","href":"https:\/\/api.w.org\/{rel}","templated":true}]}}