{"id":45900,"date":"2025-10-16T05:33:02","date_gmt":"2025-10-16T09:33:02","guid":{"rendered":"https:\/\/noticiasveraces.com\/?p=45900"},"modified":"2025-10-16T05:33:02","modified_gmt":"2025-10-16T09:33:02","slug":"colombia-expresa-su-solidaridad-incondicional-a-mexico-por-lluvias-que-dejan-66-muertos-albertonews","status":"publish","type":"post","link":"https:\/\/noticiasveraces.com\/?p=45900","title":{"rendered":"Colombia expresa su \u00absolidaridad incondicional\u00bb a M\u00e9xico por lluvias que dejan 66 muertos &#8211; AlbertoNews"},"content":{"rendered":"<p> \n<\/p>\n<div>\n<p>El Gobierno colombiano expres\u00f3 este mi\u00e9rcoles sus \u00abm\u00e1s sentidas condolencias y solidaridad incondicional\u00bb a M\u00e9xico por las lluvias e inundaciones registradas en distintos estados del centro del pa\u00eds, que han dejado al menos 66 muertos y 191 comunidades aisladas.<\/p>\n<p>\u00abEl Gobierno de la Rep\u00fablica de Colombia (\u2026) expresa sus m\u00e1s sentidas condolencias y solidaridad incondicional al Gobierno y pueblo de los Estados Unidos Mexicanos por las lamentables p\u00e9rdidas humanas y las significativas afectaciones materiales ocasionadas por las fuertes precipitaciones e inundaciones\u00bb, se\u00f1al\u00f3 el Ministerio de Relaciones Exteriores en un comunicado.<\/p>\n<p>La presidenta de M\u00e9xico, Claudia Sheinbaum, afirm\u00f3 hoy que ya \u00abson 66 personas (las) que lamentablemente fallecieron y todav\u00eda no hay localizadas 75\u00bb.<\/p>\n<p>De acuerdo con la mandataria, el n\u00famero de personas reportadas como desaparecidas tambi\u00e9n ha disminuido gracias a la coordinaci\u00f3n con autoridades estatales.<\/p>\n<p>\u00abSe han localizado 103 personas a partir del tel\u00e9fono 079 que se hab\u00edan reportado tambi\u00e9n como no localizadas\u00bb, detall\u00f3.<\/p>\n<p>En ese sentido, la Canciller\u00eda colombiana se solidariz\u00f3 con \u00ablas familias de las v\u00edctimas y con todas las personas que han resultado damnificadas por la p\u00e9rdida de sus bienes y medios de vida\u00bb.<\/p>\n<p>\u00abEl Gobierno de Colombia reconoce la prontitud de las gestiones emprendidas para atender la emergencia y su disposici\u00f3n permanente para colaborar en los esfuerzos de pronta reconstrucci\u00f3n y la localizaci\u00f3n de las personas desaparecidas\u00bb, agreg\u00f3 el Ministerio.<\/p>\n<p><strong>Si quieres recibir en tu celular esta y otras informaciones descarga Telegram, ingresa al link <\/strong><strong>https:\/\/t.me\/albertorodnews<\/strong><strong> y dale click a +Unirme.  <\/strong><\/p>\n<p><strong>Alberto Noticias<\/strong><\/p>\n<\/p><\/div>\n\n","protected":false},"excerpt":{"rendered":"<p>El Gobierno colombiano expres\u00f3 este mi\u00e9rcoles sus \u00abm\u00e1s sentidas condolencias y solidaridad incondicional\u00bb a M\u00e9xico por las lluvias e inundaciones registradas en distintos estados del centro del pa\u00eds, que han dejado al menos 66 muertos y 191 comunidades aisladas. \u00abEl Gobierno de la Rep\u00fablica de Colombia (\u2026) expresa sus m\u00e1s sentidas condolencias y solidaridad incondicional &hellip;<\/p>\n","protected":false},"author":1,"featured_media":45901,"comment_status":"open","ping_status":"open","sticky":false,"template":"","format":"standard","meta":{"fifu_image_url":"https:\/\/albertonews.com\/wp-content\/uploads\/2025\/10\/image-2025-10-15T225023.458.jpg","fifu_image_alt":"","footnotes":""},"categories":[4],"tags":[],"class_list":["post-45900","post","type-post","status-publish","format-standard","has-post-thumbnail","","category-historias-destacadas"],"_links":{"self":[{"href":"https:\/\/noticiasveraces.com\/index.php?rest_route=\/wp\/v2\/posts\/45900","targetHints":{"allow":["GET"]}}],"collection":[{"href":"https:\/\/noticiasveraces.com\/index.php?rest_route=\/wp\/v2\/posts"}],"about":[{"href":"https:\/\/noticiasveraces.com\/index.php?rest_route=\/wp\/v2\/types\/post"}],"author":[{"embeddable":true,"href":"https:\/\/noticiasveraces.com\/index.php?rest_route=\/wp\/v2\/users\/1"}],"replies":[{"embeddable":true,"href":"https:\/\/noticiasveraces.com\/index.php?rest_route=%2Fwp%2Fv2%2Fcomments&post=45900"}],"version-history":[{"count":0,"href":"https:\/\/noticiasveraces.com\/index.php?rest_route=\/wp\/v2\/posts\/45900\/revisions"}],"wp:featuredmedia":[{"embeddable":true,"href":"https:\/\/noticiasveraces.com\/index.php?rest_route=\/wp\/v2\/media\/45901"}],"wp:attachment":[{"href":"https:\/\/noticiasveraces.com\/index.php?rest_route=%2Fwp%2Fv2%2Fmedia&parent=45900"}],"wp:term":[{"taxonomy":"category","embeddable":true,"href":"https:\/\/noticiasveraces.com\/index.php?rest_route=%2Fwp%2Fv2%2Fcategories&post=45900"},{"taxonomy":"post_tag","embeddable":true,"href":"https:\/\/noticiasveraces.com\/index.php?rest_route=%2Fwp%2Fv2%2Ftags&post=45900"}],"curies":[{"name":"wp","href":"https:\/\/api.w.org\/{rel}","templated":true}]}}