{"id":45895,"date":"2025-10-16T05:21:10","date_gmt":"2025-10-16T09:21:10","guid":{"rendered":"https:\/\/noticiasveraces.com\/?p=45895"},"modified":"2025-10-16T05:21:10","modified_gmt":"2025-10-16T09:21:10","slug":"mexico-esperara-a-abril-para-tomar-decision-sobre-aranceles-reciprocos-para-eeuu","status":"publish","type":"post","link":"https:\/\/noticiasveraces.com\/?p=45895","title":{"rendered":"M\u00e9xico esperar\u00e1 a abril para tomar decisi\u00f3n sobre aranceles rec\u00edprocos para EEUU"},"content":{"rendered":"<p> \n<br \/><img decoding=\"async\" src=\"https:\/\/gdb.voanews.com\/28f860bd-b8a7-4754-9d29-bef566aaac6c_w800_h450.jpg\" \/><\/p>\n<div id=\"article-content\">\n<div class=\"wsw\">\n<span class=\"dateline\">CIUDAD DE M\u00c9XICO \u2014 <\/span><\/p>\n<p>La presidenta de M\u00e9xico, Claudia Sheinbaum, dijo que esperar\u00e1 hasta el 2 de abril para decidir si aplica o no aranceles rec\u00edprocos al acero y aluminio de EEUU tras la entrada en vigencia de la tasa del 25 % que impuso el gobierno de Donald Trump a esos productos.<\/p>\n<p>En su habitual conferencia ma\u00f1anera mencion\u00f3 que aguardar\u00e1 hasta esa fecha porque es cuando el gobierno estadounidense aplicar\u00e1 su pol\u00edtica de aranceles rec\u00edprocos en general a todos los pa\u00edses con los que comercia.<\/p>\n<p>\u201cVamos a esperar al 2 de abril y a partir de ah\u00ed la definici\u00f3n nuestra si se ponen aranceles o no rec\u00edprocos tambi\u00e9n en el caso del aluminio o del acero o dependiendo tambi\u00e9n de c\u00f3mo vengan\u201d, indic\u00f3.<\/p>\n<p>El di\u00e1logo est\u00e1 abierto con funcionarios estadounidenses y este se lleva de manera respetuosa, dijo la presidenta.<\/p>\n<p>Ayer el secretario de Econom\u00eda, Marcelo Ebrard, se reuni\u00f3 con el secretario de Comercio de Estados Unidos, Howard Lutnick, y acordaron seguir con reuniones, destac\u00f3 Sheinbaum.<\/p>\n<p>\u201cVamos a esperar c\u00f3mo viene el 2 de abril para ver si nosotros tenemos que tomar tambi\u00e9n algunas acciones que sean en el mismo marco de reciprocidad igual que lo est\u00e1 haciendo el gobierno de los Estados Unidos\u201d, agreg\u00f3.<\/p>\n<p>Otra de las acciones que tomar\u00e1n, dijo, es reunirse con fabricantes del acero y aluminio en M\u00e9xico, con quienes dijo buscar\u00e1n llegar a acuerdos.<\/p>\n<p>Este mi\u00e9rcoles 12 de marzo entraron en vigor los aranceles sobre importaciones de acero y aluminio en Estados Unidos, una medida que impacta a las importaciones de Argentina, Australia, Brasil, el Reino Unido, Canad\u00e1, Jap\u00f3n, M\u00e9xico, Corea del Sur y la Uni\u00f3n Europea.<\/p>\n<p>El ministro de Finanzas de Brasil, Fernando Haddad, dijo que el pa\u00eds no tomar\u00eda represalias inmediatas contra los aranceles impuestos por Estados Unidos a las importaciones de acero y aluminio. En lugar de ello, buscar\u00e1 negociaciones con el gobierno de Estados Unidos.<\/p>\n<p>El enfoque del presidente Donald Trump sobre los aranceles desde que asumi\u00f3 el cargo en enero ha sacudido la confianza de los inversores, los consumidores y las empresas de maneras que los economistas temen que puedan causar una recesi\u00f3n en Estados Unidos y un mayor retraso en la econom\u00eda mundial.<\/p>\n<p><em>[Con informaci\u00f3n de Reuters].<\/em><\/p>\n<p><em><strong>\u00a1Con\u00e9ctate con la Voz de Am\u00e9rica! Suscr\u00edbete a nuestros canales de <\/strong><\/em><em><strong>YouTube<\/strong><\/em><em><strong>, <\/strong><\/em><em><strong>WhatsApp<\/strong><\/em><em><strong>  y al <\/strong><\/em><em><strong>hoja informativa<\/strong><\/em><em><strong>. Activa las notificaciones y s\u00edguenos en <\/strong><\/em><em><strong>Facebook<\/strong><\/em><em><strong>, <\/strong><\/em><a class=\"wsw__a\" href=\"https:\/\/nam10.safelinks.protection.outlook.com\/?url=https%3A%2F%2Ftwitter.com%2FVozdeAmerica&amp;data=05%7C02%7Cwserrano%40voanews.com%7C0b9cfda59f52447b0ed708dc07d64451%7Cba99e87c673541c2b1c1354eee3a8659%7C0%7C0%7C638393864063639904%7CUnknown%7CTWFpbGZsb3d8eyJWIjoiMC4wLjAwMDAiLCJQIjoiV2luMzIiLCJBTiI6Ik1haWwiLCJXVCI6Mn0%3D%7C3000%7C%7C%7C&amp;sdata=unLJDFixL8cjTiSip1dC8ViP8otjrQyzq1ziP2g1PMo%3D&amp;reserved=0\" target=\"_blank\"><em><strong>inc\u00f3gnita<\/strong><\/em><\/a><em><strong>  mi <\/strong><\/em><em><strong>Instagram<\/strong><\/em><em><strong>.<\/strong><\/em><\/p>\n<\/div>\n<\/div>\n<p><script async src=\"https:\/\/platform.twitter.com\/widgets.js\" charset=\"utf-8\"><\/script><script async src=\"\/\/www.instagram.com\/embed.js\"><\/script><br \/>\n<br \/>\n","protected":false},"excerpt":{"rendered":"<p>CIUDAD DE M\u00c9XICO \u2014 La presidenta de M\u00e9xico, Claudia Sheinbaum, dijo que esperar\u00e1 hasta el 2 de abril para decidir si aplica o no aranceles rec\u00edprocos al acero y aluminio de EEUU tras la entrada en vigencia de la tasa del 25 % que impuso el gobierno de Donald Trump a esos productos. En su &hellip;<\/p>\n","protected":false},"author":1,"featured_media":45897,"comment_status":"open","ping_status":"open","sticky":false,"template":"","format":"standard","meta":{"fifu_image_url":"https:\/\/gdb.voanews.com\/28f860bd-b8a7-4754-9d29-bef566aaac6c_w1200_h630.jpg","fifu_image_alt":"","footnotes":""},"categories":[13],"tags":[],"class_list":["post-45895","post","type-post","status-publish","format-standard","has-post-thumbnail","","category-mundo"],"_links":{"self":[{"href":"https:\/\/noticiasveraces.com\/index.php?rest_route=\/wp\/v2\/posts\/45895","targetHints":{"allow":["GET"]}}],"collection":[{"href":"https:\/\/noticiasveraces.com\/index.php?rest_route=\/wp\/v2\/posts"}],"about":[{"href":"https:\/\/noticiasveraces.com\/index.php?rest_route=\/wp\/v2\/types\/post"}],"author":[{"embeddable":true,"href":"https:\/\/noticiasveraces.com\/index.php?rest_route=\/wp\/v2\/users\/1"}],"replies":[{"embeddable":true,"href":"https:\/\/noticiasveraces.com\/index.php?rest_route=%2Fwp%2Fv2%2Fcomments&post=45895"}],"version-history":[{"count":0,"href":"https:\/\/noticiasveraces.com\/index.php?rest_route=\/wp\/v2\/posts\/45895\/revisions"}],"wp:featuredmedia":[{"embeddable":true,"href":"https:\/\/noticiasveraces.com\/index.php?rest_route=\/wp\/v2\/media\/45897"}],"wp:attachment":[{"href":"https:\/\/noticiasveraces.com\/index.php?rest_route=%2Fwp%2Fv2%2Fmedia&parent=45895"}],"wp:term":[{"taxonomy":"category","embeddable":true,"href":"https:\/\/noticiasveraces.com\/index.php?rest_route=%2Fwp%2Fv2%2Fcategories&post=45895"},{"taxonomy":"post_tag","embeddable":true,"href":"https:\/\/noticiasveraces.com\/index.php?rest_route=%2Fwp%2Fv2%2Ftags&post=45895"}],"curies":[{"name":"wp","href":"https:\/\/api.w.org\/{rel}","templated":true}]}}