{"id":45875,"date":"2025-10-16T01:01:02","date_gmt":"2025-10-16T05:01:02","guid":{"rendered":"https:\/\/noticiasveraces.com\/?p=45875"},"modified":"2025-10-16T01:01:02","modified_gmt":"2025-10-16T05:01:02","slug":"uruguay-aprueba-una-ley-para-legalizar-la-eutanasia-un-paso-inedito-en-america-latina","status":"publish","type":"post","link":"https:\/\/noticiasveraces.com\/?p=45875","title":{"rendered":"Uruguay aprueba una ley para legalizar la eutanasia, un paso in\u00e9dito en Am\u00e9rica Latina"},"content":{"rendered":"<p> \n<\/p>\n<div>\n<p>El Senado de Uruguay aprob\u00f3 este mi\u00e9rcoles una ley\u00a0de eutanasia, lo que sit\u00faa al pa\u00eds sudamericano entre los pocos pa\u00edses donde pacientes graves pueden obtener legalmente ayuda para terminar con sus vidas. Esto convierte a Uruguay en el primer pa\u00eds de Latinoam\u00e9rica en permitir la eutanasia por ley, ya que Colombia y Ecuador han despenalizado la pr\u00e1ctica mediante fallos de la Corte Suprema.<\/p>\n<p>El proyecto de la denominada Ley de Muerte Digna, que fue avanzando con sobresaltos durante los \u00faltimos cinco a\u00f1os, super\u00f3 su \u00faltimo obst\u00e1culo este 15 de octubre, con el voto a favor de 20 de los 31 senadores. La normativa fue respaldada por todos los legisladores del oficialismo del Frente Amplio (izquierda) as\u00ed como por algunos opositores\u00a0del Partido Colorado y del Partido Nacional.<\/p>\n<p>As\u00ed el Senado ratific\u00f3 la media sanci\u00f3n de la C\u00e1mara de Diputados, que hab\u00eda respaldado la iniciativa con amplia mayor\u00eda en agosto pasado. La medida, que seg\u00fan algunas encuestas cuenta con un apoyo en torno al 60% de la sociedad uruguaya, fue respaldada por el presidente Yamand\u00fa Orsi y celebrada por distintos dirigentes.<\/p>\n<div id=\"em-WBMZ343217-F24-ES-20251016\" class=\"m-em-flash\" data-xtwitter-script=\"\"><figcaption class=\"a-figcaption\">\n<\/figcaption><div class=\"o-em-consent \">\n<div class=\"o-em-consent__content\">\n<p class=\"o-em-consent__content__text\">Para mostrar este contenido de X (Twitter), debe autorizar las cookies de medici\u00f3n de audiencia y publicidad.<\/p>\n<p>        <button class=\"a-master-button a-master-button--dark\" data-action=\"accept\">Aceptar<i class=\"a-svg a-svg--icon-check\"\/><\/button><br \/>\n        <button class=\"a-link\" data-action=\"manage\">Gestionar mis opciones<i class=\"a-svg a-svg--icon-edit\"\/><\/button>\n    <\/div>\n<\/div>\n<\/div>\n<p>La vicepresidenta Carolina Cosse felicit\u00f3 a los senadores y remarc\u00f3 que el objetivo de la ley \u00abes regular y garantizar el derecho de las personas a transcurrir dignamente el proceso de morir\u00bb. \u00abSe trata de un hecho hist\u00f3rico, que coloca a Uruguay a la vanguardia en el abordaje de temas profundamente humanos y sensibles, y que reafirma nuestro compromiso con la dignidad, la libertad y los derechos de todas las personas\u00bb, subray\u00f3.<\/p>\n<h3><strong>Los detalles de la nueva ley de muerte digna en Uruguay<\/strong><\/h3>\n<p>El texto aprobado en Uruguay busca garantizar el derecho a \u00abtranscurrir dignamente el proceso de morir\u00bb, mediante la despenalizaci\u00f3n de la eutanasia en los mayores de edad ps\u00edquicamente aptos que atraviesen la etapa terminal de enfermedades incurables e irreversibles o que padezcan por ellas sufrimientos insoportables.<\/p>\n<p>La legislaci\u00f3n permite la eutanasia, realizada por un profesional de la salud, pero no el suicidio asistido, que implica que el paciente se autoadministre una dosis letal de la medicaci\u00f3n prescrita.<\/p>\n<div class=\"m-em-image\">\n<figure class=\"m-item-image m-item-image--original m-item-image--has-caption\">\n<picture class=\"a-picture a-picture--original\"><source type=\"image\/webp\" srcset=\"https:\/\/s.france24.com\/media\/display\/ba433154-aa3a-11f0-afe2-005056bf30b7\/w:246\/FOTO-URUGUAY-DEBATE-EUTANASIA.webp 246w,https:\/\/s.france24.com\/media\/display\/ba433154-aa3a-11f0-afe2-005056bf30b7\/w:388\/FOTO-URUGUAY-DEBATE-EUTANASIA.webp 388w,https:\/\/s.france24.com\/media\/display\/ba433154-aa3a-11f0-afe2-005056bf30b7\/w:720\/FOTO-URUGUAY-DEBATE-EUTANASIA.webp 720w,https:\/\/s.france24.com\/media\/display\/ba433154-aa3a-11f0-afe2-005056bf30b7\/w:980\/FOTO-URUGUAY-DEBATE-EUTANASIA.webp 980w\" sizes=\"(max-width: 1023px) calc(100vw - 32px), (min-width: 1024px) 850px\"><img decoding=\"async\" fetchpriority=\"low\" src=\"https:\/\/s.france24.com\/media\/display\/ba433154-aa3a-11f0-afe2-005056bf30b7\/w:980\/FOTO-URUGUAY-DEBATE-EUTANASIA.jpg\" srcset=\"https:\/\/s.france24.com\/media\/display\/ba433154-aa3a-11f0-afe2-005056bf30b7\/w:246\/FOTO-URUGUAY-DEBATE-EUTANASIA.jpg 246w,https:\/\/s.france24.com\/media\/display\/ba433154-aa3a-11f0-afe2-005056bf30b7\/w:388\/FOTO-URUGUAY-DEBATE-EUTANASIA.jpg 388w,https:\/\/s.france24.com\/media\/display\/ba433154-aa3a-11f0-afe2-005056bf30b7\/w:720\/FOTO-URUGUAY-DEBATE-EUTANASIA.jpg 720w,https:\/\/s.france24.com\/media\/display\/ba433154-aa3a-11f0-afe2-005056bf30b7\/w:980\/FOTO-URUGUAY-DEBATE-EUTANASIA.jpg 980w\" sizes=\"(max-width: 1023px) calc(100vw - 32px), (min-width: 1024px) 850px\" alt=\"El senador Ope Pasquet habla sobre un proyecto de ley para legalizar la eutanasia, en Montevideo, Uruguay, el 15 de octubre de 2025.\" style=\"max-height:478px\" loading=\"lazy\" class=\"a-img \"\/><\/source><\/picture><figcaption class=\"a-figcaption\">\n                <span>El senador Ope Pasquet habla sobre un proyecto de ley para legalizar la eutanasia, en Montevideo, Uruguay, el 15 de octubre de 2025.<\/span>                <span>\u00a9 Matilde Campod\u00f3nico \/ AP<\/span>            <\/figcaption><\/figure>\n<\/p><\/div>\n<p>A diferencia de las leyes de los estados de EE. UU., Australia y Nueva Zelanda, que restringen la eutanasia a personas con una esperanza de vida de no m\u00e1s de seis meses o un a\u00f1o, Uruguay no establece l\u00edmites de tiempo.<\/p>\n<p>Adem\u00e1s, exige que quienes soliciten la eutanasia sean mentalmente competentes. Si bien la ley no proh\u00edbe por completo la eutanasia para personas con trastornos mentales como la depresi\u00f3n, exige que dos m\u00e9dicos determinen que los pacientes est\u00e1n psicol\u00f3gicamente aptos para tomar la decisi\u00f3n.<\/p>\n<h3><strong>Un trayecto con altibajos que pone a Uruguay otra vez a la vanguardia<\/strong><\/h3>\n<p>En el recinto estuvo presente Beatriz Gel\u00f3s, una docente de 71 a\u00f1os que\u00a0convive desde los 52 con la Esclerosis Lateral Amiotr\u00f3fica (ELA), una enfermedad neurodegenerativa que causa una par\u00e1lisis progresiva de los m\u00fasculos hasta provocar la muerte del paciente.<\/p>\n<p>Su historia se convirti\u00f3 en s\u00edmbolo del debate y, antes de la sesi\u00f3n en el Senado, hab\u00eda destacado el texto como\u00a0\u00abuna ley de compasi\u00f3n, muy humana, muy bien redactada\u00bb. Para ella hab\u00eda \u00abllegado el momento\u00bb de cerrar el debate y a quienes se oponen a la eutanasia, les dice que \u00abno tienen idea lo que es vivir as\u00ed\u00bb.<\/p>\n<div class=\"m-em-image\">\n<figure class=\"m-item-image m-item-image--original m-item-image--has-caption\">\n<picture class=\"a-picture a-picture--original\"><source type=\"image\/webp\" srcset=\"https:\/\/s.france24.com\/media\/display\/06e960b4-aa3b-11f0-932a-005056bfb2b6\/w:246\/FOTO-URUGUAY-EUTANASIA-GELOS.webp 246w,https:\/\/s.france24.com\/media\/display\/06e960b4-aa3b-11f0-932a-005056bfb2b6\/w:388\/FOTO-URUGUAY-EUTANASIA-GELOS.webp 388w,https:\/\/s.france24.com\/media\/display\/06e960b4-aa3b-11f0-932a-005056bfb2b6\/w:720\/FOTO-URUGUAY-EUTANASIA-GELOS.webp 720w,https:\/\/s.france24.com\/media\/display\/06e960b4-aa3b-11f0-932a-005056bfb2b6\/w:980\/FOTO-URUGUAY-EUTANASIA-GELOS.webp 980w\" sizes=\"(max-width: 1023px) calc(100vw - 32px), (min-width: 1024px) 850px\"><img decoding=\"async\" fetchpriority=\"low\" src=\"https:\/\/s.france24.com\/media\/display\/06e960b4-aa3b-11f0-932a-005056bfb2b6\/w:980\/FOTO-URUGUAY-EUTANASIA-GELOS.jpg\" srcset=\"https:\/\/s.france24.com\/media\/display\/06e960b4-aa3b-11f0-932a-005056bfb2b6\/w:246\/FOTO-URUGUAY-EUTANASIA-GELOS.jpg 246w,https:\/\/s.france24.com\/media\/display\/06e960b4-aa3b-11f0-932a-005056bfb2b6\/w:388\/FOTO-URUGUAY-EUTANASIA-GELOS.jpg 388w,https:\/\/s.france24.com\/media\/display\/06e960b4-aa3b-11f0-932a-005056bfb2b6\/w:720\/FOTO-URUGUAY-EUTANASIA-GELOS.jpg 720w,https:\/\/s.france24.com\/media\/display\/06e960b4-aa3b-11f0-932a-005056bfb2b6\/w:980\/FOTO-URUGUAY-EUTANASIA-GELOS.jpg 980w\" sizes=\"(max-width: 1023px) calc(100vw - 32px), (min-width: 1024px) 850px\" alt=\"Beatriz Gel\u00f3s, una mujer con esclerosis lateral amiotr\u00f3fica (ELA), sale del Senado tras asistir a parte de la sesi\u00f3n sobre el proyecto de ley para legalizar la eutanasia, en Montevideo, Uruguay, el 15 de octubre de 2025.\" style=\"max-height:478px\" loading=\"lazy\" class=\"a-img \"\/><\/source><\/picture><figcaption class=\"a-figcaption\">\n                <span>Beatriz Gel\u00f3s, una mujer con esclerosis lateral amiotr\u00f3fica (ELA), sale del Senado tras asistir a parte de la sesi\u00f3n sobre el proyecto de ley para legalizar la eutanasia, en Montevideo, Uruguay, el 15 de octubre de 2025.<\/span>                <span>\u00a9 Matilde Campod\u00f3nico \/ AP<\/span>            <\/figcaption><\/figure>\n<\/p><\/div>\n<p>La mayor oposici\u00f3n a la eutanasia en Uruguay provino de la Iglesia Cat\u00f3lica. Sin embargo, la secularizaci\u00f3n ha erosionado la resistencia a la pr\u00e1ctica en este pa\u00eds de 3,5 millones de habitantes, que proh\u00edbe cualquier menci\u00f3n de Dios en los juramentos de cargo y declara la Navidad como el \u00abD\u00eda de la Familia\u00bb.<\/p>\n<p>La aprobaci\u00f3n de la ley consolida la reputaci\u00f3n de Uruguay como uno de los pa\u00edses con mayor liberalismo social de la regi\u00f3n. El pa\u00eds fue el primero del mundo en legalizar la marihuana para uso recreativo y aprob\u00f3 una legislaci\u00f3n pionera que permite el matrimonio entre personas del mismo sexo y el aborto hace m\u00e1s de una d\u00e9cada.<\/p>\n<p>As\u00ed, Uruguay se suma a otros ocho pa\u00edses que permiten la eutanasia:\u00a0Espa\u00f1a,\u00a0Pa\u00edses Bajos, Canad\u00e1, Nueva Zelanda, Ecuador, Colombia,\u00a0B\u00e9lgica\u00a0y Luxemburgo.<\/p>\n<p>En tanto, en Chile, el presidente Gabriel Boric reanud\u00f3 recientemente la iniciativa para la aprobaci\u00f3n de un proyecto de ley sobre eutanasia, estancado desde hace tiempo en el Senado.<\/p>\n<p>Con EFE, AFP y AP<\/p>\n<\/p><\/div>\n\n","protected":false},"excerpt":{"rendered":"<p>El Senado de Uruguay aprob\u00f3 este mi\u00e9rcoles una ley\u00a0de eutanasia, lo que sit\u00faa al pa\u00eds sudamericano entre los pocos pa\u00edses donde pacientes graves pueden obtener legalmente ayuda para terminar con sus vidas. Esto convierte a Uruguay en el primer pa\u00eds de Latinoam\u00e9rica en permitir la eutanasia por ley, ya que Colombia y Ecuador han despenalizado &hellip;<\/p>\n","protected":false},"author":1,"featured_media":45877,"comment_status":"open","ping_status":"open","sticky":false,"template":"","format":"standard","meta":{"fifu_image_url":"https:\/\/s.france24.com\/media\/display\/184614de-aa3a-11f0-a6e6-005056a90284\/w:1280\/p:16x9\/FOTO-PORTADA-URUGUAY-LEY-EUTANASIA.jpg","fifu_image_alt":"","footnotes":""},"categories":[13],"tags":[],"class_list":["post-45875","post","type-post","status-publish","format-standard","has-post-thumbnail","","category-mundo"],"_links":{"self":[{"href":"https:\/\/noticiasveraces.com\/index.php?rest_route=\/wp\/v2\/posts\/45875","targetHints":{"allow":["GET"]}}],"collection":[{"href":"https:\/\/noticiasveraces.com\/index.php?rest_route=\/wp\/v2\/posts"}],"about":[{"href":"https:\/\/noticiasveraces.com\/index.php?rest_route=\/wp\/v2\/types\/post"}],"author":[{"embeddable":true,"href":"https:\/\/noticiasveraces.com\/index.php?rest_route=\/wp\/v2\/users\/1"}],"replies":[{"embeddable":true,"href":"https:\/\/noticiasveraces.com\/index.php?rest_route=%2Fwp%2Fv2%2Fcomments&post=45875"}],"version-history":[{"count":0,"href":"https:\/\/noticiasveraces.com\/index.php?rest_route=\/wp\/v2\/posts\/45875\/revisions"}],"wp:featuredmedia":[{"embeddable":true,"href":"https:\/\/noticiasveraces.com\/index.php?rest_route=\/wp\/v2\/media\/45877"}],"wp:attachment":[{"href":"https:\/\/noticiasveraces.com\/index.php?rest_route=%2Fwp%2Fv2%2Fmedia&parent=45875"}],"wp:term":[{"taxonomy":"category","embeddable":true,"href":"https:\/\/noticiasveraces.com\/index.php?rest_route=%2Fwp%2Fv2%2Fcategories&post=45875"},{"taxonomy":"post_tag","embeddable":true,"href":"https:\/\/noticiasveraces.com\/index.php?rest_route=%2Fwp%2Fv2%2Ftags&post=45875"}],"curies":[{"name":"wp","href":"https:\/\/api.w.org\/{rel}","templated":true}]}}