{"id":45869,"date":"2025-10-16T00:09:08","date_gmt":"2025-10-16T04:09:08","guid":{"rendered":"https:\/\/noticiasveraces.com\/?p=45869"},"modified":"2025-10-16T00:09:08","modified_gmt":"2025-10-16T04:09:08","slug":"un-nuevo-analisis-revela-una-fuerte-caida-en-la-identificacion-de-personas-transgenero-en-los-campus-universitarios","status":"publish","type":"post","link":"https:\/\/noticiasveraces.com\/?p=45869","title":{"rendered":"Un nuevo an\u00e1lisis revela una fuerte ca\u00edda en la identificaci\u00f3n de personas transg\u00e9nero en los campus universitarios"},"content":{"rendered":"<p> \n<\/p>\n<div>\n<div id=\"beyondwords-wrapper\" class=\"beyondwords-wrapper\">\n<p><span class=\"label-bg\">NUEVO<\/span>\u00a1Ahora puedes escuchar los art\u00edculos de Fox News!\n  <\/p>\n<\/div>\n<p class=\"speakable\">La tendencia de la identificaci\u00f3n trans entre los j\u00f3venes parece estar perdiendo impulso.<\/p>\n<p class=\"speakable\">Datos recientes tomados de campus universitarios muestran una fuerte disminuci\u00f3n en el n\u00famero de miembros de la Generaci\u00f3n Z que se identifican como transg\u00e9nero en los \u00faltimos tres a\u00f1os.<\/p>\n<p>Eric Kaufmann, profesor de pol\u00edtica en la Universidad de Buckingham, realiz\u00f3 su propio an\u00e1lisis de una gran encuesta realizada a estudiantes universitarios estadounidenses, que inclu\u00eda una pregunta en la que se les ped\u00eda que identificaran su g\u00e9nero.<\/p>\n<p><strong><u>CIRUG\u00cdAS TRANS AUMENTA EL RIESGO DE CONDICIONES DE SALUD MENTAL E IDEAS SUICIDAS: ESTUDIO<\/u><\/strong><\/p>\n<p>Cualquier cosa que no sea un hombre o una mujer se considera \u00abg\u00e9nero no conforme\u00bb, comparti\u00f3 la organizaci\u00f3n encuestadora con Fox News Digital.<\/p>\n<p>Las posibles respuestas se enumeran a continuaci\u00f3n.<\/p>\n<ul>\n<li>Hombre<\/li>\n<li>Mujer<\/li>\n<li>no binario<\/li>\n<li>Agendas<\/li>\n<li>G\u00e9nero queer o g\u00e9nero fluido<\/li>\n<li>Inseguro<\/li>\n<li>Prefiero no decir<\/li>\n<\/ul>\n<p>En la encuesta de 2025 a 68.000 estudiantes, solo el 3,6% de los encuestados se identificaron como de un g\u00e9nero distinto al masculino o femenino. <\/p>\n<p><strong><u>LOS TRATAMIENTOS PARA LA DISFORIA DE G\u00c9NERO PRESENTAN &#8216;RIESGOS SIGNIFICATIVOS&#8217; PARA NI\u00d1OS Y ADOLESCENTES, REVELA UN INFORME DEL HHS<\/u><\/strong><\/p>\n<p>\u00abEn comparaci\u00f3n, la cifra fue del 5,2% en 2024 y del 6,8% tanto en 2022 como en 2023\u00bb, escribi\u00f3 Kaufmann en su an\u00e1lisis, publicado en UnHerd.com. <\/p>\n<p>\u00abEn otras palabras, la proporci\u00f3n de estudiantes identificados como trans se ha reducido a la mitad en s\u00f3lo dos a\u00f1os\u00bb.<\/p>\n<blockquote class=\"pull-quote\">\n<p class=\"quote-text\">\u00abLa proporci\u00f3n de estudiantes identificados como trans se ha reducido a la mitad en s\u00f3lo dos a\u00f1os\u00bb.<\/p>\n<p> <!----><\/p><\/blockquote>\n<p>El informe tambi\u00e9n encontr\u00f3 que, seg\u00fan Kaufmann, la \u00abidentidad sexual no conforme\u00bb ha disminuido dr\u00e1sticamente. Quienes se identifican como gays o lesbianas se mantuvieron \u00abestables\u00bb, aunque la heterosexualidad ha aumentado 10 puntos desde 2023.<\/p>\n<p>Adem\u00e1s, en 2024-2025, menos estudiantes universitarios de primer a\u00f1o se identificaron como \u00abtrans o queer\u00bb en comparaci\u00f3n con los estudiantes de \u00faltimo a\u00f1o, lo que es lo opuesto a lo que ocurri\u00f3 en el a\u00f1o 2022-2023.<\/p>\n<p>\u00abEsto sugiere que la inconformidad de g\u00e9nero\/sexual seguir\u00e1 disminuyendo\u00bb, escribi\u00f3 Kaufmann en una publicaci\u00f3n X compartiendo los datos.<\/p>\n<div class=\"image-ct inline\">\n<div class=\"m\"><picture><source media=\"(max-width: 767px)\" srcset=\"https:\/\/a57.foxnews.com\/static.foxnews.com\/foxnews.com\/content\/uploads\/2025\/10\/343\/192\/college-students-transgender-trends.jpg?ve=1&amp;tl=1, https:\/\/a57.foxnews.com\/static.foxnews.com\/foxnews.com\/content\/uploads\/2025\/10\/686\/384\/college-students-transgender-trends.jpg?ve=1&amp;tl=1 2x\" height=\"192\" width=\"343\"><source media=\"(min-width: 768px) and (max-width: 1023px)\" srcset=\"https:\/\/a57.foxnews.com\/static.foxnews.com\/foxnews.com\/content\/uploads\/2025\/10\/672\/378\/college-students-transgender-trends.jpg?ve=1&amp;tl=1, https:\/\/a57.foxnews.com\/static.foxnews.com\/foxnews.com\/content\/uploads\/2025\/10\/1344\/756\/college-students-transgender-trends.jpg?ve=1&amp;tl=1 2x\" height=\"378\" width=\"672\"><source media=\"(min-width: 1024px) and (max-width: 1279px)\" srcset=\"https:\/\/a57.foxnews.com\/static.foxnews.com\/foxnews.com\/content\/uploads\/2025\/10\/931\/523\/college-students-transgender-trends.jpg?ve=1&amp;tl=1, https:\/\/a57.foxnews.com\/static.foxnews.com\/foxnews.com\/content\/uploads\/2025\/10\/1862\/1046\/college-students-transgender-trends.jpg?ve=1&amp;tl=1 2x\" height=\"523\" width=\"931\"><source media=\"(min-width: 1280px)\" srcset=\"https:\/\/a57.foxnews.com\/static.foxnews.com\/foxnews.com\/content\/uploads\/2025\/10\/720\/405\/college-students-transgender-trends.jpg?ve=1&amp;tl=1, https:\/\/a57.foxnews.com\/static.foxnews.com\/foxnews.com\/content\/uploads\/2025\/10\/1440\/810\/college-students-transgender-trends.jpg?ve=1&amp;tl=1 2x\" height=\"405\" width=\"720\"><img loading=\"lazy\" decoding=\"async\" src=\"https:\/\/a57.foxnews.com\/static.foxnews.com\/foxnews.com\/content\/uploads\/2025\/10\/1200\/675\/college-students-transgender-trends.jpg?ve=1&amp;tl=1\" alt=\"Estudiantes universitarios estudiando juntos\" width=\"1200\" height=\"675\"\/><\/source><\/source><\/source><\/source><\/picture><\/div>\n<div class=\"info\">\n<div class=\"caption\">\n<p><span>Datos recientes de campus universitarios muestran una fuerte disminuci\u00f3n en el n\u00famero de miembros de la Generaci\u00f3n Z que se identifican como transg\u00e9nero en los \u00faltimos tres a\u00f1os.<\/span> <span>(iStock)<\/span><\/p>\n<\/div>\n<\/div>\n<\/div>\n<p>La encuesta anual, College Free Speech Rankings, la lleva a cabo la Fundaci\u00f3n para los Derechos y la Expresi\u00f3n Individuales (FIRE), con sede en Filadelfia, Pensilvania. <\/p>\n<p>El objetivo es recopilar las opiniones de los estudiantes sobre la libertad de expresi\u00f3n, junto con informaci\u00f3n demogr\u00e1fica como el g\u00e9nero.<\/p>\n<p>Kaufmann realiz\u00f3 sus an\u00e1lisis utilizando seis a\u00f1os de datos demogr\u00e1ficos de la encuesta, confirm\u00f3 FIRE a Fox News Digital. <\/p>\n<p><strong><u>SE PUEDEN HABER REALIZADO CIRUG\u00cdAS DE EXTRACCI\u00d3N DE SENOS PARA &#8216;AFIRMAR EL G\u00c9NERO&#8217; EN CIENTOS DE NI\u00d1AS J\u00d3VENES DESDE 2017<\/u><\/strong><\/p>\n<p>Su informe independiente, \u00abEl declive de la identidad trans y queer entre los j\u00f3venes estadounidenses\u00bb, fue publicado por el Centro de Ciencias Sociales Heterodoxas y no ha sido revisado por pares.<\/p>\n<p>\u00abNuestra encuesta analiza las actitudes de los estudiantes hacia la libre expresi\u00f3n y se realiza con ese prop\u00f3sito\u00bb, dijo FIRE a Fox News Digital. \u00abComo efecto secundario de hacer preguntas demogr\u00e1ficas a tantos encuestados, se pueden detectar tendencias demogr\u00e1ficas, como lo ha hecho el profesor Kaufmann aqu\u00ed\u00bb.<\/p>\n<h2><strong>Razones del declive<\/strong><\/h2>\n<p>Kaufmann dijo que cree que la mejora de la salud mental probablemente influy\u00f3 en el cambio.<\/p>\n<p>\u00abLos estudiantes menos ansiosos y, especialmente, los deprimidos est\u00e1n vinculados con una proporci\u00f3n menor que se identifica como trans, queer o bisexual\u00bb, escribi\u00f3.<\/p>\n<div class=\"image-ct inline\">\n<div class=\"m\"><picture><source media=\"(max-width: 767px)\" srcset=\"https:\/\/a57.foxnews.com\/static.foxnews.com\/foxnews.com\/content\/uploads\/2023\/08\/343\/192\/students-college-campus.jpg?ve=1&amp;tl=1, https:\/\/a57.foxnews.com\/static.foxnews.com\/foxnews.com\/content\/uploads\/2023\/08\/686\/384\/students-college-campus.jpg?ve=1&amp;tl=1 2x\" height=\"192\" width=\"343\"><source media=\"(min-width: 768px) and (max-width: 1023px)\" srcset=\"https:\/\/a57.foxnews.com\/static.foxnews.com\/foxnews.com\/content\/uploads\/2023\/08\/672\/378\/students-college-campus.jpg?ve=1&amp;tl=1, https:\/\/a57.foxnews.com\/static.foxnews.com\/foxnews.com\/content\/uploads\/2023\/08\/1344\/756\/students-college-campus.jpg?ve=1&amp;tl=1 2x\" height=\"378\" width=\"672\"><source media=\"(min-width: 1024px) and (max-width: 1279px)\" srcset=\"https:\/\/a57.foxnews.com\/static.foxnews.com\/foxnews.com\/content\/uploads\/2023\/08\/931\/523\/students-college-campus.jpg?ve=1&amp;tl=1, https:\/\/a57.foxnews.com\/static.foxnews.com\/foxnews.com\/content\/uploads\/2023\/08\/1862\/1046\/students-college-campus.jpg?ve=1&amp;tl=1 2x\" height=\"523\" width=\"931\"><source media=\"(min-width: 1280px)\" srcset=\"https:\/\/a57.foxnews.com\/static.foxnews.com\/foxnews.com\/content\/uploads\/2023\/08\/720\/405\/students-college-campus.jpg?ve=1&amp;tl=1, https:\/\/a57.foxnews.com\/static.foxnews.com\/foxnews.com\/content\/uploads\/2023\/08\/1440\/810\/students-college-campus.jpg?ve=1&amp;tl=1 2x\" height=\"405\" width=\"720\"><img loading=\"lazy\" decoding=\"async\" src=\"https:\/\/a57.foxnews.com\/static.foxnews.com\/foxnews.com\/content\/uploads\/2023\/08\/1200\/675\/students-college-campus.jpg?ve=1&amp;tl=1\" alt=\"Estudiantes en el campus universitario\" width=\"1200\" height=\"675\"\/><\/source><\/source><\/source><\/source><\/picture><\/div>\n<div class=\"info\">\n<div class=\"caption\">\n<p><span>La mejora de la salud mental probablemente influy\u00f3 en el cambio entre los estudiantes universitarios, afirm\u00f3 el profesor que realiz\u00f3 el an\u00e1lisis.<\/span> <span>(Bibliotecas Jhu Sheridan\/Gado\/Getty Images)<\/span><\/p>\n<\/div>\n<\/div>\n<\/div>\n<p>La ca\u00edda tambi\u00e9n podr\u00eda indicar la desaparici\u00f3n de una tendencia, a\u00f1adi\u00f3 Kaufmann.<\/p>\n<p>\u00abLa ca\u00edda de lo trans y lo queer parece muy similar al desvanecimiento de una moda o tendencia\u00bb, escribi\u00f3. \u00abOcurri\u00f3 en gran medida independientemente de los cambios en las creencias pol\u00edticas y el uso de las redes sociales, aunque la mejora de la salud mental influy\u00f3\u00bb.<\/p>\n<blockquote class=\"pull-quote\">\n<p class=\"quote-text\">\u00abTal vez los j\u00f3venes se est\u00e1n dando cuenta de que no tienen que anunciar o etiquetar todo sobre s\u00ed mismos para que sea v\u00e1lido\u00bb.<\/p>\n<p> <!----><\/p><\/blockquote>\n<p>El Dr. Marc Siegel, analista m\u00e9dico senior de Fox News, se\u00f1al\u00f3 que el estudio es \u00abmuy interesante\u00bb, pero no se\u00f1ala la causa del descenso.<\/p>\n<p><strong><u>HAGA CLIC AQU\u00cd PARA OBTENER LA APLICACI\u00d3N FOX NEWS<\/u><\/strong><\/p>\n<p>\u00abPlantea m\u00e1s preguntas de las que responde\u00bb, dijo a Fox News Digital el m\u00e9dico, que no particip\u00f3 en la encuesta. \u00ab\u00bfPodr\u00eda el cambio deberse a un clima cultural cambiante? \u00bfMenos presi\u00f3n pol\u00edtica de los padres y la sociedad? \u00bfPodr\u00eda deberse a la idea de que la disforia de g\u00e9nero se resuelve en muchos casos?\u00bb<\/p>\n<div class=\"image-ct inline\">\n<div class=\"m\"><picture><source media=\"(max-width: 767px)\" srcset=\"https:\/\/a57.foxnews.com\/static.foxnews.com\/foxnews.com\/content\/uploads\/2022\/09\/343\/192\/istock1.jpg?ve=1&amp;tl=1, https:\/\/a57.foxnews.com\/static.foxnews.com\/foxnews.com\/content\/uploads\/2022\/09\/686\/384\/istock1.jpg?ve=1&amp;tl=1 2x\" height=\"192\" width=\"343\"><source media=\"(min-width: 768px) and (max-width: 1023px)\" srcset=\"https:\/\/a57.foxnews.com\/static.foxnews.com\/foxnews.com\/content\/uploads\/2022\/09\/672\/378\/istock1.jpg?ve=1&amp;tl=1, https:\/\/a57.foxnews.com\/static.foxnews.com\/foxnews.com\/content\/uploads\/2022\/09\/1344\/756\/istock1.jpg?ve=1&amp;tl=1 2x\" height=\"378\" width=\"672\"><source media=\"(min-width: 1024px) and (max-width: 1279px)\" srcset=\"https:\/\/a57.foxnews.com\/static.foxnews.com\/foxnews.com\/content\/uploads\/2022\/09\/931\/523\/istock1.jpg?ve=1&amp;tl=1, https:\/\/a57.foxnews.com\/static.foxnews.com\/foxnews.com\/content\/uploads\/2022\/09\/1862\/1046\/istock1.jpg?ve=1&amp;tl=1 2x\" height=\"523\" width=\"931\"><source media=\"(min-width: 1280px)\" srcset=\"https:\/\/a57.foxnews.com\/static.foxnews.com\/foxnews.com\/content\/uploads\/2022\/09\/720\/405\/istock1.jpg?ve=1&amp;tl=1, https:\/\/a57.foxnews.com\/static.foxnews.com\/foxnews.com\/content\/uploads\/2022\/09\/1440\/810\/istock1.jpg?ve=1&amp;tl=1 2x\" height=\"405\" width=\"720\"><img loading=\"lazy\" decoding=\"async\" src=\"https:\/\/a57.foxnews.com\/static.foxnews.com\/foxnews.com\/content\/uploads\/2022\/09\/1200\/675\/istock1.jpg?ve=1&amp;tl=1\" alt=\"la mujer piensa profundamente\" width=\"1200\" height=\"675\"\/><\/source><\/source><\/source><\/source><\/picture><\/div>\n<div class=\"info\">\n<div class=\"caption\">\n<p><span>En lugar de rechazar qui\u00e9nes son, los j\u00f3venes pueden simplemente estar cansados \u200b\u200bde sentirse presionados a definir cada emoci\u00f3n o diferencia con una nueva identidad, sugiri\u00f3 un psicoterapeuta. <\/span> <span>(iStock)<\/span><\/p>\n<\/div>\n<\/div>\n<\/div>\n<p>Siegel tambi\u00e9n se pregunt\u00f3 si el intento de \u00abnormalizar\u00bb estas opciones y \u00absuperar la estigmatizaci\u00f3n\u00bb podr\u00eda haber sido en algunos casos una reacci\u00f3n exagerada, algo que ahora se est\u00e1 reduciendo.<\/p>\n<p>\u00ab\u00bfO la estigmatizaci\u00f3n est\u00e1 aumentando de nuevo, haciendo que los estudiantes se muestren reacios a declararse no binarios?\u00bb pregunt\u00f3. \u00abEsto debe estudiarse m\u00e1s a fondo\u00bb.<\/p>\n<p><strong><u>PRUEBA CON NUESTRO \u00daLTIMO QUIZ DE ESTILO DE VIDA<\/u><\/strong><\/p>\n<p>Jonathan Alpert, psicoterapeuta de la ciudad de Nueva York, dijo que este cambio probablemente marca una \u00abcorrecci\u00f3n natural\u00bb.<\/p>\n<p>\u00abDurante un tiempo, ense\u00f1amos a los j\u00f3venes a sobreinterpretar cada sentimiento. La cultura terap\u00e9utica les dec\u00eda que cada malestar necesitaba una etiqueta o un diagn\u00f3stico\u00bb, dijo a Fox News Digital Alpert, quien tampoco form\u00f3 parte del an\u00e1lisis ni de la encuesta. \u00abPara algunos, esa etiqueta se convirti\u00f3 en &#8216;no binaria&#8217;: no \u200b\u200bidentificarse con un g\u00e9nero\u00bb.<\/p>\n<p><strong><u>HAGA CLIC AQU\u00cd PARA SUSCRIBIRSE A NUESTRO BOLET\u00cdN DE SALUD<\/u><\/strong><\/p>\n<p>Seg\u00fan Alpert, estos resultados no significan necesariamente que menos personas se identifiquen como transg\u00e9nero: \u00abse trata principalmente de que menos personas se identifiquen como no binarias, que es algo muy diferente\u00bb.<\/p>\n<p>En lugar de rechazar qui\u00e9nes son, dijo Alpert, los j\u00f3venes pueden simplemente estar cansados \u200b\u200bde sentirse presionados a definir cada emoci\u00f3n o diferencia con una nueva identidad. <\/p>\n<p>\u00abAs\u00ed que, en esencia, lo que se est\u00e1 desacelerando es el rendimiento, al menos seg\u00fan lo que mostr\u00f3 este estudio\u00bb, afirm\u00f3. \u00abHace unos a\u00f1os, la identidad era tratada casi como una insignia social. Ahora, tal vez los j\u00f3venes se est\u00e9n dando cuenta de que no tienen que anunciar o etiquetar todo sobre s\u00ed mismos para que sea v\u00e1lido\u00bb.<\/p>\n<p><strong><u>HAGA CLIC AQU\u00cd PARA M\u00c1S HISTORIAS DE SALUD<\/u><\/strong><\/p>\n<p>Alpert dijo que ve este mismo patr\u00f3n en su propia pr\u00e1ctica terap\u00e9utica.<\/p>\n<p>\u00abUna vez que las personas se sienten m\u00e1s c\u00f3modas con qui\u00e9nes son, dejan de necesitar definirse a s\u00ed mismas de manera tan r\u00edgida. Para m\u00ed, eso es una se\u00f1al de una creciente seguridad en s\u00ed mismas, no de intolerancia\u00bb.<\/p>\n<p>Fox News Digital se acerc\u00f3 a Kaufmann para solicitar comentarios adicionales.<\/p>\n<p> <!----> <\/p>\n<div class=\"article-meta\">\n<div class=\"author-bio\">\n<p>Melissa Rudy es editora senior de salud y miembro del equipo de estilo de vida de Fox News Digital. Se pueden enviar consejos sobre historias a melissa.rudy@fox.com.<\/p>\n<\/div>\n<\/div>\n<\/div>\n\n","protected":false},"excerpt":{"rendered":"<p>NUEVO\u00a1Ahora puedes escuchar los art\u00edculos de Fox News! La tendencia de la identificaci\u00f3n trans entre los j\u00f3venes parece estar perdiendo impulso. Datos recientes tomados de campus universitarios muestran una fuerte disminuci\u00f3n en el n\u00famero de miembros de la Generaci\u00f3n Z que se identifican como transg\u00e9nero en los \u00faltimos tres a\u00f1os. Eric Kaufmann, profesor de pol\u00edtica &hellip;<\/p>\n","protected":false},"author":1,"featured_media":45871,"comment_status":"open","ping_status":"open","sticky":false,"template":"","format":"standard","meta":{"fifu_image_url":"https:\/\/a57.foxnews.com\/static.foxnews.com\/foxnews.com\/content\/uploads\/2025\/10\/1200\/675\/college-students-transgender-trends.jpg?ve=1&tl=1","fifu_image_alt":"","footnotes":""},"categories":[8],"tags":[],"class_list":["post-45869","post","type-post","status-publish","format-standard","has-post-thumbnail","","category-salud"],"_links":{"self":[{"href":"https:\/\/noticiasveraces.com\/index.php?rest_route=\/wp\/v2\/posts\/45869","targetHints":{"allow":["GET"]}}],"collection":[{"href":"https:\/\/noticiasveraces.com\/index.php?rest_route=\/wp\/v2\/posts"}],"about":[{"href":"https:\/\/noticiasveraces.com\/index.php?rest_route=\/wp\/v2\/types\/post"}],"author":[{"embeddable":true,"href":"https:\/\/noticiasveraces.com\/index.php?rest_route=\/wp\/v2\/users\/1"}],"replies":[{"embeddable":true,"href":"https:\/\/noticiasveraces.com\/index.php?rest_route=%2Fwp%2Fv2%2Fcomments&post=45869"}],"version-history":[{"count":0,"href":"https:\/\/noticiasveraces.com\/index.php?rest_route=\/wp\/v2\/posts\/45869\/revisions"}],"wp:featuredmedia":[{"embeddable":true,"href":"https:\/\/noticiasveraces.com\/index.php?rest_route=\/wp\/v2\/media\/45871"}],"wp:attachment":[{"href":"https:\/\/noticiasveraces.com\/index.php?rest_route=%2Fwp%2Fv2%2Fmedia&parent=45869"}],"wp:term":[{"taxonomy":"category","embeddable":true,"href":"https:\/\/noticiasveraces.com\/index.php?rest_route=%2Fwp%2Fv2%2Fcategories&post=45869"},{"taxonomy":"post_tag","embeddable":true,"href":"https:\/\/noticiasveraces.com\/index.php?rest_route=%2Fwp%2Fv2%2Ftags&post=45869"}],"curies":[{"name":"wp","href":"https:\/\/api.w.org\/{rel}","templated":true}]}}