{"id":45858,"date":"2025-10-15T22:59:06","date_gmt":"2025-10-16T02:59:06","guid":{"rendered":"https:\/\/noticiasveraces.com\/?p=45858"},"modified":"2025-10-15T22:59:06","modified_gmt":"2025-10-16T02:59:06","slug":"el-departamento-de-estado-esta-consciente-del-ataque-a-turistas-estadounidenses-1-muerto-en-portugal","status":"publish","type":"post","link":"https:\/\/noticiasveraces.com\/?p=45858","title":{"rendered":"El Departamento de Estado est\u00e1 consciente del ataque a turistas estadounidenses, 1 muerto, en Portugal"},"content":{"rendered":"<p> \n<\/p>\n<div>\n<div id=\"beyondwords-wrapper\" class=\"beyondwords-wrapper\">\n<p><span class=\"label-bg\">NUEVO<\/span>\u00a1Ahora puedes escuchar los art\u00edculos de Fox News!\n  <\/p>\n<\/div>\n<p class=\"speakable\">El Departamento de Estado dijo a Fox News que est\u00e1 al tanto de los informes del mi\u00e9rcoles de que dos turistas estadounidenses fueron atacados en un popular destino costero europeo que, seg\u00fan los medios locales y la polic\u00eda, dej\u00f3 una persona muerta y otra herida.<\/p>\n<p class=\"speakable\">El presunto ataque ocurri\u00f3 la madrugada del mi\u00e9rcoles en Cascais, Portugal, una ciudad tur\u00edstica costera a unas 20 millas al oeste de Lisboa. <\/p>\n<p>Un v\u00eddeo tomado por Reuters mostraba manchas de sangre en una acera, donde se hab\u00eda producido un apu\u00f1alamiento durante un intento de robo, seg\u00fan informes de los medios.<\/p>\n<p>Un portavoz del Departamento de Estado dijo a Fox News Digital que la agencia se toma en serio su compromiso de proteger a los ciudadanos estadounidenses en el extranjero y est\u00e1 dispuesta a brindar asistencia consular. <\/p>\n<p><strong>MUJERES ESTADOUNIDENSES DEFENSAS APU\u00d1ALADAS EN UN TRANV\u00cdA ALEM\u00c1N CRITICA LAS POL\u00cdTICAS DE INMIGRACI\u00d3N DESPU\u00c9S DE LA LIBERACI\u00d3N DEL SOSPECHOSO<\/strong><\/p>\n<div class=\"image-ct inline\">\n<div class=\"m\"><picture><source media=\"(max-width: 767px)\" srcset=\"https:\/\/a57.foxnews.com\/static.foxnews.com\/foxnews.com\/content\/uploads\/2025\/10\/343\/192\/cascais-portugal.jpg?ve=1&amp;tl=1, https:\/\/a57.foxnews.com\/static.foxnews.com\/foxnews.com\/content\/uploads\/2025\/10\/686\/384\/cascais-portugal.jpg?ve=1&amp;tl=1 2x\" height=\"192\" width=\"343\"><source media=\"(min-width: 768px) and (max-width: 1023px)\" srcset=\"https:\/\/a57.foxnews.com\/static.foxnews.com\/foxnews.com\/content\/uploads\/2025\/10\/672\/378\/cascais-portugal.jpg?ve=1&amp;tl=1, https:\/\/a57.foxnews.com\/static.foxnews.com\/foxnews.com\/content\/uploads\/2025\/10\/1344\/756\/cascais-portugal.jpg?ve=1&amp;tl=1 2x\" height=\"378\" width=\"672\"><source media=\"(min-width: 1024px) and (max-width: 1279px)\" srcset=\"https:\/\/a57.foxnews.com\/static.foxnews.com\/foxnews.com\/content\/uploads\/2025\/10\/931\/523\/cascais-portugal.jpg?ve=1&amp;tl=1, https:\/\/a57.foxnews.com\/static.foxnews.com\/foxnews.com\/content\/uploads\/2025\/10\/1862\/1046\/cascais-portugal.jpg?ve=1&amp;tl=1 2x\" height=\"523\" width=\"931\"><source media=\"(min-width: 1280px)\" srcset=\"https:\/\/a57.foxnews.com\/static.foxnews.com\/foxnews.com\/content\/uploads\/2025\/10\/720\/405\/cascais-portugal.jpg?ve=1&amp;tl=1, https:\/\/a57.foxnews.com\/static.foxnews.com\/foxnews.com\/content\/uploads\/2025\/10\/1440\/810\/cascais-portugal.jpg?ve=1&amp;tl=1 2x\" height=\"405\" width=\"720\"><img loading=\"lazy\" decoding=\"async\" src=\"https:\/\/a57.foxnews.com\/static.foxnews.com\/foxnews.com\/content\/uploads\/2025\/10\/1200\/675\/cascais-portugal.jpg?ve=1&amp;tl=1\" alt=\"Coches estacionados en la calle de Cascais, Portugal, donde, seg\u00fan informes, turistas estadounidenses fueron atacados\" width=\"1200\" height=\"675\"\/><\/source><\/source><\/source><\/source><\/picture><\/div>\n<div class=\"info\">\n<div class=\"caption\">\n<p><span>La calle de Cascais, Portugal, donde supuestamente los turistas estadounidenses fueron atacados el mi\u00e9rcoles.<\/span> <span>(Reuters)<\/span><\/p>\n<\/div>\n<\/div>\n<\/div>\n<p>\u00abUno de los j\u00f3venes muri\u00f3 en el lugar y el otro sufri\u00f3 heridas en el rostro y brazos y fue trasladado a [a] hospital\u00bb, afirm\u00f3 el peri\u00f3dico Portugal Residente citando a la polic\u00eda del Comando Metropolitano de Lisboa.<\/p>\n<p>El ataque fue perpetrado por tres sospechosos que huyeron del lugar en un veh\u00edculo, a\u00f1adi\u00f3 el diario.<\/p>\n<div class=\"image-ct inline\">\n<div class=\"m\"><picture><source media=\"(max-width: 767px)\" srcset=\"https:\/\/a57.foxnews.com\/static.foxnews.com\/foxnews.com\/content\/uploads\/2025\/10\/343\/192\/cascais-portugal-2.jpg?ve=1&amp;tl=1, https:\/\/a57.foxnews.com\/static.foxnews.com\/foxnews.com\/content\/uploads\/2025\/10\/686\/384\/cascais-portugal-2.jpg?ve=1&amp;tl=1 2x\" height=\"192\" width=\"343\"><source media=\"(min-width: 768px) and (max-width: 1023px)\" srcset=\"https:\/\/a57.foxnews.com\/static.foxnews.com\/foxnews.com\/content\/uploads\/2025\/10\/672\/378\/cascais-portugal-2.jpg?ve=1&amp;tl=1, https:\/\/a57.foxnews.com\/static.foxnews.com\/foxnews.com\/content\/uploads\/2025\/10\/1344\/756\/cascais-portugal-2.jpg?ve=1&amp;tl=1 2x\" height=\"378\" width=\"672\"><source media=\"(min-width: 1024px) and (max-width: 1279px)\" srcset=\"https:\/\/a57.foxnews.com\/static.foxnews.com\/foxnews.com\/content\/uploads\/2025\/10\/931\/523\/cascais-portugal-2.jpg?ve=1&amp;tl=1, https:\/\/a57.foxnews.com\/static.foxnews.com\/foxnews.com\/content\/uploads\/2025\/10\/1862\/1046\/cascais-portugal-2.jpg?ve=1&amp;tl=1 2x\" height=\"523\" width=\"931\"><source media=\"(min-width: 1280px)\" srcset=\"https:\/\/a57.foxnews.com\/static.foxnews.com\/foxnews.com\/content\/uploads\/2025\/10\/720\/405\/cascais-portugal-2.jpg?ve=1&amp;tl=1, https:\/\/a57.foxnews.com\/static.foxnews.com\/foxnews.com\/content\/uploads\/2025\/10\/1440\/810\/cascais-portugal-2.jpg?ve=1&amp;tl=1 2x\" height=\"405\" width=\"720\"><img loading=\"lazy\" decoding=\"async\" src=\"https:\/\/a57.foxnews.com\/static.foxnews.com\/foxnews.com\/content\/uploads\/2025\/10\/1200\/675\/cascais-portugal-2.jpg?ve=1&amp;tl=1\" alt=\"Calle de la ciudad de Cascais, Portugal\" width=\"1200\" height=\"675\"\/><\/source><\/source><\/source><\/source><\/picture><\/div>\n<div class=\"info\">\n<div class=\"caption\">\n<p><span>Un portavoz del Departamento de Estado dijo a Fox News que la agencia est\u00e1 al tanto de los informes de que dos turistas estadounidenses fueron apu\u00f1alados el mi\u00e9rcoles en Cascais, Portugal.<\/span> <span>(Reuters)<\/span><\/p>\n<\/div>\n<\/div>\n<\/div>\n<p><strong><u>HAGA CLIC AQU\u00cd PARA OBTENER LA APLICACI\u00d3N FOX NEWS<\/u><\/strong> <\/p>\n<p>No estuvieron disponibles de inmediato m\u00e1s detalles sobre el incidente y las identidades de las v\u00edctimas. <\/p>\n<p><i>Esta es una historia en desarrollo. Vuelva a consultar las actualizaciones.<\/i> <\/p>\n<p><i>Nick Kalman de Fox News contribuy\u00f3 a este informe.<\/i><\/p>\n<p> <!----> <\/p>\n<div class=\"article-meta\">\n<div class=\"author-bio\">\n<p>Greg Norman es reportero de Fox News Digital.<\/p>\n<\/div>\n<\/div>\n<\/div>\n\n","protected":false},"excerpt":{"rendered":"<p>NUEVO\u00a1Ahora puedes escuchar los art\u00edculos de Fox News! El Departamento de Estado dijo a Fox News que est\u00e1 al tanto de los informes del mi\u00e9rcoles de que dos turistas estadounidenses fueron atacados en un popular destino costero europeo que, seg\u00fan los medios locales y la polic\u00eda, dej\u00f3 una persona muerta y otra herida. El presunto &hellip;<\/p>\n","protected":false},"author":1,"featured_media":45860,"comment_status":"open","ping_status":"open","sticky":false,"template":"","format":"standard","meta":{"fifu_image_url":"https:\/\/static.foxnews.com\/foxnews.com\/content\/uploads\/2025\/10\/cascais-portugal.jpg","fifu_image_alt":"","footnotes":""},"categories":[13],"tags":[],"class_list":["post-45858","post","type-post","status-publish","format-standard","has-post-thumbnail","","category-mundo"],"_links":{"self":[{"href":"https:\/\/noticiasveraces.com\/index.php?rest_route=\/wp\/v2\/posts\/45858","targetHints":{"allow":["GET"]}}],"collection":[{"href":"https:\/\/noticiasveraces.com\/index.php?rest_route=\/wp\/v2\/posts"}],"about":[{"href":"https:\/\/noticiasveraces.com\/index.php?rest_route=\/wp\/v2\/types\/post"}],"author":[{"embeddable":true,"href":"https:\/\/noticiasveraces.com\/index.php?rest_route=\/wp\/v2\/users\/1"}],"replies":[{"embeddable":true,"href":"https:\/\/noticiasveraces.com\/index.php?rest_route=%2Fwp%2Fv2%2Fcomments&post=45858"}],"version-history":[{"count":0,"href":"https:\/\/noticiasveraces.com\/index.php?rest_route=\/wp\/v2\/posts\/45858\/revisions"}],"wp:featuredmedia":[{"embeddable":true,"href":"https:\/\/noticiasveraces.com\/index.php?rest_route=\/wp\/v2\/media\/45860"}],"wp:attachment":[{"href":"https:\/\/noticiasveraces.com\/index.php?rest_route=%2Fwp%2Fv2%2Fmedia&parent=45858"}],"wp:term":[{"taxonomy":"category","embeddable":true,"href":"https:\/\/noticiasveraces.com\/index.php?rest_route=%2Fwp%2Fv2%2Fcategories&post=45858"},{"taxonomy":"post_tag","embeddable":true,"href":"https:\/\/noticiasveraces.com\/index.php?rest_route=%2Fwp%2Fv2%2Ftags&post=45858"}],"curies":[{"name":"wp","href":"https:\/\/api.w.org\/{rel}","templated":true}]}}