{"id":45849,"date":"2025-10-15T20:57:21","date_gmt":"2025-10-16T00:57:21","guid":{"rendered":"https:\/\/noticiasveraces.com\/?p=45849"},"modified":"2025-10-15T20:57:21","modified_gmt":"2025-10-16T00:57:21","slug":"arribo-un-vuelo-con-153-venezolanos-repatriados-desde-ee-uu","status":"publish","type":"post","link":"https:\/\/noticiasveraces.com\/?p=45849","title":{"rendered":"Arrib\u00f3 un vuelo con 153 venezolanos repatriados desde EE UU"},"content":{"rendered":"<p> \n<\/p>\n<div>\n<p>El Ministerio de Interior, Justicia y Paz inform\u00f3 este mi\u00e9rcoles 15 de octubre sobre la llegada a Venezuela de un grupo de <strong>153 connacionales deportados desde Estados Unidos<\/strong>como parte del programa <strong>Gran Misi\u00f3n Vuelta a la Patria<\/strong>.<\/p>\n<p><strong>El vuelo N\u00ba 77<\/strong> aterriz\u00f3 a las <strong>3:40 pm<\/strong> en el <strong>Aeropuerto Internacional Sim\u00f3n Bol\u00edvar de Maiquet\u00eda<\/strong>estado La Guaira, luego de que las condiciones meteorol\u00f3gicas impidieran su llegada en horas de la ma\u00f1ana, de acuerdo con el reporte oficial difundido por el organismo en Instagram.<\/p>\n<p>Entre los pasajeros se encontraban <strong>122 hombres, 21 mujeres y 10 ni\u00f1os<\/strong>quienes fueron recibidos por funcionarios de diversas instituciones del Estado, incluyendo el <strong>Cuerpo de Investigaciones Cient\u00edficas, Penales y Criminal\u00edsticas (CICPC), la Guardia Nacional Bolivariana (GNB) y la Polic\u00eda Nacional Bolivariana (PNB)<\/strong>.<\/p>\n<blockquote data-service=\"instagram\" data-category=\"marketing\" data-placeholder-image=\"https:\/\/eldiario.com\/wp-content\/plugins\/complianz-gdpr\/assets\/images\/placeholders\/instagram-minimal.jpg\" class=\"cmplz-placeholder-element instagram-media\" data-instgrm-permalink=\"https:\/\/www.instagram.com\/p\/DP2QxcajPp1\/?utm_source=ig_embed&amp;utm_campaign=loading\" data-instgrm-version=\"14\" style=\"background:#fff;border:0;border-radius:3px;box-shadow:0 0 1px 0 rgba(0,0,0,.5),0 1px 10px 0 rgba(0,0,0,.15);margin:1px;max-width:540px;min-width:326px;padding:0;width:99.375%;width:-webkit-calc(100% - 2px);width:calc(100% - 2px);\"\/>\n<p>El ministerio detall\u00f3 que a los repatriados se les aplicaron <strong>protocolos de seguridad, revisiones m\u00e9dicas, asistencia social y apoyo log\u00edstico<\/strong>con el objetivo de garantizar su <strong>reinserci\u00f3n en la vida productiva y familiar<\/strong> en el pa\u00eds.<\/p>\n<h2 class=\"wp-block-heading\" id=\"h-vuelos-recientes-y-cifras-de-retorno\"><strong>Vuelos recientes y cifras de retorno<\/strong><\/h2>\n<p>Este vuelo se suma a una serie de operaciones de retorno de 2025. El <strong>8 de octubre<\/strong>por ejemplo, arrib\u00f3 un vuelo con 197<strong> venezolanos repatriados desde Estados Unidos<\/strong>compuesto por <strong>178 hombres, 14 mujeres, cuatro ni\u00f1os y una adolescente.<\/strong><\/p>\n<p>Hasta la fecha, seg\u00fan cifras oficiales, <strong>m\u00e1s de 13 mil venezolanos han regresado al pa\u00eds<\/strong> este a\u00f1o a trav\u00e9s de vuelos procedentes de <strong>Estados Unidos, M\u00e9xico y Honduras<\/strong>. El aumento de estas operaciones se da en el marco de acuerdos bilaterales para facilitar los retornos asistidos, en un contexto donde Venezuela y EE UU no mantienen relaciones diplom\u00e1ticas desde 2019.<\/p>\n<p><em>Este contenido incluye redacci\u00f3n realizada con la inteligencia artificial de ChatGPT. Supervisado y verificado por el equipo editorial. Conoce nuestra pol\u00edtica de uso de IA<\/em><em> <\/em>aqu\u00ed.<\/p>\n<\/p><\/div>\n<p><script async src=\"\/\/www.instagram.com\/embed.js\"><\/script><br \/>\n<br \/>\n","protected":false},"excerpt":{"rendered":"<p>El Ministerio de Interior, Justicia y Paz inform\u00f3 este mi\u00e9rcoles 15 de octubre sobre la llegada a Venezuela de un grupo de 153 connacionales deportados desde Estados Unidoscomo parte del programa Gran Misi\u00f3n Vuelta a la Patria. El vuelo N\u00ba 77 aterriz\u00f3 a las 3:40 pm en el Aeropuerto Internacional Sim\u00f3n Bol\u00edvar de Maiquet\u00edaestado La &hellip;<\/p>\n","protected":false},"author":1,"featured_media":45850,"comment_status":"open","ping_status":"open","sticky":false,"template":"","format":"standard","meta":{"fifu_image_url":"https:\/\/eldiario.com\/wp-content\/uploads\/2025\/10\/Plan-Vuelta-a-la-Patria-1200x800.png","fifu_image_alt":"","footnotes":""},"categories":[13],"tags":[],"class_list":["post-45849","post","type-post","status-publish","format-standard","has-post-thumbnail","","category-mundo"],"_links":{"self":[{"href":"https:\/\/noticiasveraces.com\/index.php?rest_route=\/wp\/v2\/posts\/45849","targetHints":{"allow":["GET"]}}],"collection":[{"href":"https:\/\/noticiasveraces.com\/index.php?rest_route=\/wp\/v2\/posts"}],"about":[{"href":"https:\/\/noticiasveraces.com\/index.php?rest_route=\/wp\/v2\/types\/post"}],"author":[{"embeddable":true,"href":"https:\/\/noticiasveraces.com\/index.php?rest_route=\/wp\/v2\/users\/1"}],"replies":[{"embeddable":true,"href":"https:\/\/noticiasveraces.com\/index.php?rest_route=%2Fwp%2Fv2%2Fcomments&post=45849"}],"version-history":[{"count":0,"href":"https:\/\/noticiasveraces.com\/index.php?rest_route=\/wp\/v2\/posts\/45849\/revisions"}],"wp:featuredmedia":[{"embeddable":true,"href":"https:\/\/noticiasveraces.com\/index.php?rest_route=\/wp\/v2\/media\/45850"}],"wp:attachment":[{"href":"https:\/\/noticiasveraces.com\/index.php?rest_route=%2Fwp%2Fv2%2Fmedia&parent=45849"}],"wp:term":[{"taxonomy":"category","embeddable":true,"href":"https:\/\/noticiasveraces.com\/index.php?rest_route=%2Fwp%2Fv2%2Fcategories&post=45849"},{"taxonomy":"post_tag","embeddable":true,"href":"https:\/\/noticiasveraces.com\/index.php?rest_route=%2Fwp%2Fv2%2Ftags&post=45849"}],"curies":[{"name":"wp","href":"https:\/\/api.w.org\/{rel}","templated":true}]}}