{"id":45846,"date":"2025-10-15T19:37:27","date_gmt":"2025-10-15T23:37:27","guid":{"rendered":"https:\/\/noticiasveraces.com\/?p=45846"},"modified":"2025-10-15T19:37:27","modified_gmt":"2025-10-15T23:37:27","slug":"senado-de-paraguay-elogia-a-maria-corina-machado-por-su-liderazgo-democratico","status":"publish","type":"post","link":"https:\/\/noticiasveraces.com\/?p=45846","title":{"rendered":"Senado de Paraguay elogia a Mar\u00eda Corina Machado por su liderazgo democr\u00e1tico"},"content":{"rendered":"<p> \n<\/p>\n<div>\n<article>\n<div class=\"image-featured\">\n<img src=\"data:image\/png;base64,iVBORw0KGgoAAAANSUhEUgAABLAAAANIAQAAAAD\/PCuYAAAAAnRSTlMAAHaTzTgAAACSSURBVHja7cExAQAAAMKg9U9tDQ+gAAAAAAAAAAAAAAAAAAAAAAAAAAAAAAAAAAAAAAAAAAAAAAAAAAAAAAAAAAAAAAAAAAAAAAAAAAAAAAAAAAAAAAAAAAAAAAAAAAAAAAAAAAAAAAAAAAAAAAAAAAAAAAAAAAAAAAAAAAAAAAAAAAAAAAAAAAAAAAAAAACAdwPvhwABDprbVQAAAABJRU5ErkJggg==\" alt=\"Mar\u00eda Corina Machado\" data-src=\"https:\/\/elnacional-uploads.nyc3.digitaloceanspaces.com\/wp-content\/uploads\/2025\/10\/10122139\/Maria-Corina-Machado.jpg\" decoding=\"async\" class=\"lazyload\" data-eio-rwidth=\"1200\" data-eio-rheight=\"840\"\/><img decoding=\"async\" src=\"https:\/\/elnacional-uploads.nyc3.digitaloceanspaces.com\/wp-content\/uploads\/2025\/10\/10122139\/Maria-Corina-Machado.jpg\" alt=\"Mar\u00eda Corina Machado\" data-eio=\"l\"\/><figcaption>Los promotores del proyecto afirmaron que Machado se ha erigido como la \u00abprincipal voz de resistencia\u00bb contra el gobierno de Maduro. Foto: Archivo<\/figcaption><\/div>\n<p>El Senado de Paraguay aprob\u00f3 este mi\u00e9rcoles una declaraci\u00f3n formal para felicitar a la opositora venezolana Mar\u00eda Corina Machado por haber sido galardonada con el Premio Nobel de la Paz 2025. Los senadores destacaron su \u00abliderazgo democr\u00e1tico\u00bb y su \u00abresistencia pac\u00edfica\u00bb.<\/p>\n<p>La declaraci\u00f3n, impulsada por senadores del gobernante Partido Colorado, fue aprobada por mayor\u00eda de manera inmediata y sin debate, registrando solo el voto en contra de la senadora izquierdista Esperanza Mart\u00ednez, del Frente Guasu.<\/p>\n<p>En la exposici\u00f3n de motivos, los promotores del proyecto afirmaron que Machado se ha erigido como la \u00abprincipal voz de resistencia\u00bb contra el gobierno de Nicol\u00e1s Maduro, quien ejerce la presidencia desde 2013.<\/p>\n<p>El documento resalt\u00f3 que la distinci\u00f3n se debe al \u00abliderazgo democr\u00e1tico\u00bb de Machado, quien es \u00abuna figura clave en la oposici\u00f3n venezolana para la promoci\u00f3n de elecciones libres y un gobierno representativo\u00bb, adem\u00e1s de su defensa de los derechos humanos.<\/p>\n<figure class=\"wp-block-embed is-type-rich is-provider-twitter wp-block-embed-twitter\">\n<div class=\"wp-block-embed__wrapper\">\n<blockquote class=\"twitter-tweet\" data-width=\"500\" data-dnt=\"true\">\n<p lang=\"es\" dir=\"ltr\">El senador <a href=\"https:\/\/twitter.com\/Nataliciochase1?ref_src=twsrc%5Etfw\">@Nataliciochase1<\/a>solicit\u00f3 el tratamiento sobre tablas de un proyecto de Declaraci\u00f3n por el cual la C\u00e1mara de Senadores expresa sus felicitaciones a la Sra Mar\u00eda Corina Machado, ganadora del Premio Nobel de la Paz. Solititud aprobada y ser\u00e1 tratada como 2do punto. <a href=\"https:\/\/t.co\/e1GQdEXb3O\">pic.twitter.com\/e1GQdEXb3O<\/a><\/p>\n<p>\u2014 SenadoPy (@SenadoresPy) <a href=\"https:\/\/twitter.com\/SenadoresPy\/status\/1978459371110646171?ref_src=twsrc%5Etfw\">15 de octubre de 2025<\/a><\/p><\/blockquote><\/div>\n<\/figure>\n<h2 class=\"wp-block-heading\" id=\"h-destacan-la-lucha-pacifica-de-machado\"><strong><strong>Destacan la lucha pac\u00edfica de Machado<\/strong><\/strong><\/h2>\n<p>Subrayaron que la l\u00edder opositora \u00abha mantenido su compromiso con la lucha pac\u00edfica y democr\u00e1tica\u00bb a pesar de \u00abgraves amenazas contra su vida\u00bb.<\/p>\n<p>El Comit\u00e9 Nobel noruego, con sede en Oslo, anunci\u00f3 el viernes que Mar\u00eda Corina Machado era la ganadora del Nobel de la Paz 2025 \u00abpor su incansable labor en la promoci\u00f3n de los derechos democr\u00e1ticos del pueblo venezolano y por su lucha por lograr una transici\u00f3n justa y pac\u00edfica de la dictadura a la democracia\u00bb.<\/p>\n<p>Tras el anuncio del galard\u00f3n, el presidente de Paraguay, Santiago Pe\u00f1a, afirm\u00f3 que el reconocimiento era a la \u00ablucha diaria por la democracia\u00bb que lleva a cabo la l\u00edder opositora.<\/p>\n<p>Paraguay mantiene una posici\u00f3n cr\u00edtica hacia el gobierno de Maduro y reconoce como presidente electo de Venezuela al l\u00edder opositor Edmundo Gonz\u00e1lez Urrutia, quien reclama el triunfo en las elecciones presidenciales de julio de 2024.<\/p>\n<\/article>\n<\/div>\n<p><script async src=\"https:\/\/platform.twitter.com\/widgets.js\" charset=\"utf-8\"><\/script><br \/>\n<br \/>\n","protected":false},"excerpt":{"rendered":"<p>Los promotores del proyecto afirmaron que Machado se ha erigido como la \u00abprincipal voz de resistencia\u00bb contra el gobierno de Maduro. Foto: Archivo El Senado de Paraguay aprob\u00f3 este mi\u00e9rcoles una declaraci\u00f3n formal para felicitar a la opositora venezolana Mar\u00eda Corina Machado por haber sido galardonada con el Premio Nobel de la Paz 2025. Los &hellip;<\/p>\n","protected":false},"author":1,"featured_media":45848,"comment_status":"open","ping_status":"open","sticky":false,"template":"","format":"standard","meta":{"fifu_image_url":"https:\/\/elnacional-uploads.nyc3.digitaloceanspaces.com\/wp-content\/uploads\/2025\/10\/10122139\/Maria-Corina-Machado.jpg","fifu_image_alt":"","footnotes":""},"categories":[13],"tags":[],"class_list":["post-45846","post","type-post","status-publish","format-standard","has-post-thumbnail","","category-mundo"],"_links":{"self":[{"href":"https:\/\/noticiasveraces.com\/index.php?rest_route=\/wp\/v2\/posts\/45846","targetHints":{"allow":["GET"]}}],"collection":[{"href":"https:\/\/noticiasveraces.com\/index.php?rest_route=\/wp\/v2\/posts"}],"about":[{"href":"https:\/\/noticiasveraces.com\/index.php?rest_route=\/wp\/v2\/types\/post"}],"author":[{"embeddable":true,"href":"https:\/\/noticiasveraces.com\/index.php?rest_route=\/wp\/v2\/users\/1"}],"replies":[{"embeddable":true,"href":"https:\/\/noticiasveraces.com\/index.php?rest_route=%2Fwp%2Fv2%2Fcomments&post=45846"}],"version-history":[{"count":0,"href":"https:\/\/noticiasveraces.com\/index.php?rest_route=\/wp\/v2\/posts\/45846\/revisions"}],"wp:featuredmedia":[{"embeddable":true,"href":"https:\/\/noticiasveraces.com\/index.php?rest_route=\/wp\/v2\/media\/45848"}],"wp:attachment":[{"href":"https:\/\/noticiasveraces.com\/index.php?rest_route=%2Fwp%2Fv2%2Fmedia&parent=45846"}],"wp:term":[{"taxonomy":"category","embeddable":true,"href":"https:\/\/noticiasveraces.com\/index.php?rest_route=%2Fwp%2Fv2%2Fcategories&post=45846"},{"taxonomy":"post_tag","embeddable":true,"href":"https:\/\/noticiasveraces.com\/index.php?rest_route=%2Fwp%2Fv2%2Ftags&post=45846"}],"curies":[{"name":"wp","href":"https:\/\/api.w.org\/{rel}","templated":true}]}}