{"id":45838,"date":"2025-10-15T19:33:23","date_gmt":"2025-10-15T23:33:23","guid":{"rendered":"https:\/\/noticiasveraces.com\/?p=45838"},"modified":"2025-10-15T19:33:23","modified_gmt":"2025-10-15T23:33:23","slug":"cualquier-persona-con-dolor-de-espalda-recibe-alerta-tras-el-horroroso-diagnostico-de-una-mujer","status":"publish","type":"post","link":"https:\/\/noticiasveraces.com\/?p=45838","title":{"rendered":"Cualquier persona con dolor de espalda recibe alerta tras el horroroso diagn\u00f3stico de una mujer"},"content":{"rendered":"<p> \n<\/p>\n<div>\n<p>Una mujer que se despert\u00f3 una ma\u00f1ana con lo que cre\u00eda que era simplemente un dolor de espalda rutinario ha emitido una advertencia a los dem\u00e1s despu\u00e9s de soportar unas semanas que le \u00abcambiaron la vida\u00bb.<\/p>\n<p>Kaci Shiers utiliz\u00f3 TikTok desde su cama de hospital donde revel\u00f3 su diagn\u00f3stico posterior.<\/p>\n<p>\u00abMe despert\u00e9 el 23 de septiembre con dolor de espalda y, sinceramente, pens\u00e9 que era un nervio pinzado\u00bb, comenz\u00f3 en un v\u00eddeo. \u00abPero en los d\u00edas siguientes me enferm\u00e9 m\u00e1s, ten\u00eda m\u00e1s dolor y comenc\u00e9 a sentir debilidad en las piernas hasta el punto de que me ca\u00ed por las escaleras\u00bb.<\/p>\n<p>Eso llev\u00f3 a Kaci a buscar atenci\u00f3n m\u00e9dica en el hospital, aunque afirma que los m\u00e9dicos \u00abno la escucharon en absoluto\u00bb. Sin embargo, tras una llamada al 999 en septiembre, ha permanecido en la sala desde entonces. Continu\u00f3: \u00abTambi\u00e9n perd\u00ed la capacidad de mover la mitad de mi cara, lo cual fue realmente aterrador. En la primera semana de estar en el hospital mi salud empeor\u00f3 enormemente y perd\u00ed la capacidad de moverme y caminar por completo\u00bb.<\/p>\n<p>Despu\u00e9s de pasar gran parte de la semana inconsciente, Kaci pregunt\u00f3 a los m\u00e9dicos si se estaba muriendo. \u00abMe hicieron muchas pruebas: m\u00faltiples resonancias magn\u00e9ticas, tomograf\u00edas computarizadas, una punci\u00f3n lumbar y luego mi vejiga dej\u00f3 de funcionar despu\u00e9s de exactamente una semana en el hospital\u00bb, a\u00f1adi\u00f3.<\/p>\n<\/div>\n<div>\n<p>Al final, esto llev\u00f3 a que le diagnosticaran GBS. [Guillain-Barre\u0301 syndrome] &#8211; un raro trastorno autoinmune en el que el sistema inmunol\u00f3gico de quienes lo padecen ataca su sistema nervioso alrededor de la columna, causando par\u00e1lisis y debilidad. Sin embargo, su terrible experiencia estaba lejos de terminar.<\/p>\n<p>\u00abMi cuerpo se estaba atacando a s\u00ed mismo\u00bb, revel\u00f3 Kaci. \u00abTambi\u00e9n encontraron hinchaz\u00f3n en mi cerebro y columna que no est\u00e1 relacionada con el GBS y todav\u00eda estoy bajo investigaci\u00f3n por eso\u00bb.<\/p>\n<p>Continu\u00f3: \u00abUna semana antes de llegar al hospital era una chica normal de 24 a\u00f1os, pero luego no pod\u00eda lavarme, alimentarme ni cepillarme el pelo ni los dientes\u00bb. Kaci expres\u00f3 su gratitud hacia sus seres queridos y dijo: \u00abHa sido una experiencia realmente aterradora, pero la han hecho un poco menos aterradora&#8230; No me he sentido sola en esto\u00bb.<\/p>\n<p>Por ahora, Kaci espera pacientemente que su tratamiento contra el GBS \u00absiga su curso\u00bb mientras espera recuperarse. \u00abAhora puedo sentarme y levantar la cabeza\u00bb, comparti\u00f3. \u00abY he podido mantenerme de pie con un poco de ayuda, algo que no pod\u00eda hacer hace dos d\u00edas. Son como peque\u00f1os pasos y esta no ser\u00e1 una recuperaci\u00f3n r\u00e1pida en lo m\u00e1s m\u00ednimo. Va a ser, y siempre ser\u00e1, lo m\u00e1s dif\u00edcil por lo que pasar en mi vida\u00bb.<\/p>\n<p>Reiter\u00f3: \u00abYo era una chica normal de 24 a\u00f1os y ahora tengo que aprender a caminar de nuevo\u00bb.<\/p>\n<\/div>\n<div>\n<p data-mce-linkchecker-status=\"valid\">El sitio web del NHS ofrece m\u00e1s orientaci\u00f3n sobre el SGB y aconseja: \u00abEs posible que usted est\u00e9 en el hospital durante varios meses mientras recibe tratamiento y se recupera del s\u00edndrome de Guillain-Barr\u00e9. La mayor\u00eda de las personas podr\u00e1n caminar en 6 meses y se recuperar\u00e1n en un a\u00f1o\u00bb.<\/p>\n<p>Agrega: \u00abEs posible que primero sienta hormigueo, entumecimiento o hormigueo en los pies y las manos. Esto suele ir seguido de debilidad muscular y dificultad para mover las articulaciones.<\/p>\n<p>Otros s\u00edntomas pueden incluir:<\/p>\n<ul>\n<li>dolor agudo y punzante (dolor en los nervios), a menudo en las piernas o la espalda<\/li>\n<li>problemas para respirar<\/li>\n<li>problemas con la cara, como m\u00fasculos ca\u00eddos de la cara o dificultad para tragar o hablar<\/li>\n<li>problemas con los ojos, como visi\u00f3n doble<\/li>\n<\/ul>\n<p>\u00abLos s\u00edntomas de algunas personas se vuelven tan graves que no pueden mover las piernas, los brazos y la cara (par\u00e1lisis)\u00bb.<\/p>\n<p>Algunas personas contin\u00faan teniendo problemas a largo plazo como:<\/p>\n<ul>\n<li>hormigueo en las manos y los pies<\/li>\n<li>dolor agudo y punzante (dolor en los nervios)<\/li>\n<li>sentirse agotado (fatiga)<\/li>\n<li>dolor muscular y debilidad muscular<\/li>\n<li>no poder caminar sin ayuda<\/li>\n<li>ansiedad y depresi\u00f3n<\/li>\n<\/ul>\n<\/div>\n\n","protected":false},"excerpt":{"rendered":"<p>Una mujer que se despert\u00f3 una ma\u00f1ana con lo que cre\u00eda que era simplemente un dolor de espalda rutinario ha emitido una advertencia a los dem\u00e1s despu\u00e9s de soportar unas semanas que le \u00abcambiaron la vida\u00bb. Kaci Shiers utiliz\u00f3 TikTok desde su cama de hospital donde revel\u00f3 su diagn\u00f3stico posterior. \u00abMe despert\u00e9 el 23 de &hellip;<\/p>\n","protected":false},"author":1,"featured_media":45839,"comment_status":"open","ping_status":"open","sticky":false,"template":"","format":"standard","meta":{"fifu_image_url":"https:\/\/cdn.images.express.co.uk\/img\/dynamic\/11\/1200x630\/6492113.jpg","fifu_image_alt":"","footnotes":""},"categories":[763],"tags":[],"class_list":["post-45838","post","type-post","status-publish","format-standard","has-post-thumbnail","","category-estilo-de-vida"],"_links":{"self":[{"href":"https:\/\/noticiasveraces.com\/index.php?rest_route=\/wp\/v2\/posts\/45838","targetHints":{"allow":["GET"]}}],"collection":[{"href":"https:\/\/noticiasveraces.com\/index.php?rest_route=\/wp\/v2\/posts"}],"about":[{"href":"https:\/\/noticiasveraces.com\/index.php?rest_route=\/wp\/v2\/types\/post"}],"author":[{"embeddable":true,"href":"https:\/\/noticiasveraces.com\/index.php?rest_route=\/wp\/v2\/users\/1"}],"replies":[{"embeddable":true,"href":"https:\/\/noticiasveraces.com\/index.php?rest_route=%2Fwp%2Fv2%2Fcomments&post=45838"}],"version-history":[{"count":0,"href":"https:\/\/noticiasveraces.com\/index.php?rest_route=\/wp\/v2\/posts\/45838\/revisions"}],"wp:featuredmedia":[{"embeddable":true,"href":"https:\/\/noticiasveraces.com\/index.php?rest_route=\/wp\/v2\/media\/45839"}],"wp:attachment":[{"href":"https:\/\/noticiasveraces.com\/index.php?rest_route=%2Fwp%2Fv2%2Fmedia&parent=45838"}],"wp:term":[{"taxonomy":"category","embeddable":true,"href":"https:\/\/noticiasveraces.com\/index.php?rest_route=%2Fwp%2Fv2%2Fcategories&post=45838"},{"taxonomy":"post_tag","embeddable":true,"href":"https:\/\/noticiasveraces.com\/index.php?rest_route=%2Fwp%2Fv2%2Ftags&post=45838"}],"curies":[{"name":"wp","href":"https:\/\/api.w.org\/{rel}","templated":true}]}}