{"id":45833,"date":"2025-10-15T18:21:06","date_gmt":"2025-10-15T22:21:06","guid":{"rendered":"https:\/\/noticiasveraces.com\/?p=45833"},"modified":"2025-10-15T18:21:06","modified_gmt":"2025-10-15T22:21:06","slug":"defensoria-del-pueblo-y-unicef-refuerzan-alianza-estrategica-por-la-infancia-en-venezuela-correo-del-orinoco","status":"publish","type":"post","link":"https:\/\/noticiasveraces.com\/?p=45833","title":{"rendered":"Defensor\u00eda del Pueblo y Unicef refuerzan alianza estrat\u00e9gica por la infancia en Venezuela &#8211; Correo del Orinoco"},"content":{"rendered":"<p> \n<\/p>\n<div>\n<p>El defensor del pueblo, Alfredo Ruiz, se reuni\u00f3 con Manuel Rodr\u00edguez Pumarol, nuevo representante de Unicef en Venezuela, para fortalecer la cooperaci\u00f3n entre ambas instituciones en la protecci\u00f3n de los derechos de ni\u00f1os, ni\u00f1as y adolescentes.<\/p>\n<p>Este primer encuentro oficial reafirma el compromiso de trabajar de manera conjunta en la promoci\u00f3n, formaci\u00f3n y vigilancia de los derechos humanos de la infancia y adolescencia, priorizando la atenci\u00f3n a los sectores m\u00e1s vulnerables.<\/p>\n<p>La colaboraci\u00f3n entre la Defensor\u00eda del Pueblo y Unicef se ha mantenido de forma sostenida, enfoc\u00e1ndose en desarrollar capacidades institucionales, acompa\u00f1ar procesos de atenci\u00f3n y fomentar una cultura de derechos en todos los niveles de la sociedad.<\/p>\n<p>Unicef, presente en m\u00e1s de 190 pa\u00edses, tiene como misi\u00f3n proteger a la infancia, especialmente a quienes enfrentan mayores riesgos, asegurando su desarrollo integral y bienestar desde la ni\u00f1ez hasta la adolescencia.<\/p>\n<p>Ambas instituciones ratificaron su voluntad de trabajar de manera articulada para garantizar entornos seguros, inclusivos y protectores para todos los ni\u00f1os, ni\u00f1as y adolescentes en Venezuela.<\/p>\n<h6>T\/CO<\/h6>\n<\/p><\/div>\n\n","protected":false},"excerpt":{"rendered":"<p>El defensor del pueblo, Alfredo Ruiz, se reuni\u00f3 con Manuel Rodr\u00edguez Pumarol, nuevo representante de Unicef en Venezuela, para fortalecer la cooperaci\u00f3n entre ambas instituciones en la protecci\u00f3n de los derechos de ni\u00f1os, ni\u00f1as y adolescentes. Este primer encuentro oficial reafirma el compromiso de trabajar de manera conjunta en la promoci\u00f3n, formaci\u00f3n y vigilancia de &hellip;<\/p>\n","protected":false},"author":1,"featured_media":45834,"comment_status":"open","ping_status":"open","sticky":false,"template":"","format":"standard","meta":{"fifu_image_url":"http:\/\/190.202.124.19\/wp-content\/uploads\/2025\/10\/Defensoria-del-Pueblo-y-Unicef.jpg","fifu_image_alt":"","footnotes":""},"categories":[13],"tags":[],"class_list":["post-45833","post","type-post","status-publish","format-standard","has-post-thumbnail","","category-mundo"],"_links":{"self":[{"href":"https:\/\/noticiasveraces.com\/index.php?rest_route=\/wp\/v2\/posts\/45833","targetHints":{"allow":["GET"]}}],"collection":[{"href":"https:\/\/noticiasveraces.com\/index.php?rest_route=\/wp\/v2\/posts"}],"about":[{"href":"https:\/\/noticiasveraces.com\/index.php?rest_route=\/wp\/v2\/types\/post"}],"author":[{"embeddable":true,"href":"https:\/\/noticiasveraces.com\/index.php?rest_route=\/wp\/v2\/users\/1"}],"replies":[{"embeddable":true,"href":"https:\/\/noticiasveraces.com\/index.php?rest_route=%2Fwp%2Fv2%2Fcomments&post=45833"}],"version-history":[{"count":0,"href":"https:\/\/noticiasveraces.com\/index.php?rest_route=\/wp\/v2\/posts\/45833\/revisions"}],"wp:featuredmedia":[{"embeddable":true,"href":"https:\/\/noticiasveraces.com\/index.php?rest_route=\/wp\/v2\/media\/45834"}],"wp:attachment":[{"href":"https:\/\/noticiasveraces.com\/index.php?rest_route=%2Fwp%2Fv2%2Fmedia&parent=45833"}],"wp:term":[{"taxonomy":"category","embeddable":true,"href":"https:\/\/noticiasveraces.com\/index.php?rest_route=%2Fwp%2Fv2%2Fcategories&post=45833"},{"taxonomy":"post_tag","embeddable":true,"href":"https:\/\/noticiasveraces.com\/index.php?rest_route=%2Fwp%2Fv2%2Ftags&post=45833"}],"curies":[{"name":"wp","href":"https:\/\/api.w.org\/{rel}","templated":true}]}}