{"id":45817,"date":"2025-10-15T16:08:06","date_gmt":"2025-10-15T20:08:06","guid":{"rendered":"https:\/\/noticiasveraces.com\/?p=45817"},"modified":"2025-10-15T16:08:06","modified_gmt":"2025-10-15T20:08:06","slug":"las-tasas-de-mortalidad-juvenil-aumentan-a-pesar-de-la-recuperacion-de-la-esperanza-de-vida-mundial-segun-un-estudio","status":"publish","type":"post","link":"https:\/\/noticiasveraces.com\/?p=45817","title":{"rendered":"Las tasas de mortalidad juvenil aumentan a pesar de la recuperaci\u00f3n de la esperanza de vida mundial, seg\u00fan un estudio"},"content":{"rendered":"<p> \n<\/p>\n<div>\n<div id=\"beyondwords-wrapper\" class=\"beyondwords-wrapper\">\n<p><span class=\"label-bg\">NUEVO<\/span>\u00a1Ahora puedes escuchar los art\u00edculos de Fox News!\n  <\/p>\n<\/div>\n<p class=\"speakable\">La esperanza de vida ha vuelto a los niveles previos a la pandemia, seg\u00fan una investigaci\u00f3n sanitaria mundial, pero las tasas de mortalidad de adolescentes y adultos j\u00f3venes son cada vez m\u00e1s preocupantes.<\/p>\n<p class=\"speakable\">La \u00faltima versi\u00f3n del Estudio sobre la carga mundial de enfermedades, lesiones y factores de riesgo (GBD) incluye estimaciones nuevas y actualizadas de la mortalidad por todas las causas y la esperanza de vida desde 1950 hasta 2023.<\/p>\n<p>Combinando datos de m\u00e1s de 24.000 fuentes, incluidas encuestas y censos, el informe incluye estimaciones de mortalidad durante crisis como la de COVID-19.<\/p>\n<p><strong>LO QUE TIENEN EN COM\u00daN LAS PERSONAS QUE VIVEN HASTA LOS 100 A\u00d1OS, SEG\u00daN LA CIENCIA<\/strong><\/p>\n<p>El n\u00famero de muertes entre 1950 y 2023 aument\u00f3 un 35% debido al crecimiento y el envejecimiento de la poblaci\u00f3n, pero la tasa de mortalidad estandarizada por edad cay\u00f3 un 66,6%, lo que indica que las personas viven mucho m\u00e1s tiempo en general.<\/p>\n<p>La esperanza de vida mundial aument\u00f3 dr\u00e1sticamente entre 1950 y 2019. Para las mujeres, aument\u00f3 de 51,2 a\u00f1os a 76,3 a\u00f1os, mientras que la esperanza de vida de los hombres aument\u00f3 de 47,9 a\u00f1os a 71,4 a\u00f1os en el mismo per\u00edodo.<\/p>\n<div class=\"image-ct inline\">\n<div class=\"m\"><picture><source media=\"(max-width: 767px)\" srcset=\"https:\/\/a57.foxnews.com\/static.foxnews.com\/foxnews.com\/content\/uploads\/2025\/10\/343\/192\/young-old-man-life-expectancy.jpg?ve=1&amp;tl=1, https:\/\/a57.foxnews.com\/static.foxnews.com\/foxnews.com\/content\/uploads\/2025\/10\/686\/384\/young-old-man-life-expectancy.jpg?ve=1&amp;tl=1 2x\" height=\"192\" width=\"343\"><source media=\"(min-width: 768px) and (max-width: 1023px)\" srcset=\"https:\/\/a57.foxnews.com\/static.foxnews.com\/foxnews.com\/content\/uploads\/2025\/10\/672\/378\/young-old-man-life-expectancy.jpg?ve=1&amp;tl=1, https:\/\/a57.foxnews.com\/static.foxnews.com\/foxnews.com\/content\/uploads\/2025\/10\/1344\/756\/young-old-man-life-expectancy.jpg?ve=1&amp;tl=1 2x\" height=\"378\" width=\"672\"><source media=\"(min-width: 1024px) and (max-width: 1279px)\" srcset=\"https:\/\/a57.foxnews.com\/static.foxnews.com\/foxnews.com\/content\/uploads\/2025\/10\/931\/523\/young-old-man-life-expectancy.jpg?ve=1&amp;tl=1, https:\/\/a57.foxnews.com\/static.foxnews.com\/foxnews.com\/content\/uploads\/2025\/10\/1862\/1046\/young-old-man-life-expectancy.jpg?ve=1&amp;tl=1 2x\" height=\"523\" width=\"931\"><source media=\"(min-width: 1280px)\" srcset=\"https:\/\/a57.foxnews.com\/static.foxnews.com\/foxnews.com\/content\/uploads\/2025\/10\/720\/405\/young-old-man-life-expectancy.jpg?ve=1&amp;tl=1, https:\/\/a57.foxnews.com\/static.foxnews.com\/foxnews.com\/content\/uploads\/2025\/10\/1440\/810\/young-old-man-life-expectancy.jpg?ve=1&amp;tl=1 2x\" height=\"405\" width=\"720\"><img loading=\"lazy\" decoding=\"async\" src=\"https:\/\/a57.foxnews.com\/static.foxnews.com\/foxnews.com\/content\/uploads\/2025\/10\/1200\/675\/young-old-man-life-expectancy.jpg?ve=1&amp;tl=1\" alt=\"joven y anciano sentados en un banco\" width=\"1200\" height=\"675\"\/><\/source><\/source><\/source><\/source><\/picture><\/div>\n<div class=\"info\">\n<div class=\"caption\">\n<p><span>La tasa de mortalidad estandarizada por edad cay\u00f3 un 66,6%, lo que indica que la gente vive m\u00e1s tiempo.<\/span> <span>(iStock)<\/span><\/p>\n<\/div>\n<\/div>\n<\/div>\n<p>La pandemia de coronavirus provoc\u00f3 una ca\u00edda temporal en la esperanza de vida mundial, ya que las mujeres cayeron a 74,7 a\u00f1os y los hombres a 69,3 a\u00f1os.<\/p>\n<p><strong>LOS DIAGN\u00d3STICOS DE C\u00c1NCER COLORRECTAL SE DISPARAN ENTRE LOS ADULTOS M\u00c1S J\u00d3VENES POR UNA RAZ\u00d3N CLAVE<\/strong><\/p>\n<p>Entre 2022 y 2023, la esperanza de vida volvi\u00f3 a los niveles anteriores a la pandemia: las mujeres alcanzaron los 76,3 a\u00f1os y los hombres los 71,5 a\u00f1os.<\/p>\n<p>El estudio encontr\u00f3 que el 95% de los pa\u00edses mostraron cierta recuperaci\u00f3n, mientras que el 62% se recuper\u00f3 completamente o mejor\u00f3 m\u00e1s all\u00e1 de los niveles de 2019.<\/p>\n<div class=\"image-ct inline\">\n<div class=\"m\"><picture><source media=\"(max-width: 767px)\" srcset=\"https:\/\/a57.foxnews.com\/static.foxnews.com\/foxnews.com\/content\/uploads\/2025\/10\/343\/192\/young-woman-old-man-hug.jpg?ve=1&amp;tl=1, https:\/\/a57.foxnews.com\/static.foxnews.com\/foxnews.com\/content\/uploads\/2025\/10\/686\/384\/young-woman-old-man-hug.jpg?ve=1&amp;tl=1 2x\" height=\"192\" width=\"343\"><source media=\"(min-width: 768px) and (max-width: 1023px)\" srcset=\"https:\/\/a57.foxnews.com\/static.foxnews.com\/foxnews.com\/content\/uploads\/2025\/10\/672\/378\/young-woman-old-man-hug.jpg?ve=1&amp;tl=1, https:\/\/a57.foxnews.com\/static.foxnews.com\/foxnews.com\/content\/uploads\/2025\/10\/1344\/756\/young-woman-old-man-hug.jpg?ve=1&amp;tl=1 2x\" height=\"378\" width=\"672\"><source media=\"(min-width: 1024px) and (max-width: 1279px)\" srcset=\"https:\/\/a57.foxnews.com\/static.foxnews.com\/foxnews.com\/content\/uploads\/2025\/10\/931\/523\/young-woman-old-man-hug.jpg?ve=1&amp;tl=1, https:\/\/a57.foxnews.com\/static.foxnews.com\/foxnews.com\/content\/uploads\/2025\/10\/1862\/1046\/young-woman-old-man-hug.jpg?ve=1&amp;tl=1 2x\" height=\"523\" width=\"931\"><source media=\"(min-width: 1280px)\" srcset=\"https:\/\/a57.foxnews.com\/static.foxnews.com\/foxnews.com\/content\/uploads\/2025\/10\/720\/405\/young-woman-old-man-hug.jpg?ve=1&amp;tl=1, https:\/\/a57.foxnews.com\/static.foxnews.com\/foxnews.com\/content\/uploads\/2025\/10\/1440\/810\/young-woman-old-man-hug.jpg?ve=1&amp;tl=1 2x\" height=\"405\" width=\"720\"><img loading=\"lazy\" decoding=\"async\" src=\"https:\/\/a57.foxnews.com\/static.foxnews.com\/foxnews.com\/content\/uploads\/2025\/10\/1200\/675\/young-woman-old-man-hug.jpg?ve=1&amp;tl=1\" alt=\"Una joven abraza a un hombre mayor\" width=\"1200\" height=\"675\"\/><\/source><\/source><\/source><\/source><\/picture><\/div>\n<div class=\"info\">\n<div class=\"caption\">\n<p><span>Las mujeres han vuelto a tener una esperanza de vida de 76,3 a\u00f1os y los hombres de 71,5 a\u00f1os, seg\u00fan el \u00faltimo informe.<\/span> <span>(iStock)<\/span><\/p>\n<\/div>\n<\/div>\n<\/div>\n<p>Si bien la esperanza de vida mundial ha aumentado, las tasas de mortalidad de j\u00f3venes y adultos j\u00f3venes aumentaron entre 2011 y 2023, seg\u00fan el informe.<\/p>\n<p>En Am\u00e9rica del Norte, las tasas de mortalidad entre las personas de 5 a 14 a\u00f1os aumentaron un 11,5%. Aumentaron un 31,7% para los de 25 a 29 a\u00f1os, y aumentaron casi un 50% para el grupo de 30 a 39 a\u00f1os.<\/p>\n<p><strong><u>HAGA CLIC AQU\u00cd PARA OBTENER LA APLICACI\u00d3N FOX NEWS<\/u><\/strong><\/p>\n<p>En Europa del Este, el mayor aumento de la mortalidad se produjo entre las personas de 15 a 19 a\u00f1os con un aumento del 53,9%, y las de entre 20 y 24 a\u00f1os experimentaron un aumento del 40,1%.<\/p>\n<p>Los investigadores se\u00f1alaron posibles razones por las que la mortalidad est\u00e1 aumentando entre las personas m\u00e1s j\u00f3venes, incluido el uso de sustancias y los problemas de salud conductual en Am\u00e9rica del Norte y Am\u00e9rica Latina.<\/p>\n<p><strong><u>HAGA CLIC AQU\u00cd PARA SUSCRIBIRSE A NUESTRO BOLET\u00cdN DE SALUD<\/u><\/strong><\/p>\n<p>Se trata de \u00abmuertes por desesperaci\u00f3n\u00bb, como sobredosis de drogas, complicaciones relacionadas con el alcohol y suicidios impulsados \u200b\u200bpor factores econ\u00f3micos, sociales y psicol\u00f3gicos.<\/p>\n<div class=\"image-ct inline\">\n<div class=\"m\"><picture><source media=\"(max-width: 767px)\" srcset=\"https:\/\/a57.foxnews.com\/static.foxnews.com\/foxnews.com\/content\/uploads\/2023\/09\/343\/192\/iStock-1451768057.jpg?ve=1&amp;tl=1, https:\/\/a57.foxnews.com\/static.foxnews.com\/foxnews.com\/content\/uploads\/2023\/09\/686\/384\/iStock-1451768057.jpg?ve=1&amp;tl=1 2x\" height=\"192\" width=\"343\"><source media=\"(min-width: 768px) and (max-width: 1023px)\" srcset=\"https:\/\/a57.foxnews.com\/static.foxnews.com\/foxnews.com\/content\/uploads\/2023\/09\/672\/378\/iStock-1451768057.jpg?ve=1&amp;tl=1, https:\/\/a57.foxnews.com\/static.foxnews.com\/foxnews.com\/content\/uploads\/2023\/09\/1344\/756\/iStock-1451768057.jpg?ve=1&amp;tl=1 2x\" height=\"378\" width=\"672\"><source media=\"(min-width: 1024px) and (max-width: 1279px)\" srcset=\"https:\/\/a57.foxnews.com\/static.foxnews.com\/foxnews.com\/content\/uploads\/2023\/09\/931\/523\/iStock-1451768057.jpg?ve=1&amp;tl=1, https:\/\/a57.foxnews.com\/static.foxnews.com\/foxnews.com\/content\/uploads\/2023\/09\/1862\/1046\/iStock-1451768057.jpg?ve=1&amp;tl=1 2x\" height=\"523\" width=\"931\"><source media=\"(min-width: 1280px)\" srcset=\"https:\/\/a57.foxnews.com\/static.foxnews.com\/foxnews.com\/content\/uploads\/2023\/09\/720\/405\/iStock-1451768057.jpg?ve=1&amp;tl=1, https:\/\/a57.foxnews.com\/static.foxnews.com\/foxnews.com\/content\/uploads\/2023\/09\/1440\/810\/iStock-1451768057.jpg?ve=1&amp;tl=1 2x\" height=\"405\" width=\"720\"><img loading=\"lazy\" decoding=\"async\" src=\"https:\/\/a57.foxnews.com\/static.foxnews.com\/foxnews.com\/content\/uploads\/2023\/09\/1200\/675\/iStock-1451768057.jpg?ve=1&amp;tl=1\" alt=\"silueta de una mujer deprimida\" width=\"1200\" height=\"675\"\/><\/source><\/source><\/source><\/source><\/picture><\/div>\n<div class=\"info\">\n<div class=\"caption\">\n<p><span>Las tasas de mortalidad han aumentado entre los j\u00f3venes y los adultos j\u00f3venes, lo que podr\u00eda deberse a factores econ\u00f3micos, sociales y psicol\u00f3gicos.<\/span> <span>(iStock)<\/span><\/p>\n<\/div>\n<\/div>\n<\/div>\n<p>Los investigadores enfatizaron que las prioridades pol\u00edticas para la reducci\u00f3n de la mortalidad en todo el mundo \u00abdeben cambiar si se quiere abordar mejor esta realidad\u00bb.<\/p>\n<p><strong><u>PRUEBA CON NUESTRO \u00daLTIMO QUIZ DE ESTILO DE VIDA<\/u><\/strong><\/p>\n<p>\u00abLos formuladores de pol\u00edticas en estos lugares deber\u00edan priorizar pol\u00edticas que mejoren el acceso a la atenci\u00f3n y aborden los determinantes sociales de la salud para estos grupos de edad en particular\u00bb, comentaron los autores.<\/p>\n<p><strong><u>HAGA CLIC AQU\u00cd PARA M\u00c1S HISTORIAS DE SALUD<\/u><\/strong><\/p>\n<p>\u00abLos hallazgos de este estudio ayudar\u00e1n a informar el desarrollo, la implementaci\u00f3n y la evaluaci\u00f3n de pol\u00edticas para garantizar que los sistemas de salud, las econom\u00edas y las sociedades est\u00e9n preparados para abordar las mayores necesidades de salud del mundo\u00bb, agregaron.<\/p>\n<p> <!----> <\/p>\n<div class=\"article-meta\">\n<div class=\"author-bio\">\n<p>Angelica Stabile es reportera de estilo de vida de Fox News Digital.<\/p>\n<\/div>\n<\/div>\n<\/div>\n\n","protected":false},"excerpt":{"rendered":"<p>NUEVO\u00a1Ahora puedes escuchar los art\u00edculos de Fox News! La esperanza de vida ha vuelto a los niveles previos a la pandemia, seg\u00fan una investigaci\u00f3n sanitaria mundial, pero las tasas de mortalidad de adolescentes y adultos j\u00f3venes son cada vez m\u00e1s preocupantes. La \u00faltima versi\u00f3n del Estudio sobre la carga mundial de enfermedades, lesiones y factores &hellip;<\/p>\n","protected":false},"author":1,"featured_media":45819,"comment_status":"open","ping_status":"open","sticky":false,"template":"","format":"standard","meta":{"fifu_image_url":"https:\/\/a57.foxnews.com\/static.foxnews.com\/foxnews.com\/content\/uploads\/2025\/10\/1200\/675\/young-old-man-life-expectancy.jpg?ve=1&tl=1","fifu_image_alt":"","footnotes":""},"categories":[8],"tags":[],"class_list":["post-45817","post","type-post","status-publish","format-standard","has-post-thumbnail","","category-salud"],"_links":{"self":[{"href":"https:\/\/noticiasveraces.com\/index.php?rest_route=\/wp\/v2\/posts\/45817","targetHints":{"allow":["GET"]}}],"collection":[{"href":"https:\/\/noticiasveraces.com\/index.php?rest_route=\/wp\/v2\/posts"}],"about":[{"href":"https:\/\/noticiasveraces.com\/index.php?rest_route=\/wp\/v2\/types\/post"}],"author":[{"embeddable":true,"href":"https:\/\/noticiasveraces.com\/index.php?rest_route=\/wp\/v2\/users\/1"}],"replies":[{"embeddable":true,"href":"https:\/\/noticiasveraces.com\/index.php?rest_route=%2Fwp%2Fv2%2Fcomments&post=45817"}],"version-history":[{"count":0,"href":"https:\/\/noticiasveraces.com\/index.php?rest_route=\/wp\/v2\/posts\/45817\/revisions"}],"wp:featuredmedia":[{"embeddable":true,"href":"https:\/\/noticiasveraces.com\/index.php?rest_route=\/wp\/v2\/media\/45819"}],"wp:attachment":[{"href":"https:\/\/noticiasveraces.com\/index.php?rest_route=%2Fwp%2Fv2%2Fmedia&parent=45817"}],"wp:term":[{"taxonomy":"category","embeddable":true,"href":"https:\/\/noticiasveraces.com\/index.php?rest_route=%2Fwp%2Fv2%2Fcategories&post=45817"},{"taxonomy":"post_tag","embeddable":true,"href":"https:\/\/noticiasveraces.com\/index.php?rest_route=%2Fwp%2Fv2%2Ftags&post=45817"}],"curies":[{"name":"wp","href":"https:\/\/api.w.org\/{rel}","templated":true}]}}