{"id":45804,"date":"2025-10-15T12:15:03","date_gmt":"2025-10-15T16:15:03","guid":{"rendered":"https:\/\/noticiasveraces.com\/?p=45804"},"modified":"2025-10-15T12:15:03","modified_gmt":"2025-10-15T16:15:03","slug":"por-que-carlos-antonio-velez-no-comento-colombia-vs-canada-en-rcn","status":"publish","type":"post","link":"https:\/\/noticiasveraces.com\/?p=45804","title":{"rendered":"\u00bfPor qu\u00e9 Carlos Antonio V\u00e9lez no coment\u00f3 Colombia vs Canad\u00e1 en RCN?"},"content":{"rendered":"<p> \n<br \/><img decoding=\"async\" src=\"https:\/\/www.futbolred.com\/files\/article_graphic\/uploads\/2024\/11\/15\/67380ce3e01f1.jpeg\" \/><\/p>\n<header>\n<h3>Curiosidades de f\u00fatbol<br \/>\n            <\/h3>\n<h1>\u00bfPor qu\u00e9 Carlos Antonio V\u00e9lez no coment\u00f3 Colombia vs Canad\u00e1 en RCN?<br \/>\n        <\/h1>\n<address>\n            <a>Juan Pablo Ar\u00e9valo<br \/>\n        <\/address>\n<p>        14 de octubre de 2025, 19:48 m.<\/p>\n<\/header>\n<p>Sorpresa en la transmisi\u00f3n del partido amistoso de la Selecci\u00f3n. Decisiones de dos grandes canales.<\/p>\n<p>Colombia enfrent\u00f3 a Canad\u00e1 este martes 14 de octubre en el segundo partido amistoso internacional de la fecha FIFA, como parte de la preparaci\u00f3n de la Selecci\u00f3n hacia la Copa Mundial de la FIFA 2026, que se disputar\u00e1 en Estados Unidos, M\u00e9xico y Canad\u00e1.<\/p>\n<p>En la televisi\u00f3n colombiana sorprendi\u00f3 que el <i>Canal RCN<\/i> no tuvo a Carlos Antonio V\u00e9lez como comentarista principal en la transmisi\u00f3n del juego de la Selecci\u00f3n, pues es un habitual en la lucha por el rating con el <i>Canal Caracol<\/i> y su producto <i>\u2018Gol Caracol\u2019<\/i>.<\/p>\n<p>As\u00ed, el equipo de <i>RCN<\/i> lo conform\u00f3 el narrador Eduardo Luis L\u00f3pez, el comentarista Juan Felipe Cadavid y la presencia de Ricardo Henao como periodista de campo, en el Red Bull Arena, de New Jersey.<\/p>\n<p>As\u00ed, varios televidentes se preguntaron por qu\u00e9 el Doctor V\u00e9lez no analiz\u00f3 el compromiso de la Tricolor cafetera, si ha sido uno de los m\u00e1s equilibrados y cr\u00edticos a la hora de comentar los juegos del equipo que dirige N\u00e9stor Lorenzo.<\/p>\n<p>As\u00ed, se conoci\u00f3 el motivo porque el V\u00e9lez no estuvo con <i>RCN<\/i>y se revel\u00f3 que fue una decisi\u00f3n que tomaron dos grandes canales.<\/p>\n<p>La raz\u00f3n fue que Carlos Antonio V\u00e9lez acompa\u00f1\u00f3 al narrador Tito Puccetti y a Faryd Mondrag\u00f3n en la transmisi\u00f3n del partido Atl\u00e9tico Nacional vs Deportivo Cali, correspondiente a la jornada 15 de la Liga BetPlay II-2025, y que se vio en el canal <i>ganar deportes<\/i>.<\/p>\n\n","protected":false},"excerpt":{"rendered":"<p>Curiosidades de f\u00fatbol \u00bfPor qu\u00e9 Carlos Antonio V\u00e9lez no coment\u00f3 Colombia vs Canad\u00e1 en RCN? Juan Pablo Ar\u00e9valo 14 de octubre de 2025, 19:48 m. Sorpresa en la transmisi\u00f3n del partido amistoso de la Selecci\u00f3n. Decisiones de dos grandes canales. Colombia enfrent\u00f3 a Canad\u00e1 este martes 14 de octubre en el segundo partido amistoso internacional &hellip;<\/p>\n","protected":false},"author":1,"featured_media":45806,"comment_status":"open","ping_status":"open","sticky":false,"template":"","format":"standard","meta":{"fifu_image_url":"https:\/\/www.futbolred.com\/files\/og_thumbnail\/uploads\/2024\/11\/15\/67380ce3e01f1.jpeg","fifu_image_alt":"","footnotes":""},"categories":[6],"tags":[],"class_list":["post-45804","post","type-post","status-publish","format-standard","has-post-thumbnail","","category-deportes"],"_links":{"self":[{"href":"https:\/\/noticiasveraces.com\/index.php?rest_route=\/wp\/v2\/posts\/45804","targetHints":{"allow":["GET"]}}],"collection":[{"href":"https:\/\/noticiasveraces.com\/index.php?rest_route=\/wp\/v2\/posts"}],"about":[{"href":"https:\/\/noticiasveraces.com\/index.php?rest_route=\/wp\/v2\/types\/post"}],"author":[{"embeddable":true,"href":"https:\/\/noticiasveraces.com\/index.php?rest_route=\/wp\/v2\/users\/1"}],"replies":[{"embeddable":true,"href":"https:\/\/noticiasveraces.com\/index.php?rest_route=%2Fwp%2Fv2%2Fcomments&post=45804"}],"version-history":[{"count":0,"href":"https:\/\/noticiasveraces.com\/index.php?rest_route=\/wp\/v2\/posts\/45804\/revisions"}],"wp:featuredmedia":[{"embeddable":true,"href":"https:\/\/noticiasveraces.com\/index.php?rest_route=\/wp\/v2\/media\/45806"}],"wp:attachment":[{"href":"https:\/\/noticiasveraces.com\/index.php?rest_route=%2Fwp%2Fv2%2Fmedia&parent=45804"}],"wp:term":[{"taxonomy":"category","embeddable":true,"href":"https:\/\/noticiasveraces.com\/index.php?rest_route=%2Fwp%2Fv2%2Fcategories&post=45804"},{"taxonomy":"post_tag","embeddable":true,"href":"https:\/\/noticiasveraces.com\/index.php?rest_route=%2Fwp%2Fv2%2Ftags&post=45804"}],"curies":[{"name":"wp","href":"https:\/\/api.w.org\/{rel}","templated":true}]}}