{"id":45782,"date":"2025-10-15T10:07:01","date_gmt":"2025-10-15T14:07:01","guid":{"rendered":"https:\/\/noticiasveraces.com\/?p=45782"},"modified":"2025-10-15T10:07:01","modified_gmt":"2025-10-15T14:07:01","slug":"inspirada-en-un-perro-victima-de-crueldad-colombia-aumenta-penas-por-maltrato-animal","status":"publish","type":"post","link":"https:\/\/noticiasveraces.com\/?p=45782","title":{"rendered":"Inspirada en un perro v\u00edctima de crueldad, Colombia aumenta penas por maltrato animal"},"content":{"rendered":"<p> \n<br \/><img decoding=\"async\" src=\"https:\/\/gdb.voanews.com\/b676d351-7794-4721-3387-08dd5c897904_w800_h450.jpg\" \/><\/p>\n<div>\n<span class=\"dateline\">BOGOT\u00c1 \u2014 <\/span><\/p>\n<p style=\"text-align: left;\">El Congreso de Colombia aprob\u00f3 una ley que endurece las condenas contra el maltrato animal con penas de hasta 56 meses de c\u00e1rcel.<\/p>\n<p style=\"text-align: left;\">La ley lleva el nombre de un perro llamado \u00c1ngel, que fue v\u00edctima de crueldad extrema en octubre de 2021 por parte de un hombre que lo despellej\u00f3 vivo en la localidad de Saboy\u00e1, en el departamento de Boyac\u00e1, en el centro de Colombia.<\/p>\n<p style=\"text-align: left;\">\u00c1ngel logr\u00f3 sobrevivir gracias a la fundaci\u00f3n sin \u00e1nimo de lucro Asociaci\u00f3n de Protecci\u00f3n Animal Mi Mejor Amigo, que lo recuper\u00f3 de las graves heridas.<\/p>\n<p style=\"text-align: left;\">\u201cEl perrito lo traen en un pedazo de llanta y el perrito viene sin piel. Nos planteamos la eutanasia, y el veterinario me dice que el perrito fue atacado hace cuatro d\u00edas y est\u00e1 de pie, est\u00e1 comiendo y ha estado luchando cuatro d\u00edas sin atenci\u00f3n m\u00e9dica. Entonces dijimos: \u2018Vamos a luchar porque \u00e9l quiere vivir\u2019, y comenz\u00f3 esta historia con \u00c1ngel\u201d, dice su cuidadora Vivian Nieto, directora de la Asociaci\u00f3n de Protecci\u00f3n Animal<\/p>\n<p style=\"text-align: left;\">\u201cDesde ese d\u00eda, su calidad de vida fue muy buena porque era muy cuidado. Era loco, era loquillo y sal\u00eda a molestar a todos los vecinos todos los d\u00edas. Ladraba para que le abrieran y as\u00ed poder ir a ladrarle a la vaca. A trav\u00e9s de la reja siempre hac\u00eda eso\u201d, agrega Vivian sobre \u00c1ngel, quien se convirti\u00f3 en un s\u00edmbolo de la lucha por los derechos de los animales.<\/p>\n<p style=\"text-align: left;\">\u00c1ngel falleci\u00f3 el 18 de febrero de 2025, dos semanas antes de que la ley que inspir\u00f3 fuera aprobada por el Congreso. La <em><strong>Voz de Am\u00e9rica<\/strong><\/em>  habl\u00f3 con la senadora Andrea Padilla, autora del proyecto, quien desde que conoci\u00f3 el caso llev\u00f3 la iniciativa al legislativo colombiano para que las sentencias contra agresores de animales fueran m\u00e1s severas.<\/p>\n<p style=\"text-align: left;\">\u201cActualmente, la ley establece una sanci\u00f3n de 12 a 36 meses, lo que convierte el delito en excarcelable e impide que haya medida de aseguramiento. Nosotros estamos aumentando la pena de 32 a 56 meses cuando la consecuencia es la muerte del animal, y de 20 a 48 meses cuando se le causen lesiones graves\u201d, explic\u00f3 Padilla.<\/p>\n<p style=\"text-align: left;\">Adem\u00e1s del aumento de la pena privativa de la libertad para quienes causen da\u00f1o a un animal, las multas econ\u00f3micas tambi\u00e9n se incrementar\u00e1n, con sanciones de entre 15 y 30 salarios m\u00ednimos legales vigentes.<\/p>\n<p style=\"text-align: left;\">Asimismo, la multa aumentar\u00e1 si el maltratador causa la muerte del animal, y en ese caso tendr\u00eda que pagar entre 30 y 60 salarios m\u00ednimos.<\/p>\n<p style=\"text-align: left;\">Igualmente, la ley establece que las sanciones se duplicar\u00e1n en caso de reincidencia y se proh\u00edbe la tenencia de animales a quienes sean condenados por este delito.<\/p>\n<p style=\"text-align: left;\">En Colombia desde 2016, de acuerdo a cifras oficiales se han registrado m\u00e1s de 14.000 denuncias de maltrato animal en el pa\u00eds, y de las cu\u00e1les solo el 14 % termin\u00f3 en condena.<\/p>\n<p style=\"text-align: left;\">\u201cGracias a \u00c1ngel salvamos m\u00e1s de 6.000 animalitos, porque la gente nos conoc\u00eda y lo quer\u00eda mucho. Todo el tiempo preguntaban por \u00e9l, y adem\u00e1s, era s\u00faper querido con los animalitos que llegaban\u201d, precisa Vivian.<\/p>\n<h3 class=\"wsw__h3\" style=\"text-align: left;\">\u00bfC\u00f3mo est\u00e1 el panorama regional contra el maltrato animal en Am\u00e9rica Latina?<\/h3>\n<p style=\"text-align: left;\">En la regi\u00f3n, varios pa\u00edses cuentan con un marco legal que reconoce a los animales como \u201cseres sintientes\u201d, por lo que castigan el maltrato.<\/p>\n<p style=\"text-align: left;\">En Argentina, Brasil, Chile, M\u00e9xico, Per\u00fa, Bolivia, Uruguay y Venezuela, las medidas de protecci\u00f3n han ganado bastante terreno y existen leyes severas para quienes maltraten o causen da\u00f1o a un animal. Las penas y sanciones var\u00edan seg\u00fan el caso y la legislaci\u00f3n de cada naci\u00f3n.<\/p>\n<p style=\"text-align: left;\">Por su parte, en El Salvador, Guatemala y Honduras existen leyes de protecci\u00f3n al bienestar de los animales. Generalmente, las sanciones suelen ser multas econ\u00f3micas, a excepci\u00f3n de El Salvador, donde desde 2022 el maltrato animal es un delito penal que se paga con c\u00e1rcel.<\/p>\n<p style=\"text-align: left;\">Finalmente, Vivian, la cuidadora de \u00c1ngel, concluye que est\u00e1 feliz por la ley y espera que alg\u00fan d\u00eda el maltratador de su perro pague una condena.<\/p>\n<p style=\"text-align: left;\">\u201c\u00c1ngel signific\u00f3 todo para m\u00ed. Y lo que te digo es que, gracias a \u00e9l, se salvaron millones de animalitos. Yo lo am\u00e9, lo respet\u00e9, lo cuid\u00e9 y le devolv\u00ed la dignidad que un d\u00eda le quitaron\u201d, relata Vivian a la <em><strong>VOA<\/strong><\/em>.<\/p>\n<p style=\"text-align: start;\"><em><strong>\u00a1Con\u00e9ctate con la Voz de Am\u00e9rica! Suscr\u00edbete a nuestros canales de <\/strong><\/em><em><strong>YouTube<\/strong><\/em><em><strong>, <\/strong><\/em><em><strong>WhatsApp<\/strong><\/em><em><strong>  y al <\/strong><\/em><em><strong>hoja informativa<\/strong><\/em><em><strong>. Activa las notificaciones y s\u00edguenos en <\/strong><\/em><em><strong>Facebook<\/strong><\/em><em><strong>, <\/strong><\/em><a class=\"wsw__a\" href=\"https:\/\/nam10.safelinks.protection.outlook.com\/?url=https%3A%2F%2Ftwitter.com%2FVozdeAmerica&amp;data=05%7C02%7Cwserrano%40voanews.com%7C0b9cfda59f52447b0ed708dc07d64451%7Cba99e87c673541c2b1c1354eee3a8659%7C0%7C0%7C638393864063639904%7CUnknown%7CTWFpbGZsb3d8eyJWIjoiMC4wLjAwMDAiLCJQIjoiV2luMzIiLCJBTiI6Ik1haWwiLCJXVCI6Mn0%3D%7C3000%7C%7C%7C&amp;sdata=unLJDFixL8cjTiSip1dC8ViP8otjrQyzq1ziP2g1PMo%3D&amp;reserved=0\"><em><strong>inc\u00f3gnita<\/strong><\/em><\/a><em><strong>  mi <\/strong><\/em><em><strong>Instagram<\/strong><\/em><em><strong>.<\/strong><\/em><\/p>\n<\/div>\n<p><script async src=\"https:\/\/platform.twitter.com\/widgets.js\" charset=\"utf-8\"><\/script><script async src=\"\/\/www.instagram.com\/embed.js\"><\/script><br \/>\n<br \/>\n","protected":false},"excerpt":{"rendered":"<p>BOGOT\u00c1 \u2014 El Congreso de Colombia aprob\u00f3 una ley que endurece las condenas contra el maltrato animal con penas de hasta 56 meses de c\u00e1rcel. La ley lleva el nombre de un perro llamado \u00c1ngel, que fue v\u00edctima de crueldad extrema en octubre de 2021 por parte de un hombre que lo despellej\u00f3 vivo en &hellip;<\/p>\n","protected":false},"author":1,"featured_media":45784,"comment_status":"open","ping_status":"open","sticky":false,"template":"","format":"standard","meta":{"fifu_image_url":"https:\/\/gdb.voanews.com\/b676d351-7794-4721-3387-08dd5c897904_w1200_h630.jpg","fifu_image_alt":"","footnotes":""},"categories":[13],"tags":[],"class_list":["post-45782","post","type-post","status-publish","format-standard","has-post-thumbnail","","category-mundo"],"_links":{"self":[{"href":"https:\/\/noticiasveraces.com\/index.php?rest_route=\/wp\/v2\/posts\/45782","targetHints":{"allow":["GET"]}}],"collection":[{"href":"https:\/\/noticiasveraces.com\/index.php?rest_route=\/wp\/v2\/posts"}],"about":[{"href":"https:\/\/noticiasveraces.com\/index.php?rest_route=\/wp\/v2\/types\/post"}],"author":[{"embeddable":true,"href":"https:\/\/noticiasveraces.com\/index.php?rest_route=\/wp\/v2\/users\/1"}],"replies":[{"embeddable":true,"href":"https:\/\/noticiasveraces.com\/index.php?rest_route=%2Fwp%2Fv2%2Fcomments&post=45782"}],"version-history":[{"count":0,"href":"https:\/\/noticiasveraces.com\/index.php?rest_route=\/wp\/v2\/posts\/45782\/revisions"}],"wp:featuredmedia":[{"embeddable":true,"href":"https:\/\/noticiasveraces.com\/index.php?rest_route=\/wp\/v2\/media\/45784"}],"wp:attachment":[{"href":"https:\/\/noticiasveraces.com\/index.php?rest_route=%2Fwp%2Fv2%2Fmedia&parent=45782"}],"wp:term":[{"taxonomy":"category","embeddable":true,"href":"https:\/\/noticiasveraces.com\/index.php?rest_route=%2Fwp%2Fv2%2Fcategories&post=45782"},{"taxonomy":"post_tag","embeddable":true,"href":"https:\/\/noticiasveraces.com\/index.php?rest_route=%2Fwp%2Fv2%2Ftags&post=45782"}],"curies":[{"name":"wp","href":"https:\/\/api.w.org\/{rel}","templated":true}]}}