{"id":45780,"date":"2025-10-15T09:17:05","date_gmt":"2025-10-15T13:17:05","guid":{"rendered":"https:\/\/noticiasveraces.com\/?p=45780"},"modified":"2025-10-15T09:17:05","modified_gmt":"2025-10-15T13:17:05","slug":"se-acabaron-las-ayudas-a-las-placas-solares-individuales-los-fondos-iran-al-autoconsumo-colectivo-que-ayude-a-vulnerables-clima-y-medio-ambiente","status":"publish","type":"post","link":"https:\/\/noticiasveraces.com\/?p=45780","title":{"rendered":"Se acabaron las ayudas a las placas solares individuales: los fondos ir\u00e1n al autoconsumo colectivo que ayude a vulnerables | Clima y Medio Ambiente"},"content":{"rendered":"<p> \n<\/p>\n<div data-dtm-region=\"articulo_cuerpo\">\n<p class=\"\">En los \u00faltimos a\u00f1os hemos visto multiplicarse las placas solares en viviendas unifamiliares, impulsadas primero por las subvenciones europeas \u2014que finalizaron en 2023\u2014 y ahora por el abaratamiento de los paneles, que hace que sean rentables en pocos a\u00f1os. En cambio, el autoconsumo colectivo \u2014aquel que comparten varios ciudadanos, a veces con una empresa o administraci\u00f3n\u2014 todav\u00eda supone un enorme reto. Por eso, el Instituto para la Diversificaci\u00f3n y Ahorro de la Energ\u00eda (IDAE) ha lanzado una l\u00ednea de ayudas para proyectos fotovoltaicos colectivos con almacenamiento que beneficien a colectivos vulnerables. En los pr\u00f3ximos meses los veremos instalarse en cubiertas de campos de f\u00fatbol, edificios, polideportivos, naves industriales e incluso en islas, aunque algunas iniciativas pioneras ya se han adelantado. <\/p>\n<p class=\"\">\u201cEl autoconsumo individual ya ha cogido velocidad de crucero, creemos que ya no necesita de ayudas espec\u00edficas \u2014aunque mantiene bonificaciones como rebajas de impuestos\u2014\u201d, explica Miguel Rodrigo, director general del IDAE, dependiente de Transici\u00f3n Ecol\u00f3gica. \u201cPero s\u00ed hace falta incentivar los proyectos colectivos que lleguen a rentas bajas\u201d, a\u00f1ade Rodrigo. Es precisamente eso lo que hace el programa 4 de las subvenciones Renoinn, que ha otorgado ya 18,2 millones a 67 iniciativas por toda Espa\u00f1a. Con la futura Estrategia Estatal de Pobreza Energ\u00e9tica est\u00e1 previsto que estas subvenciones aumenten. <\/p>\n<figure class=\"a_m a_m-h \"><span class=\"_db a_m_w _pr lb_btn\"><img decoding=\"auto\" class=\"_re lazyload a_m-h\" height=\"232\" srcset=\"https:\/\/imagenes.elpais.com\/resizer\/v2\/7ZKKXXUPMNGHPGP4WVBH3MR244.jpg?auth=6aaaf64f72246b2ca717d4320749c25a32431ba47c592ac93bbae4c0fa6f3906&amp;width=414 414w,https:\/\/imagenes.elpais.com\/resizer\/v2\/7ZKKXXUPMNGHPGP4WVBH3MR244.jpg?auth=6aaaf64f72246b2ca717d4320749c25a32431ba47c592ac93bbae4c0fa6f3906&amp;width=828 640w,https:\/\/imagenes.elpais.com\/resizer\/v2\/7ZKKXXUPMNGHPGP4WVBH3MR244.jpg?auth=6aaaf64f72246b2ca717d4320749c25a32431ba47c592ac93bbae4c0fa6f3906&amp;width=980 1000w,https:\/\/imagenes.elpais.com\/resizer\/v2\/7ZKKXXUPMNGHPGP4WVBH3MR244.jpg?auth=6aaaf64f72246b2ca717d4320749c25a32431ba47c592ac93bbae4c0fa6f3906&amp;width=1960 1960w\" width=\"414\" sizes=\"auto, (min-width:1199px) 1155px,(min-width:1001px) calc(100vw - 44px),(min-width:768px) 767px, 100vw\" src=\"https:\/\/imagenes.elpais.com\/resizer\/v2\/7ZKKXXUPMNGHPGP4WVBH3MR244.jpg?auth=6aaaf64f72246b2ca717d4320749c25a32431ba47c592ac93bbae4c0fa6f3906&amp;width=414\" loading=\"lazy\"\/><svg aria-hidden=\"true\" class=\"icon_multimedia_ampliar | _pa a_m_i a_m_i-a _dn\" viewbox=\"0 0 40 40\"><use xlink:href=\"#svg-ampliar\"\/><\/svg><\/span><figcaption class=\"a_m_p\" aria-hidden=\"true\"><span>Instalaci\u00f3n de placas solares para un proyecto de autoconsumo colectivo instalado por Ecooo en un edificio de Vallecas (Madrid).<\/span><span class=\"a_m_m\">Proporcionado por Ecooo<\/span><\/figcaption><\/figure>\n<p class=\"\">\u201cLa mayor\u00eda de los proyectos financiados est\u00e1n impulsados por ayuntamientos, entidades p\u00fablicas o comunidades energ\u00e9ticas. Son instalaciones de autoconsumo colectivo en las que al menos un 10% de los consumidores beneficiados son vulnerables. Eso permite involucrar a personas que tradicionalmente se quedaban fuera de este tipo de iniciativas, y que ahora ver\u00e1n una reducci\u00f3n en su factura de la luz\u201d, contin\u00faa Rodrigo. <\/p>\n<p class=\"\">Una de las beneficiarias es la Diputaci\u00f3n de Pontevedra, que pondr\u00e1 paneles en 38 ayuntamientos peque\u00f1os y medianos. \u201cCada uno de ellos tendr\u00e1 una instalaci\u00f3n de 99,9 kilovatios (kW) y un almacenamiento de otros 50, con lo que se va a cubrir el consumo del consistorio y adem\u00e1s se va a compartir la energ\u00eda con quien lo necesite en un radio de dos kil\u00f3metros\u201d, explica Javier Tour\u00eds, diputado provincial de Acci\u00f3n Comunitaria en la provincia. \u201cLlegar\u00e1n a instalaciones municipales, pabellones, edificios y gradas de campos de f\u00fatbol. Estamos en la fase de proyectos y todos tendr\u00e1n que estar instalados antes del pr\u00f3ximo marzo\u201d, prosigue. El coste son 4,2 millones \u2014el IDAE subvenciona 2,4\u2014, producir\u00e1n casi 6 gigavatios hora (GWh) y la energ\u00eda llegar\u00e1 a unas 900 personas. <\/p>\n<p class=\"\">Torrej\u00f3n de Ardoz (Madrid) invertir\u00e1 26,5 millones \u20148,4 de subvenci\u00f3n\u2014 para instalar 33,25 megavatios (MW) de potencia y 17 MWh de almacenamiento para dar servicio a unos 7.600 usuarios, de los cuales alrededor de un tercio (2.700) ser\u00e1n vulnerables. La iniciativa forma parte del proyecto general de creaci\u00f3n de una red de distrito de energ\u00eda t\u00e9rmica sostenible con respaldo de una planta fotovoltaica en modalidad de autoconsumo colectivo. <\/p>\n<figure class=\"a_m a_m-h \"><span class=\"_db a_m_w _pr lb_btn\"><img decoding=\"auto\" class=\"_re lazyload a_m-h\" height=\"311\" srcset=\"https:\/\/imagenes.elpais.com\/resizer\/v2\/L4KL2MKF5RDKZEZZY76O2TFSLU.jpg?auth=d3f790ed5c905b44afc5f8211a371804a169c19d4c98c437313fb5f252ac58e4&amp;width=414 414w,https:\/\/imagenes.elpais.com\/resizer\/v2\/L4KL2MKF5RDKZEZZY76O2TFSLU.jpg?auth=d3f790ed5c905b44afc5f8211a371804a169c19d4c98c437313fb5f252ac58e4&amp;width=828 640w,https:\/\/imagenes.elpais.com\/resizer\/v2\/L4KL2MKF5RDKZEZZY76O2TFSLU.jpg?auth=d3f790ed5c905b44afc5f8211a371804a169c19d4c98c437313fb5f252ac58e4&amp;width=980 1000w,https:\/\/imagenes.elpais.com\/resizer\/v2\/L4KL2MKF5RDKZEZZY76O2TFSLU.jpg?auth=d3f790ed5c905b44afc5f8211a371804a169c19d4c98c437313fb5f252ac58e4&amp;width=1960 1960w\" width=\"414\" sizes=\"auto, (min-width:1199px) 1155px,(min-width:1001px) calc(100vw - 44px),(min-width:768px) 767px, 100vw\" src=\"https:\/\/imagenes.elpais.com\/resizer\/v2\/L4KL2MKF5RDKZEZZY76O2TFSLU.jpg?auth=d3f790ed5c905b44afc5f8211a371804a169c19d4c98c437313fb5f252ac58e4&amp;width=414\" loading=\"lazy\"\/><svg aria-hidden=\"true\" class=\"icon_multimedia_ampliar | _pa a_m_i a_m_i-a _dn\" viewbox=\"0 0 40 40\"><use xlink:href=\"#svg-ampliar\"\/><\/svg><\/span><figcaption class=\"a_m_p\" aria-hidden=\"true\"><span>Placas solares instaladas en las islas C\u00edes, en el Parque Nacional Islas Atl\u00e1nticas de Galicia.<\/span><span class=\"a_m_m\">Xunta de Galicia<\/span><\/figcaption><\/figure>\n<p class=\"\">La Xunta de Galicia tiene otro proyecto en el Parque Nacional de las Islas Atl\u00e1nticas. \u201cEn la isla de Ons, donde hay 92 viviendas, nunca ha habido conexi\u00f3n el\u00e9ctrica a tierra, solo gas\u00f3leo. Aprovechando estas ayudas vamos a instalar placas en edificios de la Xunta, y desde ah\u00ed derivaremos la energ\u00eda a los ciudadanos, la mayor\u00eda de los cuales son muy mayores y vulnerables\u201d, apunta Jos\u00e9 Antonio Fern\u00e1ndez Bouza, director del parque nacional. \u201cComo adem\u00e1s lleva almacenamiento, tendr\u00e1n m\u00e1s horas de luz que ahora\u201d, dice. La Xunta ya hab\u00eda instalado placas en las cercanas Islas C\u00edes y est\u00e1 ayudando a restaurantes y camping a dejar el gas\u00f3leo gracias a la solar. \u201cSon espacios protegidos y queremos que sean islas energ\u00e9ticas autosostenibles\u201d, a\u00f1ade. <\/p>\n<p class=\"\">Otra beneficiada ser\u00e1 la Empresa Municipal de Agenda Urbana de Lleida (EMAU), que ha recibido fondos para una iniciativa similar destinada a reducir la pobreza energ\u00e9tica en la capital catalana. Se instalar\u00e1n siete sistemas fotovoltaicos en edificios de la entidad para, por un lado, reducir la factura municipal y, por otro, dar energ\u00eda a casi una veintena de viviendas sociales municipales situadas en el casco antiguo. <\/p>\n<p class=\"\">No solo hay entidades p\u00fablicas: la cooperativa social Ecooo ha incluido ocho proyectos en otros tantos edificios de la Comunidad de Madrid. \u201cLa mayor\u00eda son comunidades de propietarios que han apostado por un autoconsumo colectivo con bater\u00edas que adem\u00e1s llegan a gente con el bono social. Casi 300 familias se van a beneficiar\u201d, se\u00f1ala Marina Vargas, de la entidad social. Uno de ellos est\u00e1 en Vallecas, donde los 35 propietarios lo han puesto en la cubierta de su bloque. \u201cEstas ayudas son muy importantes porque ponen este tipo de proyectos en el debate, y se demuestra que son factibles y se convierten en una realidad\u201d, apunta Vargas. <\/p>\n<h3 class=\"\">Proyectos pioneros<\/h3>\n<p class=\"\">Mientras llegan, algunos proyectos pioneros adelantan esta tendencia. Es el caso de Taradell Sostenible, que construy\u00f3 cinco cubiertas fotovoltaicas en este municipio de menos de 7.000 habitantes en Barcelona gracias a un programa anterior de apoyo a las comunidades energ\u00e9ticas (CE Implementa). \u201cNegociamos con el Ayuntamiento para que nos licitaran dos espacios municipales, y los otros tres fue en naves industriales tras negociar con las empresas. Luego aceptamos en asamblea que las personas que estuvieran bajo supervisi\u00f3n de los servicios sociales del municipio, o acogidas al bono social, ten\u00edan derecho a abonar solo el 25% de la cuota de ser socio, es decir, solo 25 euros\u201d, explica Eugeni Ram\u00f3n, presidente de Taradell Sostenible.<\/p>\n<figure class=\"a_m a_m-h \"><span class=\"_db a_m_w _pr lb_btn\"><img decoding=\"auto\" class=\"_re lazyload a_m-h\" height=\"233\" srcset=\"https:\/\/imagenes.elpais.com\/resizer\/v2\/YVPEZYXFPJD4BPHUEZCWUW4QCE.jpg?auth=08ce968bc491eb9fde13c6fd387cdf73d145e162af99c204ead567b4f247f475&amp;width=414 414w,https:\/\/imagenes.elpais.com\/resizer\/v2\/YVPEZYXFPJD4BPHUEZCWUW4QCE.jpg?auth=08ce968bc491eb9fde13c6fd387cdf73d145e162af99c204ead567b4f247f475&amp;width=828 640w,https:\/\/imagenes.elpais.com\/resizer\/v2\/YVPEZYXFPJD4BPHUEZCWUW4QCE.jpg?auth=08ce968bc491eb9fde13c6fd387cdf73d145e162af99c204ead567b4f247f475&amp;width=980 1000w,https:\/\/imagenes.elpais.com\/resizer\/v2\/YVPEZYXFPJD4BPHUEZCWUW4QCE.jpg?auth=08ce968bc491eb9fde13c6fd387cdf73d145e162af99c204ead567b4f247f475&amp;width=1960 1960w\" width=\"414\" sizes=\"auto, (min-width:1199px) 1155px,(min-width:1001px) calc(100vw - 44px),(min-width:768px) 767px, 100vw\" src=\"https:\/\/imagenes.elpais.com\/resizer\/v2\/YVPEZYXFPJD4BPHUEZCWUW4QCE.jpg?auth=08ce968bc491eb9fde13c6fd387cdf73d145e162af99c204ead567b4f247f475&amp;width=414\" loading=\"lazy\"\/><svg aria-hidden=\"true\" class=\"icon_multimedia_ampliar | _pa a_m_i a_m_i-a _dn\" viewbox=\"0 0 40 40\"><use xlink:href=\"#svg-ampliar\"\/><\/svg><\/span><figcaption class=\"a_m_p\" aria-hidden=\"true\"><span>Instalaci\u00f3n solar para autoconsumo colectivo de Baleny\u00e0 Sostenible, en una imagen cedida por la entidad.<\/span><span class=\"a_m_m\">Cedido por Baleny\u00e0 sostenible<\/span><\/figcaption><\/figure>\n<p class=\"\">Adem\u00e1s, se han aliado con otras dos comunidades energ\u00e9ticas cercanas similares, Baleny\u00e1 Sostenible \u2014de Baleny\u00e0\u2014 y La Tonenca \u2014Tona\u2014, para pedir a los ayuntamientos de la zona \u201cun sistema de evaluaci\u00f3n de personas con derechos a recibir energ\u00eda m\u00e1s barata o gratuita que sirviese para tirar para adelante, con unos baremos que desarrollamos. Los ayuntamientos compraron t\u00edtulos para estas familias vulnerables, y al hacerse socios lo eran de pleno derecho. Con esto mejora el ascensor social\u201d, dice Ram\u00f3n. <\/p>\n<p class=\"\">\u00bfA qu\u00e9 achaca que estos proyectos tan pioneros se hayan instalado en pueblos peque\u00f1os? \u201cEn los municipios peque\u00f1os conocemos m\u00e1s la realidad cercana de nuestra poblaci\u00f3n. No tenemos barrios con marginalidad, sino que vamos casa por casa. En nuestro pueblo, por ejemplo, solo hay 12 familias que tienen problemas. Estamos mucho m\u00e1s sensibilizados, cuesta m\u00e1s despersonalizar al vecino\u201d, responde. <\/p>\n<p class=\"\">El programa Renoinn, cuya primera convocatoria ya ha finalizado, no solo cuenta con este cap\u00edtulo, sino que tambi\u00e9n incluye otros para impulsar las renovables innovadoras como la agrivoltaica \u2014que combina placas y agricultura\u2014, la fotovoltaica flotante \u2014en agua\u2014 o integrada en infraestructuras \u2014como parkings o carreteras\u2014, que adem\u00e1s incorporen almacenamiento. Tambi\u00e9n ha subvencionado bombas de calor renovable. En total, contando todos los cap\u00edtulos, son 148,5 millones para impulsar casi 200 proyectos. Algunos de ellos marcan el camino de por d\u00f3nde ir\u00e1n las renovables en los pr\u00f3ximos a\u00f1os. <\/p>\n<\/div>\n\n","protected":false},"excerpt":{"rendered":"<p>En los \u00faltimos a\u00f1os hemos visto multiplicarse las placas solares en viviendas unifamiliares, impulsadas primero por las subvenciones europeas \u2014que finalizaron en 2023\u2014 y ahora por el abaratamiento de los paneles, que hace que sean rentables en pocos a\u00f1os. En cambio, el autoconsumo colectivo \u2014aquel que comparten varios ciudadanos, a veces con una empresa o &hellip;<\/p>\n","protected":false},"author":1,"featured_media":45781,"comment_status":"open","ping_status":"open","sticky":false,"template":"","format":"standard","meta":{"fifu_image_url":"https:\/\/imagenes.elpais.com\/resizer\/v2\/OA6NDC5UVBDXDF3RGQT5SJED6E.JPG?auth=02a26d8a129ffe6c055cbf4ef5f010581c573b4e92f36fab2368bcd601ca1a38&width=1200","fifu_image_alt":"","footnotes":""},"categories":[11],"tags":[],"class_list":["post-45780","post","type-post","status-publish","format-standard","has-post-thumbnail","","category-viaje"],"_links":{"self":[{"href":"https:\/\/noticiasveraces.com\/index.php?rest_route=\/wp\/v2\/posts\/45780","targetHints":{"allow":["GET"]}}],"collection":[{"href":"https:\/\/noticiasveraces.com\/index.php?rest_route=\/wp\/v2\/posts"}],"about":[{"href":"https:\/\/noticiasveraces.com\/index.php?rest_route=\/wp\/v2\/types\/post"}],"author":[{"embeddable":true,"href":"https:\/\/noticiasveraces.com\/index.php?rest_route=\/wp\/v2\/users\/1"}],"replies":[{"embeddable":true,"href":"https:\/\/noticiasveraces.com\/index.php?rest_route=%2Fwp%2Fv2%2Fcomments&post=45780"}],"version-history":[{"count":0,"href":"https:\/\/noticiasveraces.com\/index.php?rest_route=\/wp\/v2\/posts\/45780\/revisions"}],"wp:featuredmedia":[{"embeddable":true,"href":"https:\/\/noticiasveraces.com\/index.php?rest_route=\/wp\/v2\/media\/45781"}],"wp:attachment":[{"href":"https:\/\/noticiasveraces.com\/index.php?rest_route=%2Fwp%2Fv2%2Fmedia&parent=45780"}],"wp:term":[{"taxonomy":"category","embeddable":true,"href":"https:\/\/noticiasveraces.com\/index.php?rest_route=%2Fwp%2Fv2%2Fcategories&post=45780"},{"taxonomy":"post_tag","embeddable":true,"href":"https:\/\/noticiasveraces.com\/index.php?rest_route=%2Fwp%2Fv2%2Ftags&post=45780"}],"curies":[{"name":"wp","href":"https:\/\/api.w.org\/{rel}","templated":true}]}}