{"id":45766,"date":"2025-10-15T06:06:06","date_gmt":"2025-10-15T10:06:06","guid":{"rendered":"https:\/\/noticiasveraces.com\/?p=45766"},"modified":"2025-10-15T06:06:06","modified_gmt":"2025-10-15T10:06:06","slug":"en-una-inacabable-crisis-el-nuevo-presidente-de-peru-anuncia-su-gabinete","status":"publish","type":"post","link":"https:\/\/noticiasveraces.com\/?p=45766","title":{"rendered":"En una inacabable crisis, el nuevo presidente de Per\u00fa anuncia su gabinete"},"content":{"rendered":"<p> \n<\/p>\n<div>\n<p>Tras la destituci\u00f3n de Dina Boluarte por \u00abincapacidad moral\u00bb, el nuevo presidente de Per\u00fa, Jos\u00e9 Jeri, tom\u00f3 juramento este martes a los primeros integrantes de su gabinete ministerial, en lo que constituye su primera gran acci\u00f3n pol\u00edtica desde que asumi\u00f3 el poder el pasado viernes.<\/p>\n<p>La ceremonia, celebrada en el Palacio de Gobierno de Lima, marc\u00f3 el inicio formal de un gobierno de transici\u00f3n que se extender\u00e1 hasta julio de 2026, con elecciones generales previstas para abril.<\/p>\n<p>El mandatario conservador, de 38 a\u00f1os, afirm\u00f3 que su administraci\u00f3n estar\u00e1 centrada en el combate a la criminalidad, uno de los problemas m\u00e1s urgente que enfrenta el pa\u00eds, y en la preservaci\u00f3n de la estabilidad econ\u00f3mica.<\/p>\n<div id=\"em-WBMZ342959-F24-ES-20251015\" class=\"m-em-flash\" data-xtwitter-script=\"\"><figcaption class=\"a-figcaption\">\n<\/figcaption><div class=\"o-em-consent \">\n<div class=\"o-em-consent__content\">\n<p class=\"o-em-consent__content__text\">Para mostrar este contenido de X (Twitter), debe autorizar las cookies de medici\u00f3n de audiencia y publicidad.<\/p>\n<p>        <button class=\"a-master-button a-master-button--dark\" data-action=\"accept\">Aceptar<i class=\"a-svg a-svg--icon-check\"\/><\/button><br \/>\n        <button class=\"a-link\" data-action=\"manage\">Gestionar mis opciones<i class=\"a-svg a-svg--icon-edit\"\/><\/button>\n    <\/div>\n<\/div>\n<\/div>\n<h2><strong>gabinete conservador<\/strong><\/h2>\n<p>La designaci\u00f3n m\u00e1s destacada fue la del abogado constitucionalista Ernesto \u00c1lvarez Miranda como presidente del Consejo de Ministros. \u00c1lvarez, de 64 a\u00f1os, es exmagistrado y expresidente del Tribunal Constitucional, adem\u00e1s de decano universitario e integrante del Partido Popular Cristiano, del que solicit\u00f3 licencia para asumir el cargo.<\/p>\n<p>El gabinete, denominado por Jeri como de \u201ctransici\u00f3n y reconciliaci\u00f3n nacional\u201d, est\u00e1 compuesto por 18 ministros, cuatro de ellos mujeres, y mezcla perfiles pol\u00edticos, t\u00e9cnicos y militares.<\/p>\n<p class=\"a-read-more\"><span class=\"a-read-more__label\">Leer tambi\u00e9n<\/span>\u00bfQu\u00e9 tan fr\u00e1gil es el inicio de Jos\u00e9 Jer\u00ed en Per\u00fa y por qu\u00e9 en el pa\u00eds no duran los presidentes?<\/p>\n<p>En la Canciller\u00eda fue designado el diplom\u00e1tico Hugo de Zela, exembajador en Estados Unidos, mientras que en Econom\u00eda asumi\u00f3 Denisse Miralles, exviceministra y economista con reputaci\u00f3n favorable al mercado.<\/p>\n<p>El Ministerio del Interior, clave en la estrategia de seguridad, qued\u00f3 en manos del general retirado Vicente Tiburcio, conocido por su labor en la unidad antiterrorista GEIN, que captur\u00f3 a la c\u00fapula de Sendero Luminoso en 1992. Adem\u00e1s, fueron juramentados C\u00e9sar D\u00edaz Peche en Defensa, Walter Mart\u00ednez en Justicia, Luis Quiroz en Salud y Jorge Figueroa en Educaci\u00f3n, entre otros.<\/p>\n<div class=\"em-video-wrapper m-em-video\" data-media-video-wbmz342960-f24-es-20251015=\"\" data-wrapper-video-player=\"\" data-show-hidden-video-player=\"WBMZ342960-F24-ES-20251015\" data-youtube-script=\"\">\n<p>\u00bfEs la \u00abincapacidad moral permanente\u00bb una herramienta de desestabilizaci\u00f3n en Per\u00fa?<\/p>\n<div class=\"m-em-video__video\">\n<div class=\"o-em-consent \">\n<div class=\"o-em-consent__content\">\n<p class=\"o-em-consent__content__text\">Para mostrar este contenido de YouTube, debe autorizar las cookies de medici\u00f3n de audiencia y publicidad.<\/p>\n<p>        <button class=\"a-master-button a-master-button--dark\" data-action=\"accept\">Aceptar<i class=\"a-svg a-svg--icon-check\"\/><\/button><br \/>\n        <button class=\"a-link\" data-action=\"manage\">Gestionar mis opciones<i class=\"a-svg a-svg--icon-edit\"\/><\/button>\n    <\/div>\n<\/div>\n<div class=\"o-em-adblock\" data-adblock-content=\"\">\n<div class=\"o-em-adblock__content\">\n<p class=\"o-em-adblock__content__text\">Una extensi\u00f3n de tu navegador parece estar bloqueando la carga del reproductor de video. Para poder ver este contenido, debes desactivarla en este sitio.<\/p>\n<p>            <button class=\"a-master-button a-master-button--dark\" data-action=\"reload\">Reintentar<\/button>\n    <\/div>\n<\/div>\n<figure class=\"m-item-image m-item-image--16x9 m-item-image--has-caption\">\n<picture class=\"a-picture a-picture--16x9\"><source type=\"image\/webp\" srcset=\"https:\/\/s.france24.com\/media\/display\/7b819408-a605-11f0-8b55-005056a90284\/w:388\/p:16x9\/89b58b004b6ecbb46ebc45e489b0d8138b9c9f17w.webp 388w,https:\/\/s.france24.com\/media\/display\/7b819408-a605-11f0-8b55-005056a90284\/w:720\/p:16x9\/89b58b004b6ecbb46ebc45e489b0d8138b9c9f17w.webp 720w,https:\/\/s.france24.com\/media\/display\/7b819408-a605-11f0-8b55-005056a90284\/w:1024\/p:16x9\/89b58b004b6ecbb46ebc45e489b0d8138b9c9f17w.webp 1024w,https:\/\/s.france24.com\/media\/display\/7b819408-a605-11f0-8b55-005056a90284\/w:1280\/p:16x9\/89b58b004b6ecbb46ebc45e489b0d8138b9c9f17w.webp 1280w\" sizes=\"(max-width: 639px) calc(100vw - 32px), (max-width: 1076px) calc(100vw - 44px), 850px\"><img decoding=\"async\" fetchpriority=\"low\" src=\"https:\/\/s.france24.com\/media\/display\/7b819408-a605-11f0-8b55-005056a90284\/w:1280\/p:16x9\/89b58b004b6ecbb46ebc45e489b0d8138b9c9f17w.jpg\" srcset=\"https:\/\/s.france24.com\/media\/display\/7b819408-a605-11f0-8b55-005056a90284\/w:388\/p:16x9\/89b58b004b6ecbb46ebc45e489b0d8138b9c9f17w.jpg 388w,https:\/\/s.france24.com\/media\/display\/7b819408-a605-11f0-8b55-005056a90284\/w:720\/p:16x9\/89b58b004b6ecbb46ebc45e489b0d8138b9c9f17w.jpg 720w,https:\/\/s.france24.com\/media\/display\/7b819408-a605-11f0-8b55-005056a90284\/w:1024\/p:16x9\/89b58b004b6ecbb46ebc45e489b0d8138b9c9f17w.jpg 1024w,https:\/\/s.france24.com\/media\/display\/7b819408-a605-11f0-8b55-005056a90284\/w:1280\/p:16x9\/89b58b004b6ecbb46ebc45e489b0d8138b9c9f17w.jpg 1280w\" sizes=\"auto, (max-width: 639px) calc(100vw - 32px), (max-width: 1076px) calc(100vw - 44px), 850px\" width=\"1280\" height=\"720\" alt=\"El presidente interino de Per\u00fa, Jos\u00e9 Jer\u00ed Or\u00e9 jura su cargo ante el Pleno del Congreso este jueves en Lima, (Per\u00fa).\" loading=\"lazy\" class=\"a-img \"\/><\/source><\/picture><figcaption class=\"a-figcaption\">\n                <span>El presidente interino de Per\u00fa, Jos\u00e9 Jer\u00ed Or\u00e9 jura su cargo ante el Pleno del Congreso este jueves en Lima, (Per\u00fa).<\/span>                <span>EFE &#8211; John Reyes Mej\u00eda<\/span>            <\/figcaption><\/figure>\n<\/p><\/div>\n<\/p><\/div>\n<h2><strong>Seguridad como lema<\/strong><\/h2>\n<p>La violencia y el crimen organizado han generado una ola de indignaci\u00f3n en Per\u00fa, especialmente tras un aumento sostenido de la inseguridad que afect\u00f3 a transportistas, comerciantes y ciudadanos en general.<\/p>\n<p>J\u00f3venes, colectivos sociales y sindicatos manifestaron en todo el pa\u00eds, exigiendo soluciones ante los constantes casos de extorsi\u00f3n, secuestros y asesinatos atribuidos a bandas criminales. En ese contexto, Jeri declar\u00f3 que su gobierno dar\u00e1 prioridad a la seguridad ciudadana como eje central de su gesti\u00f3n.<\/p>\n<p class=\"a-read-more\"><span class=\"a-read-more__label\">Leer tambi\u00e9n<\/span>Extorsiones y asesinatos: \u00bfc\u00f3mo la violencia asola a Per\u00fa?<\/p>\n<p>La salida de Boluarte abri\u00f3 paso a un nuevo ciclo pol\u00edtico en un Per\u00fa marcado por la inestabilidad: Jeri es el s\u00e9ptimo presidente que asume el cargo en los \u00faltimos nueve a\u00f1os. El nuevo mandatario prometi\u00f3 gobernar con \u00abdi\u00e1logo\u00bb.<\/p>\n<p>Mientras tanto, organizaciones civiles mantienen convocatorias activas, y una marcha antigubernamental que estaba programada durante el mandato de Boluarte se llevar\u00e1 a cabo el\u00a0 mi\u00e9rcoles en Lima.<\/p>\n<p>Con EFE y Reuters<\/p>\n<\/p><\/div>\n\n","protected":false},"excerpt":{"rendered":"<p>Tras la destituci\u00f3n de Dina Boluarte por \u00abincapacidad moral\u00bb, el nuevo presidente de Per\u00fa, Jos\u00e9 Jeri, tom\u00f3 juramento este martes a los primeros integrantes de su gabinete ministerial, en lo que constituye su primera gran acci\u00f3n pol\u00edtica desde que asumi\u00f3 el poder el pasado viernes. La ceremonia, celebrada en el Palacio de Gobierno de Lima, &hellip;<\/p>\n","protected":false},"author":1,"featured_media":45768,"comment_status":"open","ping_status":"open","sticky":false,"template":"","format":"standard","meta":{"fifu_image_url":"https:\/\/s.france24.com\/media\/display\/270ad76a-a95a-11f0-afae-005056a97e36\/w:1280\/p:16x9\/AP25287836496028.jpg","fifu_image_alt":"","footnotes":""},"categories":[13],"tags":[],"class_list":["post-45766","post","type-post","status-publish","format-standard","has-post-thumbnail","","category-mundo"],"_links":{"self":[{"href":"https:\/\/noticiasveraces.com\/index.php?rest_route=\/wp\/v2\/posts\/45766","targetHints":{"allow":["GET"]}}],"collection":[{"href":"https:\/\/noticiasveraces.com\/index.php?rest_route=\/wp\/v2\/posts"}],"about":[{"href":"https:\/\/noticiasveraces.com\/index.php?rest_route=\/wp\/v2\/types\/post"}],"author":[{"embeddable":true,"href":"https:\/\/noticiasveraces.com\/index.php?rest_route=\/wp\/v2\/users\/1"}],"replies":[{"embeddable":true,"href":"https:\/\/noticiasveraces.com\/index.php?rest_route=%2Fwp%2Fv2%2Fcomments&post=45766"}],"version-history":[{"count":0,"href":"https:\/\/noticiasveraces.com\/index.php?rest_route=\/wp\/v2\/posts\/45766\/revisions"}],"wp:featuredmedia":[{"embeddable":true,"href":"https:\/\/noticiasveraces.com\/index.php?rest_route=\/wp\/v2\/media\/45768"}],"wp:attachment":[{"href":"https:\/\/noticiasveraces.com\/index.php?rest_route=%2Fwp%2Fv2%2Fmedia&parent=45766"}],"wp:term":[{"taxonomy":"category","embeddable":true,"href":"https:\/\/noticiasveraces.com\/index.php?rest_route=%2Fwp%2Fv2%2Fcategories&post=45766"},{"taxonomy":"post_tag","embeddable":true,"href":"https:\/\/noticiasveraces.com\/index.php?rest_route=%2Fwp%2Fv2%2Ftags&post=45766"}],"curies":[{"name":"wp","href":"https:\/\/api.w.org\/{rel}","templated":true}]}}