{"id":45761,"date":"2025-10-15T05:29:05","date_gmt":"2025-10-15T09:29:05","guid":{"rendered":"https:\/\/noticiasveraces.com\/?p=45761"},"modified":"2025-10-15T05:29:05","modified_gmt":"2025-10-15T09:29:05","slug":"la-casa-de-los-abuelos-de-la-patria","status":"publish","type":"post","link":"https:\/\/noticiasveraces.com\/?p=45761","title":{"rendered":"La Casa de los Abuelos de la Patria"},"content":{"rendered":"<p> \n<\/p>\n<div>\n<p>La noticia principal que te tengo hoy es que los abuelos y abuelas de Venezuela tienen un nuevo hogar. Pero no es cualquier lugar, se trata nada menos que de la residencia presidencial de La Vi\u00f1eta, ubicada en Fuerte Tiuna. El presidente Nicol\u00e1s Maduro le entreg\u00f3 esta casona con historia centenaria (fue residencia presidencial desde los tiempos de P\u00e1ez) a la Gran Misi\u00f3n Abuelos y Abuelas de la Patria.<\/p>\n<p>Maduro lanz\u00f3 la instrucci\u00f3n de aprovechar las 10 semanas que quedan del a\u00f1o para \u201cabrir e inaugurar las casas de abuelos y abuelas en todo el pa\u00eds\u201d.<\/p>\n<p>Aj\u00e1, si te preguntas para qu\u00e9 sirve una casa de abuelas y abuelos, te doy una idea:<\/p>\n<p>Aqu\u00ed los viejitos y viejitas que lo necesiten reciben alimentaci\u00f3n sana y balanceada. Tambi\u00e9n tienen espacios para compartir entre ellos, hacer ejercicios, leer, estudiar, jugar\u00e1n domin\u00f3 y otros juegos, ver\u00e1n pel\u00edculas. En fin, lo que se hace en familia.<\/p>\n<p><strong><em>\u201cLa Casa de los Abuelos y Abuelas es una de las cosas m\u00e1s humanas y hermosas que estamos haciendo y debemos multiplicarla por cientos, por miles\u201d.<\/em><\/strong><\/p>\n<h2 class=\"wp-block-heading\">Defender la verdad<\/h2>\n<p>Otro acto importante que sucedi\u00f3 ayer fue la instalaci\u00f3n del Consejo Nacional por la Soberan\u00eda y la Paz, Cap\u00edtulo Medios de Comunicaci\u00f3n. Jorge Rodr\u00edguez encabez\u00f3 la reuni\u00f3n con los directivos de los principales medios de comunicaci\u00f3n p\u00fablicos y privados del pa\u00eds. \u00bfQu\u00e9 les dijo? Les dijo que en este momento cr\u00edtico de la historia nacional tienen la responsabilidad de mostrar y defender la verdad y la realidad del pa\u00eds frente a las distorsiones generadas por los conglomerados internacionales de comunicaci\u00f3n. Se\u00f1al\u00f3 que las redes sociales, plataformas hegem\u00f3nicas en la actualidad, son controladas por unos pocos apellidos, por \u201cagentes de la infamia\u201d.<\/p>\n<figure class=\"wp-block-image\"><img decoding=\"async\" class=\"lazyload\" src=\"https:\/\/substackcdn.com\/image\/fetch\/$s_!QCaJ!,w_1456,c_limit,f_auto,q_auto:good,fl_progressive:steep\/https%3A%2F%2Fsubstack-post-media.s3.amazonaws.com%2Fpublic%2Fimages%2F8623471b-bd83-4c83-9ab1-8ce3ade3c46c_5895x3930.jpeg\" alt=\"\"\/><img decoding=\"async\" class=\"lazyload\" src=\"https:\/\/substackcdn.com\/image\/fetch\/$s_!QCaJ!,w_1456,c_limit,f_auto,q_auto:good,fl_progressive:steep\/https%3A%2F%2Fsubstack-post-media.s3.amazonaws.com%2Fpublic%2Fimages%2F8623471b-bd83-4c83-9ab1-8ce3ade3c46c_5895x3930.jpeg\" alt=\"\"\/><\/figure>\n<p>En este sentido, reconoci\u00f3 el valor que tienen los medios consolidados en un escenario donde la agresi\u00f3n del imperio estadounidense est\u00e1 basada en mentiras y existe una guerra comunicacional contra Venezuela.<\/p>\n<h2 class=\"wp-block-heading\">Antigua y Barbuda dice \u201cno\u201d<\/h2>\n<p>Important\u00edsima noticia esta: el primer ministro de Antigua y Barbuda, Gaston Browne, le dijo p\u00fablicamente \u201cno, gracias\u201d al imperio guerrerista gringo. Justo el d\u00eda que recibi\u00f3 la visita nada menos que del jefe del Comando Sur, almirante Alvin Holsey, Brown lanza estas palabras, dejando claro que estas islas caribe\u00f1as no se prestar\u00e1n para el despliegue militar gringo.<\/p>\n<p><strong><em>\u201cAntigua y Barbuda no tiene ning\u00fan inter\u00e9s en albergar activos militares de ning\u00fan pa\u00eds. Somos amigos de todos y enemigos de nadie. Estamos muy contentos de no tener bases militares ni activos de ninguna potencia extranjera\u201d.<\/em><\/strong><\/p>\n<p>Son declaraciones valientes. El almirante gringo va de Antigua y Barbuda para Granada, pa\u00eds al que tambi\u00e9n le solicitaron recibir parte del despliegue militar estadounidense. Granada no ha respondido a\u00fan, as\u00ed que veremos qu\u00e9 pasa hoy, cuando se supone que el militar gringo estar\u00e1 all\u00ed.<\/p>\n<h2 class=\"wp-block-heading\">Otro asesinato en el Caribe<\/h2>\n<p>Por cierto, ayer Trump dijo que el ej\u00e9rcito gringo bombarde\u00f3 otra lancha en el Caribe y mat\u00f3 a seis personas. Como siempre, no hay ninguna prueba m\u00e1s que un video que no se ve muy bien. Con este hecho son 27 las personas que Trump confiesa haber mandado a matar en apenas dos meses.<\/p>\n<h2 class=\"wp-block-heading\">Solidaridad<\/h2>\n<p>Sabes que en M\u00e9xico ha habido inundaciones bien complicadas durante los \u00faltimos d\u00edas. Las localidades m\u00e1s afectadas son: Veracruz, Puebla, Hidalgo, San Luis Potos\u00ed y Quer\u00e9taro. Bueno, el gobierno de Venezuela se solidariz\u00f3 y le ofreci\u00f3 a M\u00e9xico enviar a la Fuerza de Tarea Humanitaria Sim\u00f3n Bol\u00edvar.<\/p>\n<h2 class=\"wp-block-heading\">Santos criollos tirando rostro<\/h2>\n<p>Este domingo es el acto de canonizaci\u00f3n de los santos venezolanos Jos\u00e9 Gregorio Hern\u00e1ndez y Carmen Rendiles. Te cuento que en el Vaticano ayer ya pusieron tapices con la imagen de cada uno.<\/p>\n<blockquote class=\"instagram-media\" data-instgrm-captioned=\"\" data-instgrm-permalink=\"https:\/\/www.instagram.com\/p\/DPyVr0dgrl7\/?utm_source=ig_embed&amp;utm_campaign=loading\" data-instgrm-version=\"14\" style=\" background:#FFF; border:0; border-radius:3px; box-shadow:0 0 1px 0 rgba(0,0,0,0.5),0 1px 10px 0 rgba(0,0,0,0.15); margin: 1px; max-width:540px; min-width:326px; padding:0; width:99.375%; width:-webkit-calc(100% - 2px); width:calc(100% - 2px);\"\/>\n<blockquote class=\"instagram-media\" data-instgrm-captioned=\"\" data-instgrm-permalink=\"https:\/\/www.instagram.com\/p\/DPwXvuigqFX\/?utm_source=ig_embed&amp;utm_campaign=loading\" data-instgrm-version=\"14\" style=\" background:#FFF; border:0; border-radius:3px; box-shadow:0 0 1px 0 rgba(0,0,0,0.5),0 1px 10px 0 rgba(0,0,0,0.15); margin: 1px; max-width:540px; min-width:326px; padding:0; width:99.375%; width:-webkit-calc(100% - 2px); width:calc(100% - 2px);\"\/>\n<h2 class=\"wp-block-heading\">Encuesta<\/h2>\n<p>A prop\u00f3sito de la canonizaci\u00f3n de este domingo, te invito a responder la encuesta de DatosUN de esta semana. Queremos medir la relaci\u00f3n que tienen los venezolanos con Jos\u00e9 Gregorio. \u00bfHas tenido alguna manifestaci\u00f3n o algo que te parezca \u201cun milagro\u201d por la intercesi\u00f3n de Jos\u00e9 Gregorio? \u00bfConoces a alguien que tenga esa experiencia? Accede al cuestionario de la encuesta aqu\u00ed y responde. Recuerda que los resultados ser\u00e1n publicados en \u00daltimas Noticias el fin de semana.<\/p>\n<h2 class=\"wp-block-heading\">Arranca la pelota, \u00bfcu\u00e1les son los favoritos?<\/h2>\n<p>La otra noticia es que hoy comienza la temporada de beisbol, que en Venezuela es muy importante porque la gente expresa su identidad beisbolera y se vive la emoci\u00f3n del deporte en todos lados. En <strong>DatosUN<\/strong> hicimos una encuesta y recogimos los pron\u00f3sticos de los fan\u00e1ticos. Con m\u00e1s de dos mil respuestas, obtuvimos que las fanaticadas m\u00e1s optimistas, las que conf\u00edan en que su equipo quedar\u00e1 campe\u00f3n, son Magallanes (87,8%), Lara (86,1%), Caracas (85,5%) y Aragua (84,7%). Chequea este y otros datos aqu\u00ed.<\/p>\n<figure class=\"wp-block-image\"><img decoding=\"async\" class=\"lazyload\" src=\"https:\/\/substackcdn.com\/image\/fetch\/$s_!Lw4Q!,w_1456,c_limit,f_auto,q_auto:good,fl_progressive:steep\/https%3A%2F%2Fsubstack-post-media.s3.amazonaws.com%2Fpublic%2Fimages%2Faaa8e983-82df-4926-95ad-62e3299d5ed1_794x451.png\" alt=\"\"\/><img decoding=\"async\" class=\"lazyload\" src=\"https:\/\/substackcdn.com\/image\/fetch\/$s_!Lw4Q!,w_1456,c_limit,f_auto,q_auto:good,fl_progressive:steep\/https%3A%2F%2Fsubstack-post-media.s3.amazonaws.com%2Fpublic%2Fimages%2Faaa8e983-82df-4926-95ad-62e3299d5ed1_794x451.png\" alt=\"\"\/><\/figure>\n<h2 class=\"wp-block-heading\">Tipo de cambio<\/h2>\n<p>El Banco Central de Venezuela inform\u00f3 que las mesas de cambio de ayer arrojaron un promedio de<strong> 197,24 bol\u00edvares por d\u00f3lar.<\/strong> Recuerda que esta es la \u00fanica tasa v\u00e1lida para cualquier transacci\u00f3n del d\u00eda de hoy.<\/p>\n<figure class=\"wp-block-image\"><img decoding=\"async\" class=\"lazyload\" src=\"https:\/\/substackcdn.com\/image\/fetch\/$s_!ZM7A!,w_1456,c_limit,f_auto,q_auto:good,fl_progressive:steep\/https%3A%2F%2Fsubstack-post-media.s3.amazonaws.com%2Fpublic%2Fimages%2F2bc38511-f5ff-4709-97b7-49fb0bed4a6c_1440x1440.webp\" alt=\"Puede ser una imagen de texto que diga \" bcv=\"\" banco=\"\" central=\"\" de=\"\" venezuela=\"\" tpo=\"\" camblo=\"\" referencla=\"\" el=\"\" tipo=\"\" cambio=\"\" publicado=\"\" por=\"\" es=\"\" promedio=\"\" ponderado=\"\" resultante=\"\" las=\"\" operaciones=\"\" diarias=\"\" mesas=\"\" activas=\"\" instituciones=\"\" bancarias=\"\" participantes.=\"\" p=\"\" bs=\"\" eur=\"\" cny=\"\" try=\"\" rub=\"\" usd=\"\" fecha=\"\" valor:=\"\" mi=\"\" octubre=\"\" www.bcv.org.v=\"\" ve=\"\" e=\"\" e3noa=\"\" https:lt.meibevzla=\"\" https=\"\" title=\"Puede ser una imagen de texto que diga \"\/><img decoding=\"async\" class=\"lazyload\" src=\"https:\/\/substackcdn.com\/image\/fetch\/$s_!ZM7A!,w_1456,c_limit,f_auto,q_auto:good,fl_progressive:steep\/https%3A%2F%2Fsubstack-post-media.s3.amazonaws.com%2Fpublic%2Fimages%2F2bc38511-f5ff-4709-97b7-49fb0bed4a6c_1440x1440.webp\" alt=\"Puede ser una imagen de texto que diga \" bcv=\"\" banco=\"\" central=\"\" de=\"\" venezuela=\"\" tpo=\"\" camblo=\"\" referencla=\"\" el=\"\" tipo=\"\" cambio=\"\" publicado=\"\" por=\"\" es=\"\" promedio=\"\" ponderado=\"\" resultante=\"\" las=\"\" operaciones=\"\" diarias=\"\" mesas=\"\" activas=\"\" instituciones=\"\" bancarias=\"\" participantes.=\"\" p=\"\" bs=\"\" eur=\"\" cny=\"\" try=\"\" rub=\"\" usd=\"\" fecha=\"\" valor:=\"\" mi=\"\" octubre=\"\" www.bcv.org.v=\"\" ve=\"\" e=\"\" e3noa=\"\" https:lt.meibevzla=\"\" https=\"\" title=\"Puede ser una imagen de texto que diga \"\/><\/figure>\n<h2 class=\"wp-block-heading\">El sionismo sigue matando<\/h2>\n<p>No importa si se declar\u00f3 un alto al fuego, se firm\u00f3 un acuerdo de paz, si Hamas entreg\u00f3 a todos los rehenes, si Donald Trump dice que \u00e9l logr\u00f3 detener un conflicto que ten\u00eda \u201cm\u00e1s de tres mil a\u00f1os\u201d. No importa nada, el estado sionista, asesino, genocida, terrorista, racista, fascista, torturador, cobarde y criminal de Israel sigue matando palestinos. Ayer asesin\u00f3 por lo menos a nueve personas en Gaza, demostrando lo poco que le importan los acuerdos, la \u201ccomunidad internacional\u201d, los rehenes y hasta el propio Trump.<\/p>\n<p>La relatora especial de Naciones Unidas sobre los territorios palestinos, Francesca Albanese, conden\u00f3 estos cr\u00edmenes.<\/p>\n<p><strong>\ud83d\udc40 Lee m\u00e1s: <\/strong>ONU y Cruz Roja exigen apertura total de pasos fronterizos en Gaza para enviar ayuda humanitaria<\/p>\n<h2 class=\"wp-block-heading\">\ud83d\udcfa Con\u00e9ctate ya con la nueva televisi\u00f3n<\/h2>\n<p>Y para que no te pierdas de nada, aqu\u00ed te dejo el enlace al noticiero de <strong><em>un24.tv, tu canal streaming con Venezuela en directo.<\/em><\/strong><\/p>\n<figure class=\"wp-block-embed is-type-video is-provider-youtube wp-block-embed-youtube wp-embed-aspect-16-9 wp-has-aspect-ratio\">\n<p> <iframe loading=\"lazy\" title=\"Noticiero UN24\" width=\"618\" height=\"348\" src=\"https:\/\/www.youtube.com\/embed\/RwWADkRq4kw?feature=oembed\" frameborder=\"0\" allow=\"accelerometer; autoplay; clipboard-write; encrypted-media; gyroscope; picture-in-picture; web-share\" referrerpolicy=\"strict-origin-when-cross-origin\" allowfullscreen><\/iframe><\/p>\n<\/figure>\n<h4 class=\"wp-block-heading\">\ud83d\udc49 Suscr\u00edbete aqu\u00ed al nuevo canal de Telegram de El Informante \ud83d\udcf2<\/h4>\n<p>Feliz mi\u00e9rcoles, mi gente. Recuerda que para mantenerte al d\u00eda, todo el d\u00eda, lo \u00fanico que tienes que hacer es conectarte con ultimasnoticias.com.ve, (@UNoticias) en X, TikTok, Threads, Facebook, Instagram, LinkedIn y tambi\u00e9n en nuestro canal de Telegram (@UNoticias). Te invito adem\u00e1s a \u00a1leer el diario impreso! Busca ya tu ejemplar de <strong>\u00daltimas Noticias.<\/strong><\/p>\n<p><strong>Y no te olvides de que la nueva televisi\u00f3n<\/strong> est\u00e1 en <strong>ONU24<\/strong><strong>,<\/strong> en directo por YouTube, NetUno Go, Inter Go, Aba TV Go, Roku, FireTV, Rumble, Twitch, Facebook y Telegram, o baj\u00e1ndote la app para Android.<\/p>\n<p>Nos leemos de nuevo ma\u00f1ana.<\/p>\n<h4 class=\"wp-block-heading\">\u00c1ngel <strong>\u270c<\/strong><\/h4>\n<\/div>\n<p><script async src=\"\/\/www.instagram.com\/embed.js\"><\/script><script async src=\"\/\/www.tiktok.com\/embed.js\"><\/script><br \/>\n<br \/>\n","protected":false},"excerpt":{"rendered":"<p>La noticia principal que te tengo hoy es que los abuelos y abuelas de Venezuela tienen un nuevo hogar. Pero no es cualquier lugar, se trata nada menos que de la residencia presidencial de La Vi\u00f1eta, ubicada en Fuerte Tiuna. El presidente Nicol\u00e1s Maduro le entreg\u00f3 esta casona con historia centenaria (fue residencia presidencial desde &hellip;<\/p>\n","protected":false},"author":1,"featured_media":45763,"comment_status":"open","ping_status":"open","sticky":false,"template":"","format":"standard","meta":{"fifu_image_url":"https:\/\/ultimasnoticias.com.ve\/wp-content\/uploads\/2025\/10\/WhatsApp-Image-2025-10-14-at-7.12.46-PM-1.jpeg","fifu_image_alt":"","footnotes":""},"categories":[4],"tags":[],"class_list":["post-45761","post","type-post","status-publish","format-standard","has-post-thumbnail","","category-historias-destacadas"],"_links":{"self":[{"href":"https:\/\/noticiasveraces.com\/index.php?rest_route=\/wp\/v2\/posts\/45761","targetHints":{"allow":["GET"]}}],"collection":[{"href":"https:\/\/noticiasveraces.com\/index.php?rest_route=\/wp\/v2\/posts"}],"about":[{"href":"https:\/\/noticiasveraces.com\/index.php?rest_route=\/wp\/v2\/types\/post"}],"author":[{"embeddable":true,"href":"https:\/\/noticiasveraces.com\/index.php?rest_route=\/wp\/v2\/users\/1"}],"replies":[{"embeddable":true,"href":"https:\/\/noticiasveraces.com\/index.php?rest_route=%2Fwp%2Fv2%2Fcomments&post=45761"}],"version-history":[{"count":0,"href":"https:\/\/noticiasveraces.com\/index.php?rest_route=\/wp\/v2\/posts\/45761\/revisions"}],"wp:featuredmedia":[{"embeddable":true,"href":"https:\/\/noticiasveraces.com\/index.php?rest_route=\/wp\/v2\/media\/45763"}],"wp:attachment":[{"href":"https:\/\/noticiasveraces.com\/index.php?rest_route=%2Fwp%2Fv2%2Fmedia&parent=45761"}],"wp:term":[{"taxonomy":"category","embeddable":true,"href":"https:\/\/noticiasveraces.com\/index.php?rest_route=%2Fwp%2Fv2%2Fcategories&post=45761"},{"taxonomy":"post_tag","embeddable":true,"href":"https:\/\/noticiasveraces.com\/index.php?rest_route=%2Fwp%2Fv2%2Ftags&post=45761"}],"curies":[{"name":"wp","href":"https:\/\/api.w.org\/{rel}","templated":true}]}}