{"id":45740,"date":"2025-10-15T01:45:03","date_gmt":"2025-10-15T05:45:03","guid":{"rendered":"https:\/\/noticiasveraces.com\/?p=45740"},"modified":"2025-10-15T01:45:03","modified_gmt":"2025-10-15T05:45:03","slug":"iglesia-de-la-candelaria-anuncio-actos-por-la-canonizacion-de-jose-gregorio-hernandez-y-carmen-rendiles","status":"publish","type":"post","link":"https:\/\/noticiasveraces.com\/?p=45740","title":{"rendered":"Iglesia de La Candelaria anunci\u00f3 actos por la canonizaci\u00f3n de Jos\u00e9 Gregorio Hern\u00e1ndez y Carmen Rendiles"},"content":{"rendered":"<p> \n<\/p>\n<div>\n<p><strong>El Santuario de Nuestra Se\u00f1ora de La Candelaria anunci\u00f3 la organizaci\u00f3n de una vigilia para la madrugada del domingo 19 de octubre<\/strong> como parte de las actividades previas a la elevaci\u00f3n de los altares y canonizaci\u00f3n de Jos\u00e9 Gregorio Hern\u00e1ndez y Carmen Rendiles. <\/p>\n<p>De acuerdo con la informaci\u00f3n, se instalar\u00e1 una <strong>pantalla gigante <\/strong>para que los fieles puedan visualizar la transmisi\u00f3n en vivo del evento.<\/p>\n<blockquote data-service=\"instagram\" data-category=\"marketing\" data-placeholder-image=\"https:\/\/eldiario.com\/wp-content\/plugins\/complianz-gdpr\/assets\/images\/placeholders\/instagram-minimal.jpg\" class=\"cmplz-placeholder-element instagram-media\" data-instgrm-permalink=\"https:\/\/www.instagram.com\/p\/DPwt0bkiWUc\/?utm_source=ig_embed&amp;utm_campaign=loading\" data-instgrm-version=\"14\" style=\"background:#fff;border:0;border-radius:3px;margin:1px;max-width:540px;min-width:326px;padding:0;width:99.375%;width:-webkit-calc(100% - 2px);width:calc(100% - 2px);\"\/>\n<p><strong>El templo abrir\u00e1 sus puertas desde las 12:00 am del domingo 19 de octubre<\/strong> luego de un minuto de fuegos artificiales y un repique de campanas.<\/p>\n<p>Los grupos de <strong>Apostolado del Santuario Nuestra Se\u00f1ora de La Candelaria<\/strong> indicaron que primero se llevar\u00e1 a cabo un despliegue oficial de las fotograf\u00edas de los nuevos Santos en la plaza de San Pedro en Roma, Italia. Luego, se proceder\u00e1 a la imposici\u00f3n de la aureola a la imagen de San Jos\u00e9 Gregorio Hern\u00e1ndez. <\/p>\n<p>Esta actividad ser\u00e1 realizada por el padre Gerson Manuel Su\u00e1rez. La aureola fue elaborada por la Orfebrer\u00eda Rel<strong>igiosa Arc\u00e1ngelo y posee un dise\u00f1o del arquitecto Gregory Vertullo<\/strong>. La vigilia culminar\u00e1 al amanecer con el rezo del Rosario de Aurora.<\/p>\n<p>Para la jornada del domingo, las misas mantendr\u00e1n el horario habitual: <strong>8:00 am, 10:00 am, 12:00 pm y 5:00 pm<\/strong>.<\/p>\n<h2 id=\"1-vigilia-nacional-de-oracion\" class=\"rb-heading-index-1-821910 wp-block-heading\"><strong>1. Vigilia nacional de oraci\u00f3n<\/strong><\/h2>\n<figure class=\"wp-block-image size-large\"><picture fetchpriority=\"high\" decoding=\"async\" class=\"wp-image-167660\"><source type=\"image\/webp\" sizes=\"(max-width: 1024px) 100vw, 1024px\" nitro-lazy-srcset=\"https:\/\/eldiario.com\/nitropack_static\/DWpklAePbJBFiBKvuTtiGMLbtJlHUqWt\/assets\/images\/optimized\/rev-4610e21\/eldiario.com\/wp-content\/uploads\/2021\/04\/de230638cce31279a561fdb39510713b073d80a4-1024x683.jpg.webp 1024w, https:\/\/eldiario.com\/nitropack_static\/DWpklAePbJBFiBKvuTtiGMLbtJlHUqWt\/assets\/images\/optimized\/rev-4610e21\/eldiario.com\/wp-content\/uploads\/2021\/04\/de230638cce31279a561fdb39510713b073d80a4-300x200.jpg.webp 300w, https:\/\/eldiario.com\/nitropack_static\/DWpklAePbJBFiBKvuTtiGMLbtJlHUqWt\/assets\/images\/optimized\/rev-4610e21\/eldiario.com\/wp-content\/uploads\/2021\/04\/de230638cce31279a561fdb39510713b073d80a4-768x512.jpg.webp 768w, https:\/\/eldiario.com\/nitropack_static\/DWpklAePbJBFiBKvuTtiGMLbtJlHUqWt\/assets\/images\/optimized\/rev-4610e21\/eldiario.com\/wp-content\/uploads\/2021\/04\/de230638cce31279a561fdb39510713b073d80a4-1536x1024.jpg.webp 1536w, https:\/\/eldiario.com\/nitropack_static\/DWpklAePbJBFiBKvuTtiGMLbtJlHUqWt\/assets\/images\/optimized\/rev-4610e21\/eldiario.com\/wp-content\/uploads\/2021\/04\/de230638cce31279a561fdb39510713b073d80a4-150x100.jpg.webp 150w, https:\/\/eldiario.com\/nitropack_static\/DWpklAePbJBFiBKvuTtiGMLbtJlHUqWt\/assets\/images\/optimized\/rev-4610e21\/eldiario.com\/wp-content\/uploads\/2021\/04\/de230638cce31279a561fdb39510713b073d80a4.jpg.webp 1600w\" nitro-lazy-empty=\"\" id=\"ODI5Ojc0Nw==-1\" srcset=\"data:image\/svg+xml;nitro-empty-id=ODI5Ojc0Nw==-1;base64,PHN2ZyB2aWV3Qm94PSIwIDAgMTAyNCA2ODMiIHdpZHRoPSIxMDI0IiBoZWlnaHQ9IjY4MyIgeG1sbnM9Imh0dHA6Ly93d3cudzMub3JnLzIwMDAvc3ZnIj48L3N2Zz4=\"\/><img fetchpriority=\"high\" width=\"1024\" height=\"683\" alt=\"Jos\u00e9 Gregorio Hern\u00e1ndez. EFE\/ Miguel Guti\u00e9rrez\" sizes=\"(max-width: 1024px) 100vw, 1024px\" srcset=\"https:\/\/eldiario.com\/nitropack_static\/DWpklAePbJBFiBKvuTtiGMLbtJlHUqWt\/assets\/images\/optimized\/rev-4610e21\/eldiario.com\/wp-content\/uploads\/2021\/04\/de230638cce31279a561fdb39510713b073d80a4-1024x683.jpg 1024w, https:\/\/eldiario.com\/nitropack_static\/DWpklAePbJBFiBKvuTtiGMLbtJlHUqWt\/assets\/images\/optimized\/rev-4610e21\/eldiario.com\/wp-content\/uploads\/2021\/04\/de230638cce31279a561fdb39510713b073d80a4-300x200.jpg 300w, https:\/\/eldiario.com\/nitropack_static\/DWpklAePbJBFiBKvuTtiGMLbtJlHUqWt\/assets\/images\/optimized\/rev-4610e21\/eldiario.com\/wp-content\/uploads\/2021\/04\/de230638cce31279a561fdb39510713b073d80a4-768x512.jpg 768w, https:\/\/eldiario.com\/nitropack_static\/DWpklAePbJBFiBKvuTtiGMLbtJlHUqWt\/assets\/images\/optimized\/rev-4610e21\/eldiario.com\/wp-content\/uploads\/2021\/04\/de230638cce31279a561fdb39510713b073d80a4-1536x1024.jpg 1536w, https:\/\/eldiario.com\/nitropack_static\/DWpklAePbJBFiBKvuTtiGMLbtJlHUqWt\/assets\/images\/optimized\/rev-4610e21\/eldiario.com\/wp-content\/uploads\/2021\/04\/de230638cce31279a561fdb39510713b073d80a4-150x100.jpg 150w, https:\/\/eldiario.com\/nitropack_static\/DWpklAePbJBFiBKvuTtiGMLbtJlHUqWt\/assets\/images\/optimized\/rev-4610e21\/eldiario.com\/wp-content\/uploads\/2021\/04\/de230638cce31279a561fdb39510713b073d80a4.jpg 1600w\" src=\"https:\/\/eldiario.com\/nitropack_static\/DWpklAePbJBFiBKvuTtiGMLbtJlHUqWt\/assets\/images\/optimized\/rev-4610e21\/eldiario.com\/wp-content\/uploads\/2021\/04\/de230638cce31279a561fdb39510713b073d80a4-1024x683.jpg\" class=\"nitro-lazy\" decoding=\"async\" nitro-lazy-empty=\"\" id=\"ODMwOjkyNA==-1\"\/> <\/picture><figcaption class=\"wp-element-caption\">Foto: EFE\/ Miguel Guti\u00e9rrez<br \/><\/figcaption><\/figure>\n<p>La Arquidi\u00f3cesis de Caracas convoc\u00f3 a una vigilia el s\u00e1bado 18 de octubre, v\u00edspera de la canonizaci\u00f3n. <\/p>\n<p>En diversas parroquias del pa\u00eds se proyectar\u00e1 la ceremonia en vivo desde Roma a las 4:00 am, para que los fieles puedan participar en oraci\u00f3n y acompa\u00f1amiento.<\/p>\n<h2 id=\"2-misas-de-accion-de-gracias\" class=\"rb-heading-index-2-821910 wp-block-heading\"><strong>2. Misas de acci\u00f3n de gracias<\/strong><\/h2>\n<p>El 19 de octubre, d\u00eda de la canonizaci\u00f3n, las iglesias de todo el pa\u00eds celebrar\u00e1n misas de acci\u00f3n de gracias en honor a los nuevos santos. <\/p>\n<p>Estas celebraciones buscan agradecer a Dios por la vida y el testimonio de Jos\u00e9 Gregorio Hern\u00e1ndez y la Madre Carmen Rendiles.<\/p>\n<h2 id=\"3-fiesta-de-la-santidad-en-caracas\" class=\"rb-heading-index-3-821910 wp-block-heading\"><strong>3. Fiesta de la Santidad en Caracas<\/strong><\/h2>\n<p>La celebraci\u00f3n central ser\u00e1 la <strong>Fiesta de la Santidad<\/strong>programada para el 25 de octubre en el Estadio Monumental Sim\u00f3n Bol\u00edvar, en La Rinconada, Caracas.<\/p>\n<p>El evento incluir\u00e1 una misa solemne de acci\u00f3n de gracias, junto con animaciones y expresiones culturales.<\/p>\n<p>Las entradas se distribuyeron a trav\u00e9s de parroquias y colegios, y quienes desearan asistir debieron registrarse previamente en la p\u00e1gina web oficial de la Arquidi\u00f3cesis de Caracas; el registro cerr\u00f3 el 7 de octubre.<\/p>\n<p>Adem\u00e1s, varios colegios y parroquias organizaron rutas de transporte hacia y desde el estadio. Los lugares asignados dentro del recinto ser\u00e1n informados con antelaci\u00f3n por los canales oficiales de cada comunidad.<\/p>\n<\/p><\/div>\n<p><script async src=\"\/\/www.instagram.com\/embed.js\"><\/script><br \/>\n<br \/>\n","protected":false},"excerpt":{"rendered":"<p>El Santuario de Nuestra Se\u00f1ora de La Candelaria anunci\u00f3 la organizaci\u00f3n de una vigilia para la madrugada del domingo 19 de octubre como parte de las actividades previas a la elevaci\u00f3n de los altares y canonizaci\u00f3n de Jos\u00e9 Gregorio Hern\u00e1ndez y Carmen Rendiles. De acuerdo con la informaci\u00f3n, se instalar\u00e1 una pantalla gigante para que &hellip;<\/p>\n","protected":false},"author":1,"featured_media":45742,"comment_status":"open","ping_status":"open","sticky":false,"template":"","format":"standard","meta":{"fifu_image_url":"https:\/\/eldiario.com\/wp-content\/uploads\/2023\/09\/Recorrido-por-la-plaza-la-candelaria-y-persona-de-tercera-edad-5-.jpg","fifu_image_alt":"","footnotes":""},"categories":[13],"tags":[],"class_list":["post-45740","post","type-post","status-publish","format-standard","has-post-thumbnail","","category-mundo"],"_links":{"self":[{"href":"https:\/\/noticiasveraces.com\/index.php?rest_route=\/wp\/v2\/posts\/45740","targetHints":{"allow":["GET"]}}],"collection":[{"href":"https:\/\/noticiasveraces.com\/index.php?rest_route=\/wp\/v2\/posts"}],"about":[{"href":"https:\/\/noticiasveraces.com\/index.php?rest_route=\/wp\/v2\/types\/post"}],"author":[{"embeddable":true,"href":"https:\/\/noticiasveraces.com\/index.php?rest_route=\/wp\/v2\/users\/1"}],"replies":[{"embeddable":true,"href":"https:\/\/noticiasveraces.com\/index.php?rest_route=%2Fwp%2Fv2%2Fcomments&post=45740"}],"version-history":[{"count":0,"href":"https:\/\/noticiasveraces.com\/index.php?rest_route=\/wp\/v2\/posts\/45740\/revisions"}],"wp:featuredmedia":[{"embeddable":true,"href":"https:\/\/noticiasveraces.com\/index.php?rest_route=\/wp\/v2\/media\/45742"}],"wp:attachment":[{"href":"https:\/\/noticiasveraces.com\/index.php?rest_route=%2Fwp%2Fv2%2Fmedia&parent=45740"}],"wp:term":[{"taxonomy":"category","embeddable":true,"href":"https:\/\/noticiasveraces.com\/index.php?rest_route=%2Fwp%2Fv2%2Fcategories&post=45740"},{"taxonomy":"post_tag","embeddable":true,"href":"https:\/\/noticiasveraces.com\/index.php?rest_route=%2Fwp%2Fv2%2Ftags&post=45740"}],"curies":[{"name":"wp","href":"https:\/\/api.w.org\/{rel}","templated":true}]}}