{"id":45738,"date":"2025-10-15T00:44:02","date_gmt":"2025-10-15T04:44:02","guid":{"rendered":"https:\/\/noticiasveraces.com\/?p=45738"},"modified":"2025-10-15T00:44:02","modified_gmt":"2025-10-15T04:44:02","slug":"presidente-maduro-entrega-residencia-de-la-vineta-a-la-gran-mision-abuelos-de-la-patria-correo-del-orinoco","status":"publish","type":"post","link":"https:\/\/noticiasveraces.com\/?p=45738","title":{"rendered":"Presidente Maduro entrega residencia de La Vi\u00f1eta a la Gran Misi\u00f3n Abuelos de la Patria &#8211; Correo del Orinoco"},"content":{"rendered":"<p> \n<\/p>\n<div>\n<p>El presidente de la Rep\u00fablica, Nicol\u00e1s Maduro, entreg\u00f3 este martes la residencia oficial de La Vi\u00f1eta ubicada en Fuerte Tiuna, en Caracas, a la Gran Misi\u00f3n Abuelos y Abuelas de la Patria.<\/p>\n<p>\u00abLa Gran Misi\u00f3n Abuelos y Abuelas de la patria recibiendo la residencia presidencial para que sea un centro de funcionamiento de los cuatro v\u00e9rtices de la Gran Misi\u00f3n Abuelos y Abuelas de la Patria\u00bb, expres\u00f3.<\/p>\n<p>Desde los espacios de La Vi\u00f1eta, Maduro destac\u00f3 que el espacio ofrecer\u00e1 atenci\u00f3n y esparcimiento a los adultos mayores.<\/p>\n<p>Maduro orden\u00f3 acelerar el establecimiento de las casas de abuelos y abuelas en todo el pa\u00eds. \u00abQuedan 10 semanas de este a\u00f1o. Y en estas 10 semanas hay que aprovecharlas para abrir e inaugurar las casas de abuelos y abuelas en todo el pa\u00eds, en todos los municipios\u00bb.<\/p>\n<p>En estos espacios los adultos mayores recibir\u00e1n alimentaci\u00f3n sana y balanceada e hidrataci\u00f3n. Tambi\u00e9n podr\u00e1n compartir entre ellos, har\u00e1n ejercicios, leer\u00e1n, estudiar\u00e1n, jugar\u00e1n domin\u00f3 y ver\u00e1n pel\u00edculas, como lo hacen todas las familias.<\/p>\n<p>\u00abLa casa del Abuelo es una de las cosas m\u00e1s humanas y hermosas que estamos haciendo y debemos multiplicarla por cientos, por miles\u00bb, explic\u00f3 el mandatario nacional ante las autoridades caraque\u00f1as, quienes tienen la misi\u00f3n de presentar un plan de nuevas Casas de Abuelos y Abuelas en los pr\u00f3ximos meses.<\/p>\n<p>De igual manera, Maduro mencion\u00f3 la necesidad de crear un C\u00edrculo de Abuelos Ayacucho en Caracas, dada la cercan\u00eda de este nuevo centro con la plaza hom\u00f3nima.<\/p>\n<p>El presidente Maduro estuvo acompa\u00f1ado de la primera dama, Cilia Flores; y de la ministra del para los Adultos y Adultas Mayores, Magally Vi\u00f1a.<\/p>\n<p>Por su parte, la ministra Magally Vi\u00f1a destac\u00f3 el entusiasmo y la organizaci\u00f3n del movimiento social al recibir el nuevo espacio: \u00abLos abuelos como usted ve est\u00e1n organizados y felices y contentos por esto\u00bb.<\/p>\n<p>El encuentro del Presidente con los abuelos y abuelas se transform\u00f3 en una celebraci\u00f3n de afecto puro. Abrazos sinceros, sonrisas y admiraci\u00f3n llenaron el espacio, demostrando el profundo lazo entre el l\u00edder nacional y la generaci\u00f3n m\u00e1s experimentada.<\/p>\n<p>Esta efusividad es un reconocimiento al rol esencial de nuestros abuelos y abuelas. Ellos no son solo la memoria hist\u00f3rica y la identidad venezolana, sino guardianes activos de los valores patrios.<\/p>\n<\/p><\/div>\n\n","protected":false},"excerpt":{"rendered":"<p>El presidente de la Rep\u00fablica, Nicol\u00e1s Maduro, entreg\u00f3 este martes la residencia oficial de La Vi\u00f1eta ubicada en Fuerte Tiuna, en Caracas, a la Gran Misi\u00f3n Abuelos y Abuelas de la Patria. \u00abLa Gran Misi\u00f3n Abuelos y Abuelas de la patria recibiendo la residencia presidencial para que sea un centro de funcionamiento de los cuatro &hellip;<\/p>\n","protected":false},"author":1,"featured_media":45739,"comment_status":"open","ping_status":"open","sticky":false,"template":"","format":"standard","meta":{"fifu_image_url":"http:\/\/190.202.124.19\/wp-content\/uploads\/2025\/10\/WhatsApp-Image-2025-10-14-at-7.12.46-PM-1-696x464-1.jpeg","fifu_image_alt":"","footnotes":""},"categories":[13],"tags":[],"class_list":["post-45738","post","type-post","status-publish","format-standard","has-post-thumbnail","","category-mundo"],"_links":{"self":[{"href":"https:\/\/noticiasveraces.com\/index.php?rest_route=\/wp\/v2\/posts\/45738","targetHints":{"allow":["GET"]}}],"collection":[{"href":"https:\/\/noticiasveraces.com\/index.php?rest_route=\/wp\/v2\/posts"}],"about":[{"href":"https:\/\/noticiasveraces.com\/index.php?rest_route=\/wp\/v2\/types\/post"}],"author":[{"embeddable":true,"href":"https:\/\/noticiasveraces.com\/index.php?rest_route=\/wp\/v2\/users\/1"}],"replies":[{"embeddable":true,"href":"https:\/\/noticiasveraces.com\/index.php?rest_route=%2Fwp%2Fv2%2Fcomments&post=45738"}],"version-history":[{"count":0,"href":"https:\/\/noticiasveraces.com\/index.php?rest_route=\/wp\/v2\/posts\/45738\/revisions"}],"wp:featuredmedia":[{"embeddable":true,"href":"https:\/\/noticiasveraces.com\/index.php?rest_route=\/wp\/v2\/media\/45739"}],"wp:attachment":[{"href":"https:\/\/noticiasveraces.com\/index.php?rest_route=%2Fwp%2Fv2%2Fmedia&parent=45738"}],"wp:term":[{"taxonomy":"category","embeddable":true,"href":"https:\/\/noticiasveraces.com\/index.php?rest_route=%2Fwp%2Fv2%2Fcategories&post=45738"},{"taxonomy":"post_tag","embeddable":true,"href":"https:\/\/noticiasveraces.com\/index.php?rest_route=%2Fwp%2Fv2%2Ftags&post=45738"}],"curies":[{"name":"wp","href":"https:\/\/api.w.org\/{rel}","templated":true}]}}