{"id":45711,"date":"2025-10-14T20:15:23","date_gmt":"2025-10-15T00:15:23","guid":{"rendered":"https:\/\/noticiasveraces.com\/?p=45711"},"modified":"2025-10-14T20:15:23","modified_gmt":"2025-10-15T00:15:23","slug":"ataque-en-bogota-golpea-a-dos-activistas-venezolanos-que-huyen-de-la-persecucion-de-maduro","status":"publish","type":"post","link":"https:\/\/noticiasveraces.com\/?p=45711","title":{"rendered":"Ataque en Bogot\u00e1 golpea a dos activistas venezolanos que huyen de la persecuci\u00f3n de Maduro"},"content":{"rendered":"<p> \n<\/p>\n<div>\n<p>En lo que las autoridades colombianas han descrito como un ataque estilo sicario, o <em>sicariato<\/em>la activista venezolana de derechos humanos y LGBTQ+ Yendri Vel\u00e1squez y el consultor pol\u00edtico Luis Peche fueron baleados m\u00faltiples veces desde un veh\u00edculo el lunes en Bogot\u00e1 a las 3:00 p.m. Los dos hombres, ambos exiliados por su activismo contra el r\u00e9gimen de Nicol\u00e1s Maduro, sal\u00edan de un edificio cuando hombres armados abrieron fuego. Vel\u00e1squez recibi\u00f3 ocho disparos y Peche seis; ambos sobrevivieron. Vel\u00e1squez fue sometido a tres cirug\u00edas y Peche a una, y ambos se encuentran actualmente estables. <\/p>\n<p>Vel\u00e1squez y Peche se encuentran en Colombia desde septiembre de 2024, obligados a huir de Venezuela tras el fraude electoral que desencaden\u00f3 una persecuci\u00f3n pol\u00edtica sin precedentes. <\/p>\n<p>Desde 2012, Yendri Vel\u00e1squez (32) ha sido una de las defensoras m\u00e1s visibles de los derechos LGBTQ+ en Venezuela. Como director del Observatorio de Violencia LGBTQ+, ha documentado casos de cr\u00edmenes de odio y violencia de g\u00e9nero frecuentemente vinculados con las fuerzas de seguridad y las instituciones gubernamentales de Maduro. <\/p>\n<p>Su trabajo tuvo un alto costo: en 2024, mientras viajaba a Ginebra para una convenci\u00f3n de la ONU, fue detenido, desaparecido y torturado psicol\u00f3gicamente por las fuerzas de seguridad venezolanas. Despu\u00e9s de d\u00edas de incertidumbre y una campa\u00f1a en l\u00ednea exigiendo su liberaci\u00f3n, fue liberado, pero poco despu\u00e9s lo obligaron a exiliarse. Con su pasaporte confiscado por las autoridades venezolanas, Vel\u00e1squez ahora vive en Colombia, sin poder salir del pa\u00eds legalmente. Con la ayuda de la Defensor\u00eda del Pueblo de Colombia, Vel\u00e1squez present\u00f3 una solicitud de asilo que sigue sin respuesta, dijo la Relatora Especial de la ONU, Gina Romero, en X. <\/p>\n<blockquote class=\"wp-block-quote is-layout-flow wp-block-quote-is-layout-flow\">\n<p>El ataque de Bogot\u00e1 env\u00eda una se\u00f1al escalofriante a los exiliados venezolanos y a la comunidad internacional: la represi\u00f3n pol\u00edtica en Venezuela ha seguido evolucionando hasta convertirse en una amenaza transfronteriza.<\/p>\n<\/blockquote>\n<p>Luis Peche Arteaga es consultor pol\u00edtico y especialista en asuntos internacionales egresado de la Universidad Central de Venezuela. Tiene nacionalidad colombiana y dirige la firma de an\u00e1lisis pol\u00edtico. <em>Sala 58. <\/em>En Venezuela, Peche se desempe\u00f1\u00f3 como asesor de la Asamblea Nacional entre 2017 y 2018, seg\u00fan su perfil de LinkedIn. Tambi\u00e9n trabaj\u00f3 con organizaciones como <em>Voto Joven<\/em>que promueve la participaci\u00f3n electoral de los j\u00f3venes venezolanos en el exterior, y <em>La Mejor Venezuela.<\/em><\/p>\n<p>Luego del secuestro y detenci\u00f3n arbitraria del periodista y amigo cercano Carlos Marcano en mayo de 2025 por parte de la Polic\u00eda Nacional Bolivariana de Venezuela, Peche decidi\u00f3 abandonar Venezuela y establecerse en Colombia.<\/p>\n<p>Seg\u00fan la polic\u00eda, al menos tres personas participaron en el ataque. Los agresores utilizaron un veh\u00edculo que hab\u00eda salido del mismo edificio que Vel\u00e1squez y Peche momentos antes de abrir fuego, lo que llev\u00f3 a los investigadores a creer que hab\u00edan estado monitoreando de cerca a las v\u00edctimas. El auto fue encontrado posteriormente en Suba, barrio del noroeste de Bogot\u00e1, con dos pistolas en su interior. \u201cHubo muchos disparos\u201d, dijo el comandante de la polic\u00eda del distrito de Usaqu\u00e9n, Ricardo Chaves. La polic\u00eda dice que no tiene constancia de que ninguno de los dos haya recibido amenazas este a\u00f1o en Colombia.<\/p>\n<h2 class=\"wp-block-heading\">Cazado a trav\u00e9s de fronteras<\/h2>\n<p>La l\u00edder opositora Mar\u00eda Corina Machado, recientemente galardonada con el Premio Nobel de la Paz por su activismo a favor de la democracia, conden\u00f3 el ataque en las redes sociales, afirmando que el gobierno venezolano hab\u00eda atacado a los dos: \u201cEste ataque constituye una agresi\u00f3n grave no s\u00f3lo contra ellos sino contra todo el trabajo de protecci\u00f3n y promoci\u00f3n de los derechos humanos en la regi\u00f3n\u201d, dijo Machado.<\/p>\n<p>Si bien esta es la primera vez que dos civiles han sido atacados directamente por el r\u00e9gimen de Maduro, no es el primer ataque contra refugiados venezolanos en el extranjero. Durante la \u00faltima d\u00e9cada, las crisis pol\u00edticas y econ\u00f3micas superpuestas de Venezuela han obligado a millones de personas a huir, incluidos activistas, periodistas y figuras de la oposici\u00f3n. Entre los casos m\u00e1s escalofriantes se encuentra el del ex disidente militar Ronald Ojeda, quien escap\u00f3 de la custodia en Venezuela y busc\u00f3 refugio en Chile, para ser secuestrado y asesinado all\u00ed un a\u00f1o despu\u00e9s.<\/p>\n<p>Las organizaciones internacionales de derechos humanos, incluida la ONU, han condenado los ataques contra los exiliados venezolanos y enfatizaron que la persecuci\u00f3n no puede seguirlos m\u00e1s all\u00e1 de las fronteras de Venezuela.<\/p>\n<p>El presidente Gustavo Petro, que no conden\u00f3 el ataque, reiter\u00f3 que Colombia sigue abierta a los venezolanos que buscan asilo, independientemente de sus opiniones pol\u00edticas, y describi\u00f3 sus intenciones de fortalecer la protecci\u00f3n de los defensores de los derechos humanos. <\/p>\n<figure class=\"wp-block-embed is-type-rich is-provider-twitter wp-block-embed-twitter\">\n<div class=\"wp-block-embed__wrapper\">\n<blockquote class=\"twitter-tweet\" data-width=\"550\" data-dnt=\"true\">\n<p lang=\"es\" dir=\"ltr\">Toda la ciudadan\u00eda venezolana que quiera asilarse en Colombia, independiente de sus ideas es bien recibida, como se ha  demostrado en estos a\u00f1os. Nadie puede decir que el gobierno los ha molestado cu\u00e1les quiera sean sus ideas. Se han expresado libremente y as\u00ed continuar\u00e1<\/p>\n<p>La UNP\u2026 https:\/\/t.co\/dlj9xe6948<\/p>\n<p>\u2014 Gustavo Petro (@petrogustavo) <a href=\"https:\/\/twitter.com\/petrogustavo\/status\/1977850652563734905?ref_src=twsrc%5Etfw\">13 de octubre de 2025<\/a><\/p><\/blockquote>\n<\/div>\n<\/figure>\n<p>Sin embargo, la Polic\u00eda Nacional (UNP) no ha anunciado formalmente ninguna mejora en sus protocolos de seguridad para quienes est\u00e1n bajo protecci\u00f3n. Los defensores de los derechos humanos insisten en una investigaci\u00f3n r\u00e1pida y transparente, advirtiendo que sin medidas concretas, los exiliados y activistas venezolanos seguir\u00e1n siendo vulnerables.<\/p>\n<p>Despu\u00e9s del ataque, Peche public\u00f3 en las redes sociales un conmovedor mensaje tanto sobre su bienestar como sobre los peligros de ser parte de la pol\u00edtica venezolana y la defensa de los derechos humanos: \u201cHacer pol\u00edtica en Venezuela te puede matar, incluso fuera del pa\u00eds\u201d. <\/p>\n<p>El ataque de Bogot\u00e1 env\u00eda una se\u00f1al escalofriante a los exiliados venezolanos y a la comunidad internacional: la represi\u00f3n pol\u00edtica en Venezuela ha seguido evolucionando hasta convertirse en una amenaza transfronteriza. <\/p>\n<p>Si bien el gobierno de Colombia promete protecci\u00f3n, la falta de garant\u00edas de seguridad concretas deja a los activistas expuestos. Si el ataque fue ordenado por el r\u00e9gimen chavista, el incidente demuestra que la estrategia de intimidaci\u00f3n del r\u00e9gimen de Maduro se extiende mucho m\u00e1s all\u00e1 de sus fronteras, desafiando tanto a las naciones anfitrionas como a las organizaciones globales de derechos humanos a responder con decisi\u00f3n para proteger a quienes contin\u00faan hablando.<\/p>\n<p>El ataque contra Peche y Vel\u00e1squez abre un nuevo patr\u00f3n, o confirma el ya expuesto por el asesinato de Ojeda en Chile: los actores armados irregulares pueden castigar a los disidentes venezolanos en Am\u00e9rica Latina. Este patr\u00f3n se parece a muchos antecedentes de represi\u00f3n transnacional de izquierda y derecha. En las d\u00e9cadas de 1970 y 1980, la Operaci\u00f3n C\u00f3ndor, la alianza entre los reg\u00edmenes militares de Chile, Argentina y Uruguay, perpetr\u00f3 los asesinatos del ex ministro de Relaciones Exteriores chileno Orlando Letelier, entre otros. En nuestros d\u00edas, los reg\u00edmenes de Vladimir Putin en Rusia y de Daniel Ortega en Nicaragua han recurrido al mismo tipo de operaciones internacionales. <\/p>\n<p>Este caso pone la atenci\u00f3n en Colombia, donde el gobierno de Gustavo Petro -exmiembro de la guerrilla del M19 y l\u00edder de la extrema izquierda colombiana- ha quitado protecci\u00f3n a miembros de la oposici\u00f3n venezolana que se trasladaron a ese pa\u00eds durante el gobierno de Iv\u00e1n Duque. Como resultado, algunos de ellos, como Julio Borges, abandonaron Colombia. Sin embargo, el pa\u00eds tambi\u00e9n alberga a alrededor de 2 millones de venezolanos, entre los cuales hay muchos que huyeron de la persecuci\u00f3n, as\u00ed como a aliados pol\u00edticos de Nicol\u00e1s Maduro, bandas vinculadas al Tren de Aragua y guerrillas vinculadas al r\u00e9gimen chavista, como el ELN y los disidentes de las FARC. Medios de comunicaci\u00f3n colombianos como Caracol han estado documentando algo peor que la negligencia de Petro cuando se trata de refugiados de Venezuela: que Colombia es un coto de caza. El intento de asesinato contra estos dos j\u00f3venes y conocidos activistas parece reforzar esta alarmante tendencia.<\/p>\n<\/p><\/div>\n<p><script async src=\"https:\/\/platform.twitter.com\/widgets.js\" charset=\"utf-8\"><\/script><script async src=\"\/\/www.instagram.com\/embed.js\"><\/script><br \/>\n<br \/>\n","protected":false},"excerpt":{"rendered":"<p>En lo que las autoridades colombianas han descrito como un ataque estilo sicario, o sicariatola activista venezolana de derechos humanos y LGBTQ+ Yendri Vel\u00e1squez y el consultor pol\u00edtico Luis Peche fueron baleados m\u00faltiples veces desde un veh\u00edculo el lunes en Bogot\u00e1 a las 3:00 p.m. Los dos hombres, ambos exiliados por su activismo contra el &hellip;<\/p>\n","protected":false},"author":1,"featured_media":45712,"comment_status":"open","ping_status":"open","sticky":false,"template":"","format":"standard","meta":{"fifu_image_url":"https:\/\/www.caracaschronicles.com\/wp-content\/uploads\/2025\/10\/Anuncio-Facebook-rebajas-de-temporada-descuentos-foto-chica-estilo-minimalista.png","fifu_image_alt":"","footnotes":""},"categories":[13],"tags":[],"class_list":["post-45711","post","type-post","status-publish","format-standard","has-post-thumbnail","","category-mundo"],"_links":{"self":[{"href":"https:\/\/noticiasveraces.com\/index.php?rest_route=\/wp\/v2\/posts\/45711","targetHints":{"allow":["GET"]}}],"collection":[{"href":"https:\/\/noticiasveraces.com\/index.php?rest_route=\/wp\/v2\/posts"}],"about":[{"href":"https:\/\/noticiasveraces.com\/index.php?rest_route=\/wp\/v2\/types\/post"}],"author":[{"embeddable":true,"href":"https:\/\/noticiasveraces.com\/index.php?rest_route=\/wp\/v2\/users\/1"}],"replies":[{"embeddable":true,"href":"https:\/\/noticiasveraces.com\/index.php?rest_route=%2Fwp%2Fv2%2Fcomments&post=45711"}],"version-history":[{"count":0,"href":"https:\/\/noticiasveraces.com\/index.php?rest_route=\/wp\/v2\/posts\/45711\/revisions"}],"wp:featuredmedia":[{"embeddable":true,"href":"https:\/\/noticiasveraces.com\/index.php?rest_route=\/wp\/v2\/media\/45712"}],"wp:attachment":[{"href":"https:\/\/noticiasveraces.com\/index.php?rest_route=%2Fwp%2Fv2%2Fmedia&parent=45711"}],"wp:term":[{"taxonomy":"category","embeddable":true,"href":"https:\/\/noticiasveraces.com\/index.php?rest_route=%2Fwp%2Fv2%2Fcategories&post=45711"},{"taxonomy":"post_tag","embeddable":true,"href":"https:\/\/noticiasveraces.com\/index.php?rest_route=%2Fwp%2Fv2%2Ftags&post=45711"}],"curies":[{"name":"wp","href":"https:\/\/api.w.org\/{rel}","templated":true}]}}