{"id":45696,"date":"2025-10-14T18:12:23","date_gmt":"2025-10-14T22:12:23","guid":{"rendered":"https:\/\/noticiasveraces.com\/?p=45696"},"modified":"2025-10-14T18:12:23","modified_gmt":"2025-10-14T22:12:23","slug":"falsa-acusacion-a-cesar-torres-dt-colombia-sub-20-simon-garcia-hablo-de-provocaciones-de-argentina-seleccion-colombia","status":"publish","type":"post","link":"https:\/\/noticiasveraces.com\/?p=45696","title":{"rendered":"Falsa acusaci\u00f3n a C\u00e9sar Torres [DT Colombia Sub-20] Sim\u00f3n Garc\u00eda habl\u00f3 de provocaciones de Argentina | Selecci\u00f3n Colombia"},"content":{"rendered":"<p> \n<br \/><img decoding=\"async\" src=\"https:\/\/www.futbolred.com\/files\/article_graphic\/uploads\/2025\/01\/26\/6796dfece3120.jpeg\" \/><\/p>\n<div id=\"cuerpoArticulo\">\n<p class=\"texto intro cnx-companion-firstparagraph\" id=\"p256954-m681-680-682\">Hay confusi\u00f3n en Colombia y en Argentina por unas declaraciones que habr\u00edan calentado el partido entre las selecciones de ambos pa\u00edses en la semifinal de la Copa Mundial Sub-20 de la FIFA.<\/p>\n<p>A pocas horas del choque entre suramericanos, para definir el cupo a la final el Mundial de Chile 2025, el diario argentino \u2018Ole\u2019 public\u00f3 unas supuestas declaraciones del t\u00e9cnico de Colombia en la que habr\u00eda hablado de las provocaciones de Argentina.<\/p>\n<p>\u201cSomos profesionales, sabemos lo que a ellos les gusta hacer, pero es por lo de nosotros, somos muy maduros para no caer en las provocaciones\u201d, fueron las palabras que, seg\u00fan \u2018Ol\u00e9\u2019, expres\u00f3 el t\u00e9cnico de la Selecci\u00f3n cafetera juvenil.<\/p>\n<div id=\"p256954-m693-1-694\" class=\"\">\n<blockquote class=\"twitter-tweet\">\n<p lang=\"es\" dir=\"ltr\">No me digas que empezaron OTRA VEZ&#8230; \ud83d\ude44\ud83c\udde8\ud83c\uddf4<\/p>\n<p>\ud83d\udde3\ufe0f \u00abVamos a competir ante Argentina para ganar. Los respetamos como a todos, pero ese sue\u00f1o no nos lo quita nadie. Somos profesionales, sabemos lo que a ellos les gusta hacer, pero somos muy maduros para no caer en las provocaciones\u00bb,\u2026 <a href=\"https:\/\/t.co\/mcRpYIyIno\">pic.twitter.com\/mcRpYIyIno<\/a><\/p>\n<p>\u2014 Diario Ol\u00e9 (@DiarioOle) <a href=\"https:\/\/twitter.com\/DiarioOle\/status\/1978110924771791344?ref_src=twsrc%5Etfw\">14 de octubre de 2025<\/a><\/p><\/blockquote><\/div>\n<p class=\"texto contenido-parrafo-articulo cnx-companion-paragraph\" id=\"p256954-m737-4-738\">Sin embargo, hasta el momento las palabras de Torres que se han publicado, en audio o video, no mencionan las provocaciones de Argentina. \u201cNosotros nos tenemos que ocupar de lo que pasa en la cancha, de eso Colombia se tiene que ocupar. Nosotros, hacer un buen an\u00e1lisis del rival, de hacer un buen plan-partido, que los muchachos tengan certeza, seguridad y que compitan. Tenemos que tener es inteligencia emocional, estar aterrizados y competir\u201d, manifest\u00f3 este martes 14 de octubre el seleccionador colombiano.<\/p>\n<p><span class=\"articulo-subtitulo subtitulo2 espacio-contenido cnx-companion-subtitle\" id=\"p256954-m749-6-750\">\u00bfQui\u00e9n habl\u00f3 de las provocaciones de Argentina en la Selecci\u00f3n?<\/span><\/p>\n<p class=\"texto contenido-parrafo-articulo cnx-companion-paragraph\" id=\"p256954-m755-7-756\">S\u00ed hubo palabras hacia el rival de la semifinal en Colombia. Se trat\u00f3 de Sim\u00f3n Garc\u00eda, defensor y capit\u00e1n de la Selecci\u00f3n Sub-20, quien regresa a la titular luego de pagar una fecha de sanci\u00f3n en el partido contra Espa\u00f1a, en cuartos de final.<\/p>\n<p>Garc\u00eda, que lleva el dorsal \u20182\u2019 en Colombia, manifest\u00f3: \u201cNosotros estamos enfocados en nosotros (\u2026) Somos jugadores profesionales, ya sabemos lo que a ellos les gusta hacer, nosotros tampoco nos vamos a dejar, vamos por lo de nosotros. Somos bastante maduros para caer en esas cosas (provocaciones)\u201d.<\/p>\n<p>\u201cSabemos que a ellos les gusta provocar desde antes, nosotros estamos enfocados en el trabajo de nosotros y el mi\u00e9rcoles va a ser un gran partido; s\u00e9 que le vamos a dar otra alegr\u00eda al pa\u00eds\u201d, a\u00f1adi\u00f3 Sim\u00f3n Garc\u00eda.<\/p>\n<div id=\"p256954-m761-8-762\" class=\"\">\n<blockquote class=\"twitter-tweet\" data-media-max-width=\"560\">\n<p lang=\"es\" dir=\"ltr\">Sim\u00f3n Garc\u00eda de Colombia Sub 20, adem\u00e1s de que dijo que sabe que van a ganar, habl\u00f3 de las provocaciones de Argentina&#8230; <\/p>\n<p>\u00bfDe qu\u00e9 provocaciones habla esta gente? \ud83e\udd0c <\/p>\n<p>Son igual o m\u00e1s fabuladores que los mexicanos \ud83d\ude02 <a href=\"https:\/\/t.co\/0rbhLggEKE\">pic.twitter.com\/0rbhLggEKE<\/a><\/p>\n<p>\u2014 Siempre Con Argentina\u2b50\u2b50\u2b50 (@siempreconargok) <a href=\"https:\/\/twitter.com\/siempreconargok\/status\/1978139496072851664?ref_src=twsrc%5Etfw\">14 de octubre de 2025<\/a><\/p><\/blockquote><\/div>\n<\/div>\n<p><script async src=\"https:\/\/platform.twitter.com\/widgets.js\" charset=\"utf-8\"><\/script><br \/>\n<br \/>\n","protected":false},"excerpt":{"rendered":"<p>Hay confusi\u00f3n en Colombia y en Argentina por unas declaraciones que habr\u00edan calentado el partido entre las selecciones de ambos pa\u00edses en la semifinal de la Copa Mundial Sub-20 de la FIFA. A pocas horas del choque entre suramericanos, para definir el cupo a la final el Mundial de Chile 2025, el diario argentino \u2018Ole\u2019 &hellip;<\/p>\n","protected":false},"author":1,"featured_media":45698,"comment_status":"open","ping_status":"open","sticky":false,"template":"","format":"standard","meta":{"fifu_image_url":"https:\/\/www.futbolred.com\/files\/og_thumbnail\/uploads\/2025\/01\/26\/6796dfece3120.jpeg","fifu_image_alt":"","footnotes":""},"categories":[6],"tags":[],"class_list":["post-45696","post","type-post","status-publish","format-standard","has-post-thumbnail","","category-deportes"],"_links":{"self":[{"href":"https:\/\/noticiasveraces.com\/index.php?rest_route=\/wp\/v2\/posts\/45696","targetHints":{"allow":["GET"]}}],"collection":[{"href":"https:\/\/noticiasveraces.com\/index.php?rest_route=\/wp\/v2\/posts"}],"about":[{"href":"https:\/\/noticiasveraces.com\/index.php?rest_route=\/wp\/v2\/types\/post"}],"author":[{"embeddable":true,"href":"https:\/\/noticiasveraces.com\/index.php?rest_route=\/wp\/v2\/users\/1"}],"replies":[{"embeddable":true,"href":"https:\/\/noticiasveraces.com\/index.php?rest_route=%2Fwp%2Fv2%2Fcomments&post=45696"}],"version-history":[{"count":0,"href":"https:\/\/noticiasveraces.com\/index.php?rest_route=\/wp\/v2\/posts\/45696\/revisions"}],"wp:featuredmedia":[{"embeddable":true,"href":"https:\/\/noticiasveraces.com\/index.php?rest_route=\/wp\/v2\/media\/45698"}],"wp:attachment":[{"href":"https:\/\/noticiasveraces.com\/index.php?rest_route=%2Fwp%2Fv2%2Fmedia&parent=45696"}],"wp:term":[{"taxonomy":"category","embeddable":true,"href":"https:\/\/noticiasveraces.com\/index.php?rest_route=%2Fwp%2Fv2%2Fcategories&post=45696"},{"taxonomy":"post_tag","embeddable":true,"href":"https:\/\/noticiasveraces.com\/index.php?rest_route=%2Fwp%2Fv2%2Ftags&post=45696"}],"curies":[{"name":"wp","href":"https:\/\/api.w.org\/{rel}","templated":true}]}}