{"id":45687,"date":"2025-10-14T17:26:08","date_gmt":"2025-10-14T21:26:08","guid":{"rendered":"https:\/\/noticiasveraces.com\/?p=45687"},"modified":"2025-10-14T17:26:08","modified_gmt":"2025-10-14T21:26:08","slug":"el-sntp-denuncia-censura-sistematica-contra-periodistas-en-venezuela-el-periodismo-no-puede-seguir-siendo-castigado-por-informar","status":"publish","type":"post","link":"https:\/\/noticiasveraces.com\/?p=45687","title":{"rendered":"El SNTP denuncia censura sistem\u00e1tica contra periodistas en Venezuela: \u201cEl periodismo no puede seguir siendo castigado por informar\u201d"},"content":{"rendered":"<p> \n<\/p>\n<div>\n<article>\n<div class=\"image-featured\">\n<img src=\"data:image\/png;base64,iVBORw0KGgoAAAANSUhEUgAABQAAAAOEAQAAAADWbqGuAAAAAnRSTlMAAHaTzTgAAACjSURBVHja7cExAQAAAMKg9U9tDQ+gAAAAAAAAAAAAAAAAAAAAAAAAAAAAAAAAAAAAAAAAAAAAAAAAAAAAAAAAAAAAAAAAAAAAAAAAAAAAAAAAAAAAAAAAAAAAAAAAAAAAAAAAAAAAAAAAAAAAAAAAAAAAAAAAAAAAAAAAAAAAAAAAAAAAAAAAAAAAAAAAAAAAAAAAAAAAAAAAAAAAAAAAAAB4NzYiAAEO6z8yAAAAAElFTkSuQmCC\" alt=\"El origen combativo del D\u00eda del Periodista\" data-src=\"https:\/\/elnacional-uploads.nyc3.digitaloceanspaces.com\/wp-content\/uploads\/2025\/06\/25074653\/censura-venezuela-1280x900-1.jpg\" decoding=\"async\" class=\"lazyload\" data-eio-rwidth=\"1280\" data-eio-rheight=\"900\"\/><img decoding=\"async\" src=\"https:\/\/elnacional-uploads.nyc3.digitaloceanspaces.com\/wp-content\/uploads\/2025\/06\/25074653\/censura-venezuela-1280x900-1.jpg\" alt=\"El origen combativo del D\u00eda del Periodista\" data-eio=\"l\"\/><figcaption>El SNTP reiter\u00f3 su solidaridad con los periodistas afectados y ratific\u00f3 su compromiso con la defensa del ejercicio libre | Foto AFP<\/figcaption><\/div>\n<p>El Sindicato Nacional de Trabajadores de la Prensa (SNTP) denunci\u00f3 este martes nuevas y graves manifestaciones de censura en medios radiales con cobertura nacional, que han derivado en amenazas y suspensiones temporales de periodistas por abordar temas de inter\u00e9s p\u00fablico.<\/p>\n<p>En un comunicado difundido por la organizaci\u00f3n gremial, se advierte que \u201cel periodismo no puede seguir siendo castigado por informar\u201d, en referencia a una serie de hechos recientes que, seg\u00fan el SNTP, constituyen una clara violaci\u00f3n a la libertad de expresi\u00f3n.<\/p>\n<figure class=\"wp-block-embed is-type-rich is-provider-twitter wp-block-embed-twitter\">\n<blockquote class=\"twitter-tweet\" data-width=\"550\" data-dnt=\"true\">\n<p lang=\"es\" dir=\"ltr\">\ud83d\udea8EL PERIODISMO NO PUEDE SEGUIR SIENDO CASTIGADO POR INFORMAR<\/p>\n<p>\u27a1\ufe0f El SNTP alerta sobre nuevas y graves manifestaciones de censura en circuitos radiales con presencia en todo el pa\u00eds, las cuales han derivado en amenazas y suspensi\u00f3n temporal de periodistas por el abordaje de temas\u2026<\/p>\n<p>&mdash; SNTP (@sntpvenezuela) <a href=\"https:\/\/twitter.com\/sntpvenezuela\/status\/1978093598202548611?ref_src=twsrc%5Etfw\">October 14, 2025<\/a><\/p><\/blockquote>\n<p><script async src=\"https:\/\/platform.twitter.com\/widgets.js\" charset=\"utf-8\"><\/script><\/p>\n<\/figure>\n<p>Entre los casos mencionados, el sindicato destaca la prohibici\u00f3n de referirse al atentado contra dos activistas venezolanos exiliados en Colombia, ocurrido en Bogot\u00e1, as\u00ed como las represalias contra comunicadores que mencionaron el otorgamiento del Premio Nobel de la Paz a Mar\u00eda Corina Machado.<\/p>\n<p>\u201cTales decisiones reflejan el avance de una censura que busca borrar de la agenda p\u00fablica los temas que incomodan al poder\u201d, se\u00f1ala el texto, que tambi\u00e9n califica estas acciones como \u201cuna forma de violencia contra el periodismo\u201d, ya sea por imposici\u00f3n directa o por temor a represalias.<\/p>\n<p>En ese sentido, el SNTP reiter\u00f3 su solidaridad con los periodistas afectados y ratific\u00f3 su compromiso con la defensa del ejercicio libre, digno y responsable del periodismo en Venezuela. Adem\u00e1s, rechaz\u00f3 \u201ctoda pr\u00e1ctica que imponga vetos, silencie voces o limite la posibilidad de analizar hechos relevantes de la vida nacional\u201d.<\/p>\n<\/article>\n<\/div>\n<p><script async src=\"https:\/\/platform.twitter.com\/widgets.js\" charset=\"utf-8\"><\/script><br \/>\n<br \/>\n","protected":false},"excerpt":{"rendered":"<p>El SNTP reiter\u00f3 su solidaridad con los periodistas afectados y ratific\u00f3 su compromiso con la defensa del ejercicio libre | Foto AFP El Sindicato Nacional de Trabajadores de la Prensa (SNTP) denunci\u00f3 este martes nuevas y graves manifestaciones de censura en medios radiales con cobertura nacional, que han derivado en amenazas y suspensiones temporales de &hellip;<\/p>\n","protected":false},"author":1,"featured_media":45689,"comment_status":"open","ping_status":"open","sticky":false,"template":"","format":"standard","meta":{"fifu_image_url":"https:\/\/elnacional-uploads.nyc3.digitaloceanspaces.com\/wp-content\/uploads\/2025\/06\/25074653\/censura-venezuela-1280x900-1.jpg","fifu_image_alt":"","footnotes":""},"categories":[4],"tags":[],"class_list":["post-45687","post","type-post","status-publish","format-standard","has-post-thumbnail","","category-historias-destacadas"],"_links":{"self":[{"href":"https:\/\/noticiasveraces.com\/index.php?rest_route=\/wp\/v2\/posts\/45687","targetHints":{"allow":["GET"]}}],"collection":[{"href":"https:\/\/noticiasveraces.com\/index.php?rest_route=\/wp\/v2\/posts"}],"about":[{"href":"https:\/\/noticiasveraces.com\/index.php?rest_route=\/wp\/v2\/types\/post"}],"author":[{"embeddable":true,"href":"https:\/\/noticiasveraces.com\/index.php?rest_route=\/wp\/v2\/users\/1"}],"replies":[{"embeddable":true,"href":"https:\/\/noticiasveraces.com\/index.php?rest_route=%2Fwp%2Fv2%2Fcomments&post=45687"}],"version-history":[{"count":0,"href":"https:\/\/noticiasveraces.com\/index.php?rest_route=\/wp\/v2\/posts\/45687\/revisions"}],"wp:featuredmedia":[{"embeddable":true,"href":"https:\/\/noticiasveraces.com\/index.php?rest_route=\/wp\/v2\/media\/45689"}],"wp:attachment":[{"href":"https:\/\/noticiasveraces.com\/index.php?rest_route=%2Fwp%2Fv2%2Fmedia&parent=45687"}],"wp:term":[{"taxonomy":"category","embeddable":true,"href":"https:\/\/noticiasveraces.com\/index.php?rest_route=%2Fwp%2Fv2%2Fcategories&post=45687"},{"taxonomy":"post_tag","embeddable":true,"href":"https:\/\/noticiasveraces.com\/index.php?rest_route=%2Fwp%2Fv2%2Ftags&post=45687"}],"curies":[{"name":"wp","href":"https:\/\/api.w.org\/{rel}","templated":true}]}}