{"id":45681,"date":"2025-10-14T15:17:15","date_gmt":"2025-10-14T19:17:15","guid":{"rendered":"https:\/\/noticiasveraces.com\/?p=45681"},"modified":"2025-10-14T15:17:15","modified_gmt":"2025-10-14T19:17:15","slug":"el-papa-francisco-ha-visitado-11-paises-de-las-americas-en-sus-12-anos-de-papado","status":"publish","type":"post","link":"https:\/\/noticiasveraces.com\/?p=45681","title":{"rendered":"El papa Francisco ha visitado 11 pa\u00edses de las Am\u00e9ricas en sus 12 a\u00f1os de papado"},"content":{"rendered":"<p> \n<\/p>\n<div>\n<span class=\"dateline\">WASHINGTON\u2014 <\/span><\/p>\n<p>El papa Francisco cumple este jueves 12 a\u00f1os de papado. Desde aquel 13 de marzo de 2013, Mario Bergoglio ha visitado 59 pa\u00edses, 11 de estos del continente americano, con giras que comenzaron a pocos d\u00edas de asumir el pontificado cuando tuvo como <em><strong>primer destino Brasil.<\/strong><\/em><\/p>\n<p>El papa, ahora de 88 a\u00f1os, ha visitado en diferentes momentos el vecindario de pa\u00edses sudamericanos, pero no ha llegado a su tierra natal Argentina, que ten\u00eda previsto visitar en 2024, pero el empeoramiento de su salud se lo ha impedido.<\/p>\n<p>El Vaticano ha celebrado este jueves los <em><strong>12 a\u00f1os de papado de Francisco<\/strong><\/em>  con reportes m\u00e9dicos \u00abpositivos\u00bb sobre la evoluci\u00f3n de su cuadro cl\u00ednico a cuatro semanas de permanecer hospitalizado en Roma por una neumon\u00eda bilateral.<\/p>\n<p>Aqu\u00ed un recuento de su paso por las Am\u00e9ricas en estos 12 a\u00f1os de papado:<\/p>\n<h3 class=\"wsw__h3\">Brasil<\/h3>\n<p>Fue el primer pa\u00eds en visitar en julio de 2013, cuatro meses despu\u00e9s de llegar al trono papal. Decidi\u00f3 dar un <em><strong>impulso a la Jornada Mundial de la Juventud<\/strong><\/em>  en R\u00edo de Janeiro, un evento de dimensiones colosales que aglutin\u00f3 a millones de j\u00f3venes provenientes de 175 pa\u00edses, gran parte de argentinos cruzaron la frontera para ver a su reci\u00e9n compatriota elegido como papa.<\/p>\n<div class=\"wsw__embed\">\n<figure class=\"media-image js-media-expand\">\n<div class=\"img-wrap\">\n<div class=\"thumb\">\n<img decoding=\"async\" alt=\"El papa Francisco saluda a una multitud de fieles desde su papam\u00f3vil en el centro de R\u00edo de Janeiro el 22 de julio de 2013 en su primer viaje al extranjero como pont\u00edfice y una serie de eventos de una semana que se espera atraigan a m\u00e1s de un mill\u00f3n de feligreses en Brasil.\" src=\"https:\/\/gdb.voanews.com\/c40b15ca-57c0-4d4b-07b5-08dd5c8b1668_w250_r0_s.jpg\"\/>\n<\/div>\n<\/div><figcaption>\n<span class=\"caption\">El papa Francisco saluda a una multitud de fieles desde su papam\u00f3vil en el centro de R\u00edo de Janeiro el 22 de julio de 2013 en su primer viaje al extranjero como pont\u00edfice y una serie de eventos de una semana que se espera atraigan a m\u00e1s de un mill\u00f3n de feligreses en Brasil.<\/span><br \/>\n<\/figcaption><\/figure>\n<\/div>\n<p>Desde un inicio Francisco decidi\u00f3 mostrar un acercamiento y m\u00e1s simplicidad al utilizar en ese evento un papam\u00f3vil descapotado, el lugar del tradicional carro blindado para hacer sus recorridos.<\/p>\n<p>En aquella gira dijo a los j\u00f3venes \u201chagan l\u00edo\u201d para instarlos a empujar a una Iglesia viva y de compromiso con los necesitados.<\/p>\n<h3 class=\"wsw__h3\">Gira por Ecuador, Bolivia y Paraguay<\/h3>\n<p>Dos a\u00f1os despu\u00e9s Francisco regres\u00f3 a Sudam\u00e9rica, esta vez con un recorrido en julio de 2015 que inclu\u00eda tres pa\u00edses, <em><strong>Ecuador<\/strong><\/em>, <em><strong>bolivia<\/strong><\/em>  y <em><strong>Paraguay.<\/strong><\/em><\/p>\n<div class=\"wsw__embed\">\n<figure class=\"media-image js-media-expand\">\n<div class=\"img-wrap\">\n<div class=\"thumb\">\n<img decoding=\"async\" alt=\"El papa Francisco durante su visita a la Catedral de Quito, Ecuador, el 6 de julio de 2015. El papa Francisco aprovech\u00f3 su primera misa en Ecuador para pedir apoyo en su esfuerzo por acercarse a los cat\u00f3licos que se sienten marginados por la Iglesia.\" src=\"https:\/\/gdb.voanews.com\/a9ac1b79-2abf-429a-07ba-08dd5c8b1668_w250_r0_s.jpg\"\/>\n<\/div>\n<\/div><figcaption>\n<span class=\"caption\">El papa Francisco durante su visita a la Catedral de Quito, Ecuador, el 6 de julio de 2015. El papa Francisco aprovech\u00f3 su primera misa en Ecuador para pedir apoyo en su esfuerzo por acercarse a los cat\u00f3licos que se sienten marginados por la Iglesia.<\/span><br \/>\n<\/figcaption><\/figure>\n<\/div>\n<p>Aquella gira estuvo en enmarcada en una petici\u00f3n de perd\u00f3n por cr\u00edmenes cometidos contra pueblos ind\u00edgenas a lo largo de la historia de colonizaci\u00f3n en el continente.<\/p>\n<p>Al llegar a una regi\u00f3n convulsa por asuntos pol\u00edticos Francisco llam\u00f3 a los pueblos y los gobiernos a la \u201cconciliaci\u00f3n y el di\u00e1logo\u201d.<\/p>\n<p>Los servicios religiosos fueron multitudinarios con varias paradas al menos en Bolivia y Ecuador, donde recorri\u00f3 parte de los pa\u00edses para llevar su mensaje y presencia a diferentes ciudades.<\/p>\n<div class=\"wsw__embed\">\n<figure class=\"media-image js-media-expand\">\n<div class=\"img-wrap\">\n<div class=\"thumb\">\n<img decoding=\"async\" alt=\"Chamanes reciben al papa Francisco en su visita a la Plaza Murillo en La Paz, Bolivia, el 8 de julio de 2015. El pont\u00edfice lleg\u00f3 a Bolivia tras congregar a cerca de 1,5 millones de personas en misas en Ecuador en la primera etapa de su gira.\" src=\"https:\/\/gdb.voanews.com\/425499cc-e0f4-471f-07af-08dd5c8b1668_w250_r0_s.jpg\"\/>\n<\/div>\n<\/div><figcaption>\n<span class=\"caption\">Chamanes reciben al papa Francisco en su visita a la Plaza Murillo en La Paz, Bolivia, el 8 de julio de 2015. El pont\u00edfice lleg\u00f3 a Bolivia tras congregar a cerca de 1,5 millones de personas en misas en Ecuador en la primera etapa de su gira.<\/span><br \/>\n<\/figcaption><\/figure>\n<\/div>\n<h3 class=\"wsw__h3\">Un viaje por EEUU y Cuba<\/h3>\n<p>En septiembre de 2015 el papa Francisco inici\u00f3 una gira por Estados Unidos y Cuba. Comenz\u00f3 su <em><strong>recorrido en la isla caribe\u00f1a<\/strong><\/em>  en el marco del Encuentro Mundial de las Familias, Francisco era el tercer papa que visitaba Cuba, el pa\u00eds comunista del continente americano que trataba para ese entonces de dar cierta apertura al mundo, en julio de ese a\u00f1o hab\u00eda abierto relaciones diplom\u00e1ticas con Estados Unidos.<\/p>\n<p>Francisco ofreci\u00f3 el 20 de septiembre una <em><strong>misa en la Plaza de la Revoluci\u00f3n<\/strong><\/em>en la Habana, donde advirti\u00f3 sobre los \u201cideolog\u00edas\u201d que menoscaban el desarrollo de la sociedad. Su visita pastoral y como jefe del Estado Vaticano tambi\u00e9n incluy\u00f3 reuniones con el expresidente de Cuba, Fidel Castro y con su sucesor, Ra\u00fal Castro.<\/p>\n<div class=\"wsw__embed\">\n<figure class=\"media-image js-media-expand\">\n<div class=\"img-wrap\">\n<div class=\"thumb\">\n<img decoding=\"async\" alt=\"El papa Francisco conversa con ni\u00f1os en el santuario de la Virgen de la Caridad en El Cobre, Cuba, el 21 de septiembre de 2015.\" src=\"https:\/\/gdb.voanews.com\/701a28c7-e1b9-4657-33f6-08dd5c897904_w250_r0_s.jpg\"\/>\n<\/div>\n<\/div><figcaption>\n<span class=\"caption\">El papa Francisco conversa con ni\u00f1os en el santuario de la Virgen de la Caridad en El Cobre, Cuba, el 21 de septiembre de 2015.<\/span><br \/>\n<\/figcaption><\/figure>\n<\/div>\n<p>En sus mensajes en Cuba pidi\u00f3 a los feligreses \u201cvivir la revoluci\u00f3n de la ternura\u201d, como contrapunto al reiterado llamado del gobierno a mantener viva la revoluci\u00f3n comunista, esto mientras el pa\u00eds ofrec\u00eda m\u00e1s apertura a la libertad de culto.<\/p>\n<p>La <em><strong>visita a Estados Unidos<\/strong><\/em><em><strong> <\/strong><\/em>dur\u00f3 cinco d\u00edas, comenzando con su primera parada en Washington el 22 de septiembre y partiendo de Filadelfia el 27 de septiembre, con un intermedio en la ciudad de Nueva York.<\/p>\n<p>La gira por Estados Unidos incluy\u00f3 masivas demostraciones de feligreses en di\u00f3cesis como la de Washington, donde la Iglesia se ha robustecido con la participaci\u00f3n de las comunidades latinoamericanas.<\/p>\n<div class=\"wsw__embed\">\n<figure class=\"media-image js-media-expand\">\n<div class=\"img-wrap\">\n<div class=\"thumb\">\n<img decoding=\"async\" alt=\"El papa Francisco saluda a la multitud reunida para verlo a su llegada a la Bas\u00edlica del Santuario Nacional de la Inmaculada Concepci\u00f3n en Washington el 23 de septiembre de 2015.\" src=\"https:\/\/gdb.voanews.com\/bb727b0b-0072-49a7-07ac-08dd5c8b1668_w250_r0_s.jpg\"\/>\n<\/div>\n<\/div><figcaption>\n<span class=\"caption\">El papa Francisco saluda a la multitud reunida para verlo a su llegada a la Bas\u00edlica del Santuario Nacional de la Inmaculada Concepci\u00f3n en Washington el 23 de septiembre de 2015.<\/span><br \/>\n<\/figcaption><\/figure>\n<\/div>\n<p>El papa tambi\u00e9n ofici\u00f3 una multitudinaria misa en el Madison Square Garden en la ciudad de Nueva York, donde dijo que \u201cel pueblo fiel de Dios puede ver, discernir y contemplar su presencia viva en medio de la vida, en medio de la ciudad\u201d, la metr\u00f3poli vista como crisol de cambios para el mundo.<\/p>\n<h3 class=\"wsw__h3\">M\u00e9xico<\/h3>\n<p>El <em><strong>pa\u00eds azteca acogi\u00f3 al pont\u00edfice<\/strong><\/em>  entre el 12 y 17 de febrero de 2016. M\u00e9xico es el segundo pa\u00eds con m\u00e1s cat\u00f3licos en el mundo, seguido de Brasil. La gira incluy\u00f3 la Ciudad de M\u00e9xico, Morelia, San Crist\u00f3bal de las Casas y Ciudad Ju\u00e1rez, en la frontera norte con Estados Unidos.<\/p>\n<p>Francisco fue acogido por multitudes en los servicios religiosos donde no pudo faltar la celebraci\u00f3n en la explanada donde se encuentra la Bas\u00edlica de Nuestra Se\u00f1ora de Guadalupe, la patrona de M\u00e9xico.<\/p>\n<div class=\"wsw__embed\">\n<figure class=\"media-image js-media-expand\">\n<div class=\"img-wrap\">\n<div class=\"thumb\">\n<img decoding=\"async\" alt=\"El papa Francisco saluda a la multitud reunida para verlo a su llegada a la Bas\u00edlica del Santuario Nacional de la Inmaculada Concepci\u00f3n en Washington el 23 de septiembre de 2015.\" src=\"https:\/\/gdb.voanews.com\/69c4087e-4668-4a18-33f8-08dd5c897904_w250_r0_s.jpg\"\/>\n<\/div>\n<\/div><figcaption>\n<span class=\"caption\">El papa Francisco saluda a la multitud reunida para verlo a su llegada a la Bas\u00edlica del Santuario Nacional de la Inmaculada Concepci\u00f3n en Washington el 23 de septiembre de 2015.<\/span><br \/>\n<\/figcaption><\/figure>\n<\/div>\n<p>La visita de Francisco a M\u00e9xico se destac\u00f3 por encuentros con j\u00f3venes, ind\u00edgenas, adultos mayores, enfermos y presidiarios, adem\u00e1s de migrantes en la frontera, y los di\u00e1logos con los oficiales de gobierno y el clero mexicano.<\/p>\n<h3 class=\"wsw__h3\">Colombia<\/h3>\n<p>En 2017 el papa Francisco decidi\u00f3 hacer una visita a Colombia, que ve\u00eda la esperanza al firmar unos <em><strong>Acuerdos de Paz para poner fin a d\u00e9cada de conflicto<\/strong><\/em>  interno entre el Estado, grupos paramilitares y la guerrilla de las FARC.<\/p>\n<p>El papa lleg\u00f3 al pa\u00eds sudamericano para encabezar el \u201cGran encuentro de oraci\u00f3n por la reconciliaci\u00f3n nacional\u201d. En sus cuatro d\u00edas de estancia del 6 al 10 de septiembre, Francisco visit\u00f3 Bogot\u00e1, Villavicencio, Medell\u00edn y Cartagena.<\/p>\n<h3 class=\"wsw__h3\">Chile y Per\u00fa<\/h3>\n<p>Estos dos pa\u00edses sudamericanos dieron la bienvenida a Francisco del 15 al 21 de enero de 2018, la que el Vaticano consider\u00f3 como una visita apost\u00f3lica donde hubo principal \u00e9nfasis en la \u201cvergonzosa\u201d conducta de miembros del clero por abusos sexuales cometidos contra ni\u00f1os y adolescentes.<\/p>\n<div class=\"wsw__embed\">\n<figure class=\"media-image js-media-expand\">\n<div class=\"img-wrap\">\n<div class=\"thumb\">\n<img decoding=\"async\" alt=\"El papa Francisco usa un sombrero tradicional peruano mientras visita el distrito de Buenos Aires en Trujillo, Per\u00fa, el 20 de enero de 2018.\" src=\"https:\/\/gdb.voanews.com\/6703a79f-f087-4712-07b7-08dd5c8b1668_w250_r0_s.jpg\"\/>\n<\/div>\n<\/div><figcaption>\n<span class=\"caption\">El papa Francisco usa un sombrero tradicional peruano mientras visita el distrito de Buenos Aires en Trujillo, Per\u00fa, el 20 de enero de 2018.<\/span><br \/>\n<\/figcaption><\/figure>\n<\/div>\n<p>En Per\u00fa, Francisco mostr\u00f3 su apoyo a los pueblos originarios de la Amazon\u00eda con el tema en solidaridad por las <em><strong>quemas y toma de tierra del principal pulm\u00f3n<\/strong><\/em>  del planeta. El papa acudi\u00f3 entonces a un encuentro con l\u00edderes ind\u00edgenas en Puerto Maldonado en la regi\u00f3n amaz\u00f3nica.<\/p>\n<h3 class=\"wsw__h3\"><strong>Panam\u00e1<\/strong><\/h3>\n<p>Panam\u00e1 acogi\u00f3 al papa para celebrar la Jornada Mundial de la Juventud desde el 23 de enero de 2019. En aquella visita el pont\u00edfice hizo presentaciones ante miles de peregrinos y <em><strong>abord\u00f3 temas como las migraciones, la violencia<\/strong><\/em><em><strong> <\/strong><\/em>y la necesidad de proteger el medio ambiente.<\/p>\n<p>Un a\u00f1o despu\u00e9s <em><strong>comenz\u00f3 la pandemia de COVID-19<\/strong><\/em>  y por casi dos a\u00f1os Am\u00e9rica Latina se mantuvo con restricciones a eventos masivos por los riesgos de la enfermedad.<\/p>\n<p>Desde entonces, el papa ha presentando complicaciones relacionadas con su edad y problemas de salud cr\u00f3nicos que le impidieron retomar el ritmo una vez terminada la emergencia sanitaria.<\/p>\n<p>Las complicaciones de salud le han limitado los viajes transatl\u00e1nticos como al inicio de su papado.<\/p>\n<div class=\"wsw__embed\">\n<figure class=\"media-image js-media-expand\">\n<div class=\"img-wrap\">\n<div class=\"thumb\">\n<img decoding=\"async\" alt=\"En 12 a\u00f1os de pontificado Francisco no ha logrado visitar su natal Argentina, aunque recorri\u00f3 varios pa\u00edses del cono sur s\u00f3lo abraz\u00f3 la bandera argentina como en esta foto captada en R\u00edo de Janeiro, el 25 de julio de 2013 en su primera visita a tierra americana como papa.\" src=\"https:\/\/gdb.voanews.com\/13a8183b-c86d-4eda-07b3-08dd5c8b1668_w250_r1_s.jpg\"\/>\n<\/div>\n<\/div><figcaption>\n<span class=\"caption\">En 12 a\u00f1os de pontificado Francisco no ha logrado visitar su natal Argentina, aunque recorri\u00f3 varios pa\u00edses del cono sur s\u00f3lo abraz\u00f3 la bandera argentina como en esta foto captada en R\u00edo de Janeiro, el 25 de julio de 2013 en su primera visita a tierra americana como papa.<\/span><br \/>\n<\/figcaption><\/figure>\n<\/div>\n<p><em><strong>\u00a1Con\u00e9ctate con la Voz de Am\u00e9rica! Suscr\u00edbete a nuestros canales de<\/strong><\/em><em><strong>  YouTube<\/strong><\/em><em><strong>, <\/strong><\/em><em><strong>WhatsApp<\/strong><\/em><em><strong>  y al <\/strong><\/em><em><strong>hoja informativa<\/strong><\/em><em><strong>. Activa las notificaciones y s\u00edguenos en <\/strong><\/em><em><strong>Facebook<\/strong><\/em><em><strong>, <\/strong><\/em><a class=\"wsw__a\" href=\"https:\/\/nam10.safelinks.protection.outlook.com\/?url=https%3A%2F%2Ftwitter.com%2FVozdeAmerica&amp;data=05%7C02%7Cwserrano%40voanews.com%7C0b9cfda59f52447b0ed708dc07d64451%7Cba99e87c673541c2b1c1354eee3a8659%7C0%7C0%7C638393864063639904%7CUnknown%7CTWFpbGZsb3d8eyJWIjoiMC4wLjAwMDAiLCJQIjoiV2luMzIiLCJBTiI6Ik1haWwiLCJXVCI6Mn0%3D%7C3000%7C%7C%7C&amp;sdata=unLJDFixL8cjTiSip1dC8ViP8otjrQyzq1ziP2g1PMo%3D&amp;reserved=0\" target=\"_blank\"><em><strong>inc\u00f3gnita<\/strong><\/em><\/a><em><strong>  mi <\/strong><\/em><em><strong>Instagram<\/strong><\/em><em><strong>.<\/strong><\/em><\/p>\n<\/div>\n<p><script async src=\"https:\/\/platform.twitter.com\/widgets.js\" charset=\"utf-8\"><\/script><script async src=\"\/\/www.instagram.com\/embed.js\"><\/script><br \/>\n<br \/>\n","protected":false},"excerpt":{"rendered":"<p>WASHINGTON\u2014 El papa Francisco cumple este jueves 12 a\u00f1os de papado. Desde aquel 13 de marzo de 2013, Mario Bergoglio ha visitado 59 pa\u00edses, 11 de estos del continente americano, con giras que comenzaron a pocos d\u00edas de asumir el pontificado cuando tuvo como primer destino Brasil. El papa, ahora de 88 a\u00f1os, ha visitado &hellip;<\/p>\n","protected":false},"author":1,"featured_media":45683,"comment_status":"open","ping_status":"open","sticky":false,"template":"","format":"standard","meta":{"fifu_image_url":"https:\/\/gdb.voanews.com\/29ff0e94-b904-4120-82d0-c44081f5731d_cx0_cy6_cw0_w1200_h630.jpg","fifu_image_alt":"","footnotes":""},"categories":[13],"tags":[],"class_list":["post-45681","post","type-post","status-publish","format-standard","has-post-thumbnail","","category-mundo"],"_links":{"self":[{"href":"https:\/\/noticiasveraces.com\/index.php?rest_route=\/wp\/v2\/posts\/45681","targetHints":{"allow":["GET"]}}],"collection":[{"href":"https:\/\/noticiasveraces.com\/index.php?rest_route=\/wp\/v2\/posts"}],"about":[{"href":"https:\/\/noticiasveraces.com\/index.php?rest_route=\/wp\/v2\/types\/post"}],"author":[{"embeddable":true,"href":"https:\/\/noticiasveraces.com\/index.php?rest_route=\/wp\/v2\/users\/1"}],"replies":[{"embeddable":true,"href":"https:\/\/noticiasveraces.com\/index.php?rest_route=%2Fwp%2Fv2%2Fcomments&post=45681"}],"version-history":[{"count":0,"href":"https:\/\/noticiasveraces.com\/index.php?rest_route=\/wp\/v2\/posts\/45681\/revisions"}],"wp:featuredmedia":[{"embeddable":true,"href":"https:\/\/noticiasveraces.com\/index.php?rest_route=\/wp\/v2\/media\/45683"}],"wp:attachment":[{"href":"https:\/\/noticiasveraces.com\/index.php?rest_route=%2Fwp%2Fv2%2Fmedia&parent=45681"}],"wp:term":[{"taxonomy":"category","embeddable":true,"href":"https:\/\/noticiasveraces.com\/index.php?rest_route=%2Fwp%2Fv2%2Fcategories&post=45681"},{"taxonomy":"post_tag","embeddable":true,"href":"https:\/\/noticiasveraces.com\/index.php?rest_route=%2Fwp%2Fv2%2Ftags&post=45681"}],"curies":[{"name":"wp","href":"https:\/\/api.w.org\/{rel}","templated":true}]}}