{"id":45666,"date":"2025-10-14T12:10:02","date_gmt":"2025-10-14T16:10:02","guid":{"rendered":"https:\/\/noticiasveraces.com\/?p=45666"},"modified":"2025-10-14T12:10:02","modified_gmt":"2025-10-14T16:10:02","slug":"graves-hechos-de-violencia-causarian-dos-despidos-en-america-de-cali-hay-escandalo-por-lo-ocurrido-curiosidades-de-futbol","status":"publish","type":"post","link":"https:\/\/noticiasveraces.com\/?p=45666","title":{"rendered":"Graves hechos de violencia causar\u00edan dos despidos en Am\u00e9rica de Cali: hay esc\u00e1ndalo por lo ocurrido | Curiosidades de f\u00fatbol"},"content":{"rendered":"<p> \n<\/p>\n<div id=\"cuerpoArticulo\">\n<p class=\"texto intro cnx-companion-firstparagraph\" id=\"p256912-m747-746-748\">El pasado domingo 12 de octubre, mientras se disputaba el partido\u00a0Academia Alemana vs Am\u00e9rica de Cali, en el marco del Torneo de las Am\u00e9ricas, categor\u00eda Sub-17, se generaron hechos de violencia que empa\u00f1aron la fiesta deportiva en las divisiones menores. <\/p>\n<p>De acuerdo a la\u00a0Asociaci\u00f3n Vallecaucana de \u00c1rbitros de F\u00fatbol (AVAF), hubo una reacci\u00f3n \u201cviolenta y cobarde\u201d al juez central con pu\u00f1os y patadas; advirtiendo que esto \u201cpuso en peligro la vida del \u00e1rbitro\u201d, por lo que se denunciar\u00e1 el caso. <\/p>\n<p class=\"texto contenido-parrafo-articulo cnx-companion-paragraph\" id=\"p256912-m810-3-811\">Los hechos, que son materia de investigaci\u00f3n, quedaron registrados en videos, que se difundieron en las redes sociales, donde aficionados rechazaron lo ocurrido. <\/p>\n<p>Por su parte, Am\u00e9rica de Cali pidi\u00f3 disculpas y asegur\u00f3, a trav\u00e9s de un comunicado, que tomar\u00e1 \u201clas medidas necesarias para que situaciones como estas no vuelvan a presentarse\u201d. <\/p>\n<p>Horas m\u00e1s tarde, y teniendo en cuenta versiones de la prensa, ya se conocer\u00edan las primeras decisiones desde el club &#8216;escarlata&#8217;. <\/p>\n<p class=\"texto contenido-parrafo-articulo cnx-companion-paragraph\" id=\"p256912-m822-5-823\">Seg\u00fan inform\u00f3 el periodista Franco V\u00e9lez en la FM, <b>\u00abdos personas que van a salir del Am\u00e9rica, los van a sacar. Van a sacar a \u2018Pluto\u2019 Meneses y al gerente deportivo, Daniel Pab\u00f3n\u00bb. <\/b><\/p>\n<p>Ambas personas estuvieron involucradas en las peleas y, aunque pidieron disculpas p\u00fablicas, rechazando los actos, todo parece indicar que ser\u00edan apartados de sus respectivos cargos.<\/p>\n<div class=\"fotografia caja-articulo\" id=\"p256912-m828-6-829\">\n<div class=\"imagen-cuerpo-bk\">\n<figure itemscope=\"\" itemtype=\"https:\/\/schema.org\/ImageObject\" itemprop=\"image\" id=\"m833-832-834\" class=\"foto-galeria-articulo imagen-articulo foto-texto-articulo-galeria\"><img decoding=\"async\" alt=\"Agresi\u00f3n \u00e1rbitro\" src=\"data:image\/png;base64,iVBORw0KGgoAAAANSUhEUgAAAAEAAAABCAQAAAC1HAwCAAAAC0lEQVR42mP8\/x0AAvsB+DlKarAAAAAASUVORK5CYII=\" style=\" display: inline;\" data-original=\"\/files\/article_content\/uploads\/2025\/10\/12\/68ec4580562eb.jpeg\"\/><meta itemprop=\"width\" content=\"600\"\/><meta itemprop=\"height\" content=\"450\"\/> <meta itemprop=\"url\" content=\"https:\/\/www.futbolred.com\/files\/article_content\/uploads\/2025\/10\/12\/68ec4580562eb.jpeg\"\/><\/figure>\n<\/div>\n<div class=\"figcaption-cuerpo-bk credito-image-bk\"><figcaption class=\"foto-info\">\n<div class=\"titulo-foto-bk\">\n<p id=\"m840-1-841\" class=\"titulo pie-de-foto\">Agresi\u00f3n \u00e1rbitro en Am\u00e9rica Sub-17<\/p>\n<\/div>\n<p class=\"credito\">\n                            <span class=\"linea pre_credito\">Foto:<\/span><\/p>\n<p>                        <span id=\"m846-2-847\" class=\"autor\">Captura de pantalla<\/span><\/p>\n<\/figcaption><\/div>\n<\/p><\/div>\n<p class=\"texto contenido-parrafo-articulo cnx-companion-paragraph\" id=\"p256912-m854-7-855\">\u201c<b>Seguramente ser\u00e1n los dos involucrados porque eso no tiene presentaci\u00f3n, salen a respaldarlos porque el \u00e1rbitro peg\u00f3 primero, y eso no tiene nada que ver<\/b>. Eso llevar\u00eda precisamente a destituir a gente que est\u00e1 pendiente de la situaci\u00f3n\u201d, dijo Quique Barona de Antena 2, complementando la versi\u00f3n de los despidos.<\/p>\n<p>Vale resaltar que Meneses hace parte del cuerpo t\u00e9cnico, mientras que Pab\u00f3n es el gerente deportivo de la instituci\u00f3n. Ambos, al parecer, ser\u00edan apartados de su cargo tras lo ocurrido en el torneo Sub-17.<\/p>\n<\/div>\n\n","protected":false},"excerpt":{"rendered":"<p>El pasado domingo 12 de octubre, mientras se disputaba el partido\u00a0Academia Alemana vs Am\u00e9rica de Cali, en el marco del Torneo de las Am\u00e9ricas, categor\u00eda Sub-17, se generaron hechos de violencia que empa\u00f1aron la fiesta deportiva en las divisiones menores. De acuerdo a la\u00a0Asociaci\u00f3n Vallecaucana de \u00c1rbitros de F\u00fatbol (AVAF), hubo una reacci\u00f3n \u201cviolenta y &hellip;<\/p>\n","protected":false},"author":1,"featured_media":45667,"comment_status":"open","ping_status":"open","sticky":false,"template":"","format":"standard","meta":{"fifu_image_url":"https:\/\/www.futbolred.com\/files\/og_thumbnail\/uploads\/2025\/09\/28\/68d9be082a805.jpeg","fifu_image_alt":"","footnotes":""},"categories":[6],"tags":[],"class_list":["post-45666","post","type-post","status-publish","format-standard","has-post-thumbnail","","category-deportes"],"_links":{"self":[{"href":"https:\/\/noticiasveraces.com\/index.php?rest_route=\/wp\/v2\/posts\/45666","targetHints":{"allow":["GET"]}}],"collection":[{"href":"https:\/\/noticiasveraces.com\/index.php?rest_route=\/wp\/v2\/posts"}],"about":[{"href":"https:\/\/noticiasveraces.com\/index.php?rest_route=\/wp\/v2\/types\/post"}],"author":[{"embeddable":true,"href":"https:\/\/noticiasveraces.com\/index.php?rest_route=\/wp\/v2\/users\/1"}],"replies":[{"embeddable":true,"href":"https:\/\/noticiasveraces.com\/index.php?rest_route=%2Fwp%2Fv2%2Fcomments&post=45666"}],"version-history":[{"count":0,"href":"https:\/\/noticiasveraces.com\/index.php?rest_route=\/wp\/v2\/posts\/45666\/revisions"}],"wp:featuredmedia":[{"embeddable":true,"href":"https:\/\/noticiasveraces.com\/index.php?rest_route=\/wp\/v2\/media\/45667"}],"wp:attachment":[{"href":"https:\/\/noticiasveraces.com\/index.php?rest_route=%2Fwp%2Fv2%2Fmedia&parent=45666"}],"wp:term":[{"taxonomy":"category","embeddable":true,"href":"https:\/\/noticiasveraces.com\/index.php?rest_route=%2Fwp%2Fv2%2Fcategories&post=45666"},{"taxonomy":"post_tag","embeddable":true,"href":"https:\/\/noticiasveraces.com\/index.php?rest_route=%2Fwp%2Fv2%2Ftags&post=45666"}],"curies":[{"name":"wp","href":"https:\/\/api.w.org\/{rel}","templated":true}]}}