{"id":45661,"date":"2025-10-14T11:24:45","date_gmt":"2025-10-14T15:24:45","guid":{"rendered":"https:\/\/noticiasveraces.com\/?p=45661"},"modified":"2025-10-14T11:24:45","modified_gmt":"2025-10-14T15:24:45","slug":"el-corredor-olimpico-venezolano-jose-maita-regreso-con-fuerza-en-el-800-correo-del-orinoco","status":"publish","type":"post","link":"https:\/\/noticiasveraces.com\/?p=45661","title":{"rendered":"El corredor ol\u00edmpico venezolano Jos\u00e9 Maita regres\u00f3 con fuerza en el 800 &#8211; Correo del Orinoco"},"content":{"rendered":"<p> \n<\/p>\n<div>\n<p>El corredor ol\u00edmpico de Par\u00eds 2024,\u00a0Jos\u00e9 Maita, coron\u00f3 la cuarta parada de la Liga Nacional de Atletismo\u00a0al imponerse en un disputado duelo ante su rival y compa\u00f1ero de equipo Ryan L\u00f3pez, a quien super\u00f3 con crono de 1:45.34 en la final de los 800 metros.<\/p>\n<p>A pesar de las fuertes lluvias que retrasaron la jornada del cuarto cap\u00edtulo de la Liga Nacional de Atletismo,\u00a0el campe\u00f3n panamericano de Santiago 2023 no detuvo su paso para mostrar su mejor rendimiento del a\u00f1o.<\/p>\n<h4 class=\"wp-block-heading\">Marcas personales<\/h4>\n<p>Maita reafirm\u00f3 su autoridad en la final de la doble vuelta al \u00f3valo ante L\u00f3pez, su m\u00e1ximo oponente, y quien batall\u00f3 cuerpo a cuerpo en la dura carrera que dej\u00f3 como resultado\u00a0marcas personales para ambos corredores.<\/p>\n<p>El tiempo registrado por el \u201cColorado\u201d Maita\u00a0(1:45.34) representa su mejor marca de la temporada y se acerca a 77 cent\u00e9simas de su r\u00e9cord personal, 1:44.57,\u00a0que lo llev\u00f3 el pasado a\u00f1o a su primera experiencia ol\u00edmpica en la capital francesa.<\/p>\n<p>Para L\u00f3pez, el crono\u00a01:45.41 desplaza a su mejor tiempo de por vida\u00a0en esta prueba que manten\u00eda en 1:46.30 desde el anterior mes de julio.<\/p>\n<p>El podio lo complet\u00f3 Daniel Ruiz, en el tercer puesto con 1:48.96.<\/p>\n<h4 class=\"wp-block-heading\">Victoria contundente<\/h4>\n<p>En el apartado femenino,\u00a0Mar\u00eda Rojas Montalb\u00e1n sell\u00f3 con una victoria contundente la final de los 800,\u00a0al cruzar la meta en 2:06.62, cuatro segundos por delante de su rival m\u00e1s cercana, Angeli Garrido, que agenci\u00f3 2:10.28 quien y ocup\u00f3 el segundo lugar.<\/p>\n<p>Para Rojas Montalb\u00e1n,\u00a0due\u00f1a del r\u00e9cord nacional absoluto en esta prueba con 2:04.59, este nuevo crono representa su tercera mejor marca personal. Previamente, cronometr\u00f3 2:06.10 en los Panamericanos Junior de Asunci\u00f3n 2025 agosto pasado; adem\u00e1s, es la \u00fanica corredora venezolana en bajar de los 2 minutos 5 segundos en los \u00faltimos 20 a\u00f1os.<\/p>\n<h4 class=\"wp-block-heading\">Jim\u00e9nez y Nieves en la cima<\/h4>\n<p>Los velocistas adultos\u00a0Orangys Jim\u00e9nez\u00a0 y Alexis Nieves\u00a0comandaron en el doble hect\u00f3metro.<\/p>\n<p>El guarique\u00f1o\u00a0Alexis Nieves demostr\u00f3 su dominio en los 200 m\u00a0y consigui\u00f3 su tercera victoria consecutiva de la prueba con 20.98, escoltado por Keiver Pirela con 21.10 y Ra\u00fal Navarro con 21.28.<\/p>\n<p>La gacela\u00a0Jim\u00e9nez lider\u00f3 el rengl\u00f3n femenino con 23.59\u00a0sobre sus rivales Glanyernis Guerra (23.81) y Emily Aguirre (23.88).<\/p>\n<p>Asimismo, en los 100 vallas,\u00a0Luisangel Alcal\u00e1 lider\u00f3 la prueba con 13.95, seguida por Mariangelic Rojas (14.13) y Sahara Boada (14.62). En los hombres Samuel Cede\u00f1o encabez\u00f3 la final con 14.50, escoltado por Luis Gonz\u00e1lez (15.89).<\/p>\n<p>Finalmente, en los exigentes\u00a020.000 metros de marcha\u00a0figur\u00f3 como m\u00e1ximo exponente\u00a0Jefferson Chac\u00f3n con 1:26:38.40<\/p>\n<h6><strong>F\/Prensa Mindeporte<\/strong><\/h6>\n<\/p><\/div>\n\n","protected":false},"excerpt":{"rendered":"<p>El corredor ol\u00edmpico de Par\u00eds 2024,\u00a0Jos\u00e9 Maita, coron\u00f3 la cuarta parada de la Liga Nacional de Atletismo\u00a0al imponerse en un disputado duelo ante su rival y compa\u00f1ero de equipo Ryan L\u00f3pez, a quien super\u00f3 con crono de 1:45.34 en la final de los 800 metros. A pesar de las fuertes lluvias que retrasaron la jornada &hellip;<\/p>\n","protected":false},"author":1,"featured_media":45662,"comment_status":"open","ping_status":"open","sticky":false,"template":"","format":"standard","meta":{"fifu_image_url":"http:\/\/190.202.124.19\/wp-content\/uploads\/2025\/10\/Jose-Maita.jpg","fifu_image_alt":"","footnotes":""},"categories":[4],"tags":[],"class_list":["post-45661","post","type-post","status-publish","format-standard","has-post-thumbnail","","category-historias-destacadas"],"_links":{"self":[{"href":"https:\/\/noticiasveraces.com\/index.php?rest_route=\/wp\/v2\/posts\/45661","targetHints":{"allow":["GET"]}}],"collection":[{"href":"https:\/\/noticiasveraces.com\/index.php?rest_route=\/wp\/v2\/posts"}],"about":[{"href":"https:\/\/noticiasveraces.com\/index.php?rest_route=\/wp\/v2\/types\/post"}],"author":[{"embeddable":true,"href":"https:\/\/noticiasveraces.com\/index.php?rest_route=\/wp\/v2\/users\/1"}],"replies":[{"embeddable":true,"href":"https:\/\/noticiasveraces.com\/index.php?rest_route=%2Fwp%2Fv2%2Fcomments&post=45661"}],"version-history":[{"count":0,"href":"https:\/\/noticiasveraces.com\/index.php?rest_route=\/wp\/v2\/posts\/45661\/revisions"}],"wp:featuredmedia":[{"embeddable":true,"href":"https:\/\/noticiasveraces.com\/index.php?rest_route=\/wp\/v2\/media\/45662"}],"wp:attachment":[{"href":"https:\/\/noticiasveraces.com\/index.php?rest_route=%2Fwp%2Fv2%2Fmedia&parent=45661"}],"wp:term":[{"taxonomy":"category","embeddable":true,"href":"https:\/\/noticiasveraces.com\/index.php?rest_route=%2Fwp%2Fv2%2Fcategories&post=45661"},{"taxonomy":"post_tag","embeddable":true,"href":"https:\/\/noticiasveraces.com\/index.php?rest_route=%2Fwp%2Fv2%2Ftags&post=45661"}],"curies":[{"name":"wp","href":"https:\/\/api.w.org\/{rel}","templated":true}]}}