{"id":45659,"date":"2025-10-14T11:12:03","date_gmt":"2025-10-14T15:12:03","guid":{"rendered":"https:\/\/noticiasveraces.com\/?p=45659"},"modified":"2025-10-14T11:12:03","modified_gmt":"2025-10-14T15:12:03","slug":"suecia-propone-al-director-de-ikea-para-dirigir-acnur-dw-14-10-2025","status":"publish","type":"post","link":"https:\/\/noticiasveraces.com\/?p=45659","title":{"rendered":"Suecia propone al director de Ikea para dirigir Acnur \u2013 DW \u2013 14\/10\/2025"},"content":{"rendered":"<p> \n<\/p>\n<div data-tracking-name=\"rich-text\" data-tracking-skip=\"true\">\n<p>El gobierno sueco anunci\u00f3 este martes (14.10.2025) que propuso la candidatura de Jesper Brodin, actual director saliente del grupo que gestiona la mayor\u00eda de las tiendas Ikea, para dirigir la Agencia de la ONU para los Refugiados (Acnur).<\/p>\n<p>La organizaci\u00f3n enfrenta una grave crisis. Los desplazamientos de refugiados en el se han casi duplicado mundo en la \u00faltima d\u00e9cada y el financiamiento humanitario ha ca\u00eddo de manera dr\u00e1stica.<\/p>\n<p>Su actual jefe Filippo Grandi indic\u00f3 que la agencia se vio obligada a recortar m\u00e1s de una cuarta parte de su plantilla desde principios de a\u00f1o, lo que equivale a cerca de 5.000 puestos.<\/p>\n<h2><strong>Apuesta por un liderazgo que integre\u00a0experiencia empresarial y cooperaci\u00f3n<\/strong><\/h2>\n<p>Seg\u00fan un comunicado oficial, Suecia propone a Brodin para el cargo de alto comisionado \u00abporque est\u00e1 convencida de que los esfuerzos humanitarios del futuro requieren nuevas formas de liderazgo, en las que la colaboraci\u00f3n entre la cooperaci\u00f3n al desarrollo y el mundo empresarial desempe\u00f1e un papel clave\u00bb.<\/p>\n<p>\u00abEl sistema de la ONU se ver\u00eda fortalecido por una persona con experiencia en el \u00e1mbito empresarial, especialmente ante los grandes desaf\u00edos que enfrenta en la actualidad\u00bb, declar\u00f3 Benjamin Dousa, ministro sueco de Cooperaci\u00f3n Internacional para el Desarrollo, citado en el comunicado.<\/p>\n<p>El gobierno sueco destac\u00f3 adem\u00e1s que Brodin ha colaborado previamente con Acnur en la implementaci\u00f3n de programas de empleo para refugiados.<\/p>\n<p>afp\/efe<\/p>\n<\/div>\n\n","protected":false},"excerpt":{"rendered":"<p>El gobierno sueco anunci\u00f3 este martes (14.10.2025) que propuso la candidatura de Jesper Brodin, actual director saliente del grupo que gestiona la mayor\u00eda de las tiendas Ikea, para dirigir la Agencia de la ONU para los Refugiados (Acnur). La organizaci\u00f3n enfrenta una grave crisis. Los desplazamientos de refugiados en el se han casi duplicado mundo &hellip;<\/p>\n","protected":false},"author":1,"featured_media":45660,"comment_status":"open","ping_status":"open","sticky":false,"template":"","format":"standard","meta":{"fifu_image_url":"https:\/\/static.dw.com\/image\/74354931_6.jpg","fifu_image_alt":"","footnotes":""},"categories":[13],"tags":[],"class_list":["post-45659","post","type-post","status-publish","format-standard","has-post-thumbnail","","category-mundo"],"_links":{"self":[{"href":"https:\/\/noticiasveraces.com\/index.php?rest_route=\/wp\/v2\/posts\/45659","targetHints":{"allow":["GET"]}}],"collection":[{"href":"https:\/\/noticiasveraces.com\/index.php?rest_route=\/wp\/v2\/posts"}],"about":[{"href":"https:\/\/noticiasveraces.com\/index.php?rest_route=\/wp\/v2\/types\/post"}],"author":[{"embeddable":true,"href":"https:\/\/noticiasveraces.com\/index.php?rest_route=\/wp\/v2\/users\/1"}],"replies":[{"embeddable":true,"href":"https:\/\/noticiasveraces.com\/index.php?rest_route=%2Fwp%2Fv2%2Fcomments&post=45659"}],"version-history":[{"count":0,"href":"https:\/\/noticiasveraces.com\/index.php?rest_route=\/wp\/v2\/posts\/45659\/revisions"}],"wp:featuredmedia":[{"embeddable":true,"href":"https:\/\/noticiasveraces.com\/index.php?rest_route=\/wp\/v2\/media\/45660"}],"wp:attachment":[{"href":"https:\/\/noticiasveraces.com\/index.php?rest_route=%2Fwp%2Fv2%2Fmedia&parent=45659"}],"wp:term":[{"taxonomy":"category","embeddable":true,"href":"https:\/\/noticiasveraces.com\/index.php?rest_route=%2Fwp%2Fv2%2Fcategories&post=45659"},{"taxonomy":"post_tag","embeddable":true,"href":"https:\/\/noticiasveraces.com\/index.php?rest_route=%2Fwp%2Fv2%2Ftags&post=45659"}],"curies":[{"name":"wp","href":"https:\/\/api.w.org\/{rel}","templated":true}]}}