{"id":45637,"date":"2025-10-14T09:10:02","date_gmt":"2025-10-14T13:10:02","guid":{"rendered":"https:\/\/noticiasveraces.com\/?p=45637"},"modified":"2025-10-14T09:10:02","modified_gmt":"2025-10-14T13:10:02","slug":"la-cultura-de-la-muerte","status":"publish","type":"post","link":"https:\/\/noticiasveraces.com\/?p=45637","title":{"rendered":"La cultura de la muerte"},"content":{"rendered":"<p> \n<\/p>\n<div>\n<p>Los valores intr\u00ednsecos a la concepci\u00f3n econ\u00f3mica e ideol\u00f3gica neoliberal estructuran las relaciones sociales en el contexto de la racionalidad instrumental. \u201cEl fin justifica los medios\u201d, seg\u00fan las pautas del \u00e9xito econ\u00f3mico.<\/p>\n<p>El fundamento pedag\u00f3gico que ordena los valores del liberalismo radical conforma el curr\u00edculo por competencia. Por ende, los verbos que accionan a los objetivos espec\u00edficos pertenecen a la matriz emp\u00edrico-anal\u00edtica.<\/p>\n<p>Es decir, la acumulaci\u00f3n de capital financiero y sus inversiones en detrimento del trabajo digno y del buen vivir requieren de actores sociales consumistas, individualistas, hedonistas y sin criterio \u00e9tico-moral. Ganar dinero, bajo cualquier circunstancia, sin importar el otro como semejante, trata de lo m\u00e1s sofisticado que sostiene al capitalismo \u201csin rostro humano\u201d.<\/p>\n<p>La racionalidad angloc\u00e9ntrica cimenta y legitima la acci\u00f3n social libertaria en detrimento del Estado nacional, la soberan\u00eda y la justicia social. En consecuencia, la guerra multifactorial y la econom\u00eda subterr\u00e1nea son sus principales pilares. En Occidente encontramos mandatarios nacionales \u201cnarcisistas y perversos\u201d por su falta de empat\u00eda con el clamor del pueblo que padece los rigores del FMI.<\/p>\n<p>El comit\u00e9 noruego del Nobel no escapa a ese precepto del nuevo liberalismo al otorgar el Premio Nobel de la Paz a Mar\u00eda Corina Machado. \u00bfPor qu\u00e9 no se le concede el Nobel a la poetisa palestina Alaa Al Qatrawi o la reci\u00e9n fallecida Vera Jarach? \u00bfPor qu\u00e9 a la representante m\u00e1s radical de la ultraderecha que clama la invasi\u00f3n y destrucci\u00f3n de su propio pa\u00eds?<\/p>\n<p>Por supuesto, para el mentado comit\u00e9 la democracia se mide seg\u00fan los est\u00e1ndares del FMI y el BM. No les importa que en Suecia proliferan bandas juveniles in\u00e9ditas o la cuasimilitancia de las j\u00f3venes europeas y estadounidenses en el mercado Onlyfans, pudriendo al resto del orbe.<\/p>\n<p>Machado, Noboa, Jer\u00ed, Boluarte, A\u00f1ez, y otros, son los nuevos prototipos de la \u201ccultura de la muerte\u201d originado por el hegem\u00f3n estadounidense. La falta de solidaridad trata de su distintivo, les da lo mismo negociar con g\u00e1nsteres o besarle la mano al papa Le\u00f3n XIV.<br \/>El rockero-presidente Milei, con su chaqueta de cuero negro y su corbata formal, al son de su \u201cmotosierra\u201d, se divierte ante la crisis econ\u00f3mico-social m\u00e1s cruenta que viven sus conciudadanos.<\/p>\n<\/div>\n\n","protected":false},"excerpt":{"rendered":"<p>Los valores intr\u00ednsecos a la concepci\u00f3n econ\u00f3mica e ideol\u00f3gica neoliberal estructuran las relaciones sociales en el contexto de la racionalidad instrumental. \u201cEl fin justifica los medios\u201d, seg\u00fan las pautas del \u00e9xito econ\u00f3mico. El fundamento pedag\u00f3gico que ordena los valores del liberalismo radical conforma el curr\u00edculo por competencia. Por ende, los verbos que accionan a los &hellip;<\/p>\n","protected":false},"author":1,"featured_media":45638,"comment_status":"open","ping_status":"open","sticky":false,"template":"","format":"standard","meta":{"fifu_image_url":"https:\/\/ultimasnoticias.com.ve\/wp-content\/uploads\/2025\/09\/alexandra-mulino-scaled.png","fifu_image_alt":"","footnotes":""},"categories":[13],"tags":[],"class_list":["post-45637","post","type-post","status-publish","format-standard","has-post-thumbnail","","category-mundo"],"_links":{"self":[{"href":"https:\/\/noticiasveraces.com\/index.php?rest_route=\/wp\/v2\/posts\/45637","targetHints":{"allow":["GET"]}}],"collection":[{"href":"https:\/\/noticiasveraces.com\/index.php?rest_route=\/wp\/v2\/posts"}],"about":[{"href":"https:\/\/noticiasveraces.com\/index.php?rest_route=\/wp\/v2\/types\/post"}],"author":[{"embeddable":true,"href":"https:\/\/noticiasveraces.com\/index.php?rest_route=\/wp\/v2\/users\/1"}],"replies":[{"embeddable":true,"href":"https:\/\/noticiasveraces.com\/index.php?rest_route=%2Fwp%2Fv2%2Fcomments&post=45637"}],"version-history":[{"count":0,"href":"https:\/\/noticiasveraces.com\/index.php?rest_route=\/wp\/v2\/posts\/45637\/revisions"}],"wp:featuredmedia":[{"embeddable":true,"href":"https:\/\/noticiasveraces.com\/index.php?rest_route=\/wp\/v2\/media\/45638"}],"wp:attachment":[{"href":"https:\/\/noticiasveraces.com\/index.php?rest_route=%2Fwp%2Fv2%2Fmedia&parent=45637"}],"wp:term":[{"taxonomy":"category","embeddable":true,"href":"https:\/\/noticiasveraces.com\/index.php?rest_route=%2Fwp%2Fv2%2Fcategories&post=45637"},{"taxonomy":"post_tag","embeddable":true,"href":"https:\/\/noticiasveraces.com\/index.php?rest_route=%2Fwp%2Fv2%2Ftags&post=45637"}],"curies":[{"name":"wp","href":"https:\/\/api.w.org\/{rel}","templated":true}]}}