{"id":45629,"date":"2025-10-14T07:07:53","date_gmt":"2025-10-14T11:07:53","guid":{"rendered":"https:\/\/noticiasveraces.com\/?p=45629"},"modified":"2025-10-14T07:07:53","modified_gmt":"2025-10-14T11:07:53","slug":"luis-peche-no-detendra-su-trabajo-tras-sufrir-atentado-en-bogota","status":"publish","type":"post","link":"https:\/\/noticiasveraces.com\/?p=45629","title":{"rendered":"Luis Peche no detendr\u00e1 su trabajo tras sufrir atentado en Bogot\u00e1"},"content":{"rendered":"<p> \n<\/p>\n<div>\n<article>\n<div class=\"image-featured\">\n<img src=\"data:image\/png;base64,iVBORw0KGgoAAAANSUhEUgAAAvkAAAGuAQAAAAAipCQHAAAAAnRSTlMAAHaTzTgAAAA\/SURBVHja7cEBDQAAAMKg909tDjegAAAAAAAAAAAAAAAAAAAAAAAAAAAAAAAAAAAAAAAAAAAAAAAAAAAAAPgxou4AASd2fsMAAAAASUVORK5CYII=\" alt=\"\" data-src=\"https:\/\/elnacional-uploads.nyc3.digitaloceanspaces.com\/wp-content\/uploads\/2025\/10\/14065408\/sdsdfdd.png\" decoding=\"async\" class=\"lazyload\" data-eio-rwidth=\"761\" data-eio-rheight=\"430\"\/><img decoding=\"async\" src=\"https:\/\/elnacional-uploads.nyc3.digitaloceanspaces.com\/wp-content\/uploads\/2025\/10\/14065408\/sdsdfdd.png\" alt=\"\" data-eio=\"l\"\/><figcaption>La Defensor\u00eda del Pueblo de Colombia denunci\u00f3 el lunes el hecho e inst\u00f3 a la Fiscal\u00eda a abrir una investigaci\u00f3n pronta y exhaustiva<\/figcaption><\/div>\n<p>El consultor pol\u00edtico y activista venezolano Luis Peche dijo el lunes que no detendr\u00e1 su trabajo luego de sufrir, junto al defensor de los derechos de la comunidad LGBTI Yendri Vel\u00e1squez, un atentado al salir de la sede de la Defensor\u00eda del Pueblo en Bogot\u00e1.<\/p>\n<p>\u00abHacer pol\u00edtica, defender derechos humanos o hasta opinar sobre lo que pasa en Venezuela puede ser causa de asesinato, ya no solo dentro del pa\u00eds\u00bb, escribi\u00f3 Peche en su cuenta en la red social X.<\/p>\n<p>El activista indic\u00f3 que se encuentra bien al igual que Vel\u00e1squez y agradeci\u00f3 a todos aquellos que han escrito sobre el hecho.<\/p>\n<p>\u00abHoy mi hermano de vida Yendri y yo lo vivimos en carne propia. Todav\u00eda lo estoy procesando pero lo m\u00e1s importante es que afortunadamente estamos cont\u00e1ndolo\u00bb, a\u00f1adi\u00f3.<\/p>\n<p>La Defensor\u00eda del Pueblo de Colombia denunci\u00f3 el lunes el hecho e inst\u00f3 a la Fiscal\u00eda a abrir una investigaci\u00f3n \u00abpronta y exhaustiva que permita esclarecer los hechos y adoptar medidas de protecci\u00f3n para las v\u00edctimas\u00bb, al tiempo que reiter\u00f3 su rechazo a toda forma de violencia, estigmatizaci\u00f3n o discriminaci\u00f3n contra quienes buscan refugio y asilo en Colombia.<\/p>\n<p>La instituci\u00f3n indic\u00f3 que Vel\u00e1squez hab\u00eda acudido a la entidad para solicitar acompa\u00f1amiento en su tr\u00e1mite de protecci\u00f3n internacional, tras huir de Venezuela por -asegur\u00f3- \u00abpersecuci\u00f3n derivada de su labor en defensa de los derechos humanos\u00bb.<\/p>\n<p>Seg\u00fan la Polic\u00eda Nacional de Colombia, se trat\u00f3 de un \u00abataque sicarial\u00bb tras el que ambos fueron trasladados a una cl\u00ednica, donde se encuentran fuera de peligro, aunque Vel\u00e1squez tuvo que ser sometido a una cirug\u00eda.<\/p>\n<p>La oposici\u00f3n venezolana, as\u00ed como los l\u00edderes Edmundo Gonz\u00e1lez Urrutia y Mar\u00eda Corina Machado, condenaron el hecho e instaron a las autoridades colombianas a abrir una investigaci\u00f3n para dar con los responsables.<\/p>\n<p>Machado tambi\u00e9n pidi\u00f3 garantizar la protecci\u00f3n de los dos activistas venezolanos.<\/p>\n<p>Igualmente, diversas organizaciones venezolanas exigieron este lunes al Gobierno de Colombia una investigaci\u00f3n sobre el atentado.<\/p>\n<p>La organizaci\u00f3n no gubernamental Provea pidi\u00f3 \u00abuna respuesta del gobierno de (Gustavo) Petro\u00bb y una \u00abprotecci\u00f3n urgente a los defensores venezolanos en riesgo, muchos de ellos -se\u00f1al\u00f3- atrapados en un limbo migratorio por trabas institucionales\u00bb de Migraci\u00f3n Colombia.<\/p>\n<\/article>\n<\/div>\n\n","protected":false},"excerpt":{"rendered":"<p>La Defensor\u00eda del Pueblo de Colombia denunci\u00f3 el lunes el hecho e inst\u00f3 a la Fiscal\u00eda a abrir una investigaci\u00f3n pronta y exhaustiva El consultor pol\u00edtico y activista venezolano Luis Peche dijo el lunes que no detendr\u00e1 su trabajo luego de sufrir, junto al defensor de los derechos de la comunidad LGBTI Yendri Vel\u00e1squez, un &hellip;<\/p>\n","protected":false},"author":1,"featured_media":45631,"comment_status":"open","ping_status":"open","sticky":false,"template":"","format":"standard","meta":{"fifu_image_url":"https:\/\/elnacional-uploads.nyc3.digitaloceanspaces.com\/wp-content\/uploads\/2025\/10\/14065408\/sdsdfdd.png","fifu_image_alt":"","footnotes":""},"categories":[13],"tags":[],"class_list":["post-45629","post","type-post","status-publish","format-standard","has-post-thumbnail","","category-mundo"],"_links":{"self":[{"href":"https:\/\/noticiasveraces.com\/index.php?rest_route=\/wp\/v2\/posts\/45629","targetHints":{"allow":["GET"]}}],"collection":[{"href":"https:\/\/noticiasveraces.com\/index.php?rest_route=\/wp\/v2\/posts"}],"about":[{"href":"https:\/\/noticiasveraces.com\/index.php?rest_route=\/wp\/v2\/types\/post"}],"author":[{"embeddable":true,"href":"https:\/\/noticiasveraces.com\/index.php?rest_route=\/wp\/v2\/users\/1"}],"replies":[{"embeddable":true,"href":"https:\/\/noticiasveraces.com\/index.php?rest_route=%2Fwp%2Fv2%2Fcomments&post=45629"}],"version-history":[{"count":0,"href":"https:\/\/noticiasveraces.com\/index.php?rest_route=\/wp\/v2\/posts\/45629\/revisions"}],"wp:featuredmedia":[{"embeddable":true,"href":"https:\/\/noticiasveraces.com\/index.php?rest_route=\/wp\/v2\/media\/45631"}],"wp:attachment":[{"href":"https:\/\/noticiasveraces.com\/index.php?rest_route=%2Fwp%2Fv2%2Fmedia&parent=45629"}],"wp:term":[{"taxonomy":"category","embeddable":true,"href":"https:\/\/noticiasveraces.com\/index.php?rest_route=%2Fwp%2Fv2%2Fcategories&post=45629"},{"taxonomy":"post_tag","embeddable":true,"href":"https:\/\/noticiasveraces.com\/index.php?rest_route=%2Fwp%2Fv2%2Ftags&post=45629"}],"curies":[{"name":"wp","href":"https:\/\/api.w.org\/{rel}","templated":true}]}}