{"id":45615,"date":"2025-10-14T05:00:48","date_gmt":"2025-10-14T09:00:48","guid":{"rendered":"https:\/\/noticiasveraces.com\/?p=45615"},"modified":"2025-10-14T05:00:48","modified_gmt":"2025-10-14T09:00:48","slug":"centro-comercial-los-olivos-correo-del-caroni","status":"publish","type":"post","link":"https:\/\/noticiasveraces.com\/?p=45615","title":{"rendered":"Centro Comercial Los Olivos \u2013 Correo del Caron\u00ed"},"content":{"rendered":"<p> \n<\/p>\n<div>\n<p class=\"has-text-align-center has-black-color has-text-color has-link-color has-large-font-size wp-elements-23c5a8f8d3e505ee02be6aa83e4a878d\" style=\"font-style:normal;font-weight:900\">Llamar<\/p>\n<p class=\"has-text-align-center has-black-color has-text-color has-link-color has-medium-font-size wp-elements-04764e825790498d822d552718b8902b\"><strong>A ASAMBLEA GENERAL EXTRAORDINARIA DE PROPIETARIOS<\/strong> <strong>DEL CENTRO COMERCIAL LOS OLIVOS<\/strong><\/p>\n<p class=\"has-text-align-right has-black-color has-text-color has-link-color has-small-font-size wp-elements-a11a9b8d4f07fbe3629c0b0e8a32dbf7\"><strong>RIFJ304373546<\/strong><\/p>\n<p class=\"has-black-color has-text-color has-link-color wp-elements-f50ba8364a2650a1ecb546eae6d984cf\">Por medio de la presente, y en ejercicio de las atribuciones conferidas por el art\u00edculo 16 de la Ley de Propiedad Horizontal, se convoca con car\u00e1cter de emergencia a todos los propietarios del Centro Comercial Los Olivos a una Asamblea General Extraordinaria.<\/p>\n<p class=\"has-black-color has-text-color has-link-color wp-elements-efc88de5c88ef9fecb8cba1dded05ff6\">Esta convocatoria responde a la imperiosa necesidad de abordar la grave situaci\u00f3n de inseguridad, insalubridad y desorden p\u00fablico que afecta a las \u00e1reas externas adyacentes al centro comercial, las cuales comprometen la seguridad de la comunidad y el valor de nuestro patrimonio.<\/p>\n<p class=\"has-black-color has-text-color has-link-color wp-elements-45dfbb5580963ad651557846882f66ac\"><strong>Fecha:<\/strong> Viernes, 17 de octubre de 2025.<\/p>\n<p class=\"has-black-color has-text-color has-link-color wp-elements-61c7179e141381dfb88db8719ca4a4f5\"><strong>Tiempo:<\/strong> 5:00 pm.<\/p>\n<p class=\"has-black-color has-text-color has-link-color wp-elements-ed0a41cd641a35bb6ab7b112528ff58a\"><strong>Lugar: <\/strong>Local N\u00b0 10, Centro Comercial Los Olivos.<\/p>\n<p class=\"has-black-color has-text-color has-link-color wp-elements-a6166b3dfa3d624471cd5332ea712202\"><strong>PUNTOS A TRATAR:<\/strong><\/p>\n<p class=\"has-black-color has-text-color has-link-color wp-elements-cb93c9b1300c63b4f225b0c0f25001b8\">\u25cf An\u00e1lisis de la grave situaci\u00f3n de Inseguridad, insalubridad y orden p\u00fablico en el \u00e1rea externa adyacente al centro comercial, sobre la carrera Espa\u00f1\u0430.<\/p>\n<p class=\"has-black-color has-text-color has-link-color wp-elements-0985468b1d3f7b83dda72e09c7ccf30b\">\u25cf Evaluaci\u00f3n y toma de decisiones sobre la propuesta de recuperaci\u00f3n y custodia de dicho espacio.<\/p>\n<p class=\"has-black-color has-text-color has-link-color wp-elements-e8956abfb97e4621df733309535732d7\">Dada la trascendencia de este asunto, su asistencia y puntualidad son de m\u00e1xima importancia para la toma de decisiones en beneficio de nuestra comunidad.<\/p>\n<figure class=\"wp-block-table\">\n<table class=\"has-black-color has-text-color has-link-color has-fixed-layout\">\n<tbody>\n<tr>\n<td class=\"has-text-align-center\" data-align=\"center\">(FDO.)  <\/td>\n<td class=\"has-text-align-center\" data-align=\"center\">(FDO.) <\/td>\n<\/tr>\n<tr>\n<td class=\"has-text-align-center\" data-align=\"center\"><strong>Willian Silva<\/strong>  <\/td>\n<td class=\"has-text-align-center\" data-align=\"center\"><strong>V\u00edctor Zambrano<\/strong><\/td>\n<\/tr>\n<tr>\n<td class=\"has-text-align-center\" data-align=\"center\">CI N\u00b0 15.851.184  <\/td>\n<td class=\"has-text-align-center\" data-align=\"center\">CI N\u00b0 15.851.184  <\/td>\n<\/tr>\n<tr>\n<td class=\"has-text-align-center\" data-align=\"center\">Tesorero<\/td>\n<td class=\"has-text-align-center\" data-align=\"center\">Administrador  <\/td>\n<\/tr>\n<\/tbody>\n<\/table>\n<\/figure>\n<p class=\"has-text-align-center has-black-color has-text-color has-link-color wp-elements-d58ef0bef303f5be94997bca2335d64c\">(FDO.)<\/p>\n<p class=\"has-text-align-center has-black-color has-text-color has-link-color wp-elements-6b2b794e8a38d3b22b82bd305e7aef5f\"><strong>Henry Jos\u00e9 R\u00edos Mar\u00edn<\/strong><\/p>\n<p class=\"has-text-align-center has-black-color has-text-color has-link-color wp-elements-c6fc754a4dab0f7bc2c3c3757482c3c3\">IC N\u00b0 11.512.747<\/p>\n<p class=\"has-text-align-center has-black-color has-text-color has-link-color wp-elements-e0771164762bb1bf5410c0d0fcc9441f\">Presidente de la Junta de Condominio<\/p>\n<p><iframe style=\"border: 0px none #ffffff;\" name=\"myiFrame\" width=\"800px\" height=\"650px\" marginwidth=\"0\" marginheight=\"0\" scrolling=\"no\" data-src=\"https:\/\/correodelcaroni.com\/wp-content\/uploads\/2025\/10\/CONVOCATORIA_CCLosOlivos_Web.pdf\" class=\"lazyload\"><\/iframe><\/p>\n<\/p><\/div>\n\n","protected":false},"excerpt":{"rendered":"<p>Llamar A ASAMBLEA GENERAL EXTRAORDINARIA DE PROPIETARIOS DEL CENTRO COMERCIAL LOS OLIVOS RIFJ304373546 Por medio de la presente, y en ejercicio de las atribuciones conferidas por el art\u00edculo 16 de la Ley de Propiedad Horizontal, se convoca con car\u00e1cter de emergencia a todos los propietarios del Centro Comercial Los Olivos a una Asamblea General Extraordinaria. &hellip;<\/p>\n","protected":false},"author":1,"featured_media":45616,"comment_status":"open","ping_status":"open","sticky":false,"template":"","format":"standard","meta":{"fifu_image_url":"https:\/\/correodelcaroni.com\/wp-content\/uploads\/2022\/05\/Convocatoria-3.jpg","fifu_image_alt":"","footnotes":""},"categories":[13],"tags":[],"class_list":["post-45615","post","type-post","status-publish","format-standard","has-post-thumbnail","","category-mundo"],"_links":{"self":[{"href":"https:\/\/noticiasveraces.com\/index.php?rest_route=\/wp\/v2\/posts\/45615","targetHints":{"allow":["GET"]}}],"collection":[{"href":"https:\/\/noticiasveraces.com\/index.php?rest_route=\/wp\/v2\/posts"}],"about":[{"href":"https:\/\/noticiasveraces.com\/index.php?rest_route=\/wp\/v2\/types\/post"}],"author":[{"embeddable":true,"href":"https:\/\/noticiasveraces.com\/index.php?rest_route=\/wp\/v2\/users\/1"}],"replies":[{"embeddable":true,"href":"https:\/\/noticiasveraces.com\/index.php?rest_route=%2Fwp%2Fv2%2Fcomments&post=45615"}],"version-history":[{"count":0,"href":"https:\/\/noticiasveraces.com\/index.php?rest_route=\/wp\/v2\/posts\/45615\/revisions"}],"wp:featuredmedia":[{"embeddable":true,"href":"https:\/\/noticiasveraces.com\/index.php?rest_route=\/wp\/v2\/media\/45616"}],"wp:attachment":[{"href":"https:\/\/noticiasveraces.com\/index.php?rest_route=%2Fwp%2Fv2%2Fmedia&parent=45615"}],"wp:term":[{"taxonomy":"category","embeddable":true,"href":"https:\/\/noticiasveraces.com\/index.php?rest_route=%2Fwp%2Fv2%2Fcategories&post=45615"},{"taxonomy":"post_tag","embeddable":true,"href":"https:\/\/noticiasveraces.com\/index.php?rest_route=%2Fwp%2Fv2%2Ftags&post=45615"}],"curies":[{"name":"wp","href":"https:\/\/api.w.org\/{rel}","templated":true}]}}