{"id":45575,"date":"2025-10-13T20:30:26","date_gmt":"2025-10-14T00:30:26","guid":{"rendered":"https:\/\/noticiasveraces.com\/?p=45575"},"modified":"2025-10-13T20:30:26","modified_gmt":"2025-10-14T00:30:26","slug":"expresidente-peruano-castillo-en-hospital-por-descompensacion-tras-huelga-de-hambre","status":"publish","type":"post","link":"https:\/\/noticiasveraces.com\/?p=45575","title":{"rendered":"Expresidente peruano Castillo en hospital por descompensaci\u00f3n tras huelga de hambre"},"content":{"rendered":"<p> \n<br \/><img decoding=\"async\" src=\"https:\/\/gdb.voanews.com\/0a175b26-08db-4444-a7b4-be8e57ebad7c_cx0_cy7_cw0_w800_h450.jpg\" \/><\/p>\n<div id=\"article-content\">\n<div class=\"wsw\">\n<span class=\"dateline\">LIMA\u2014 <\/span><\/p>\n<p style=\"text-align: left;\">El expresidente peruano Pedro Castillo fue trasladado a un hospital por una descompensaci\u00f3n tras iniciar hace cuatro d\u00edas una<em><strong> <\/strong><\/em><em><strong>huelga de hambre<\/strong><\/em>  en protesta por el juicio por rebeli\u00f3n en su contra..<\/p>\n<p style=\"text-align: left;\">El tribunal de la Corte Suprema que lo juzga inform\u00f3 al inicio de la sesi\u00f3n del jueves que Castillo, de 55 a\u00f1os y quien permanece en prisi\u00f3n preventiva, fue enviado a un hospital por presentar una \u201cdescompensaci\u00f3n\u201d y para descartar un \u201ctrastorno hidroelectrol\u00edtico y una deshidrataci\u00f3n leve\u201d.<\/p>\n<p style=\"text-align: left;\">La fiscal\u00eda ha pedido 34 a\u00f1os de c\u00e1rcel por el presunto delito de rebeli\u00f3n, tras su intento de disolver el Congreso en diciembre de 2021 para evitar una votaci\u00f3n de destituci\u00f3n y gobernar por decreto.<\/p>\n<p style=\"text-align: left;\">Dos m\u00e9dicos examinaron a Castillo antes de que fuera remitido al hospital y, seg\u00fan el documento que leyeron los jueces en la audiencia, estuvo casi una hora conectado \u201ca una v\u00eda con suero\u201d en la cama de su celda. Le diagnosticaron de forma adicional \u201cun posible s\u00edndrome conversivo\u201d, que suele estar relacionado con el estr\u00e9s o problemas emocionales.<\/p>\n<p style=\"text-align: left;\">El expresidente est\u00e1 en prisi\u00f3n preventiva desde el 7 de diciembre de 2022, el d\u00eda en que ley\u00f3 un discurso ante las c\u00e1maras de la televisi\u00f3n p\u00fablica para gobernar por decreto y en el que no fue respaldado por las fuerzas de seguridad. Fue detenido a la salida y la justicia orden\u00f3 tres a\u00f1os de prisi\u00f3n preventiva en su contra mientras es procesado por rebeli\u00f3n.<\/p>\n<p style=\"text-align: left;\">El Congreso lo destituy\u00f3 ese d\u00eda y su entonces vicepresidenta Dina Boluarte asumi\u00f3 el poder. Hubo tres meses de protestas en los Andes que dejaron 50 civiles fallecidos.<\/p>\n<p style=\"text-align: left;\">El expresidente ha calificado el juicio de \u201cpantomima\u201d y ha cuestionado a Norma Carbajal, una jueza del tribunal que lo juzga, por haber adelantado su opini\u00f3n. Solicit\u00f3 que sea reemplazada.<\/p>\n<p style=\"text-align: left;\">Castillo se ha negado a tener una defensa legal en el juicio y su primer abogado gratuito renunci\u00f3. Ahora tiene a otros dos abogados gratuitos a quienes tambi\u00e9n ha rechazado. El martes otro informe de la agencia que administra las c\u00e1rceles peruanas indic\u00f3 que los m\u00e9dicos de la fiscal\u00eda hab\u00edan diagnosticado a Castillo con \u201cuna ligera deshidrataci\u00f3n\u201d en el segundo d\u00eda de su huelga de hambre.<\/p>\n<p style=\"text-align: left;\">El mismo ente ha indicado que la huelga de hambre de Castillo es un acto de indisciplina, seg\u00fan las normas penitenciarias, por lo que lo sancion\u00f3 con la suspensi\u00f3n de visitas y el aislamiento.<\/p>\n<p style=\"text-align: left;\">El mi\u00e9rcoles el expresidente solicit\u00f3 una medida cautelar a la Comisi\u00f3n Interamericana de Derechos Humanos (CIDH) para que ordene al gobierno peruano que cesen las sanciones, seg\u00fan indic\u00f3 Walter Ayala, un exministro de Castillo que fue en el pasado abogado del exmandatario.<\/p>\n<p style=\"text-align: left;\">En la puerta del hospital II de Vitarte, donde Castillo fue trasladado, una decena de simpatizantes escuch\u00f3 por tel\u00e9fono a la esposa del expresidente, Lilia Paredes, quien est\u00e1 asilada en M\u00e9xico junto a sus dos hijos. Paredes asegur\u00f3 que no se cansar\u00e1 de \u201cluchar y pedir a los organismos internacionales que, por favor, se pronuncien porque est\u00e1n acabando con la vida de un ser humano\u201d.<\/p>\n<p style=\"text-align: left;\">El profesor rural que lleg\u00f3 al poder en 2021 tambi\u00e9n enfrenta otra investigaci\u00f3n en la fiscal\u00eda por actos de presunta corrupci\u00f3n durante su gobierno, que incluyen ascensos irregulares dentro del escalaf\u00f3n militar y la designaci\u00f3n de un consorcio para construir un puente sin respetar supuestamente las bases de un concurso.<\/p>\n<p style=\"text-align: left;\"><em>[Con informaci\u00f3n de AP]<\/em><\/p>\n<p style=\"text-align: left;\"><em><strong>\u00a1Con\u00e9ctate con la Voz de Am\u00e9rica! Suscr\u00edbete a nuestros canales de <\/strong><\/em><em><strong>YouTube<\/strong><\/em><em><strong>, <\/strong><\/em><em><strong>WhatsApp<\/strong><\/em><em><strong>  y al <\/strong><\/em><em><strong>hoja informativa<\/strong><\/em><em><strong>. Activa las notificaciones y s\u00edguenos en <\/strong><\/em><em><strong>Facebook<\/strong><\/em><em><strong>, <\/strong><\/em><a class=\"wsw__a\" href=\"https:\/\/nam10.safelinks.protection.outlook.com\/?url=https%3A%2F%2Ftwitter.com%2FVozdeAmerica&amp;data=05%7C02%7Cwserrano%40voanews.com%7C0b9cfda59f52447b0ed708dc07d64451%7Cba99e87c673541c2b1c1354eee3a8659%7C0%7C0%7C638393864063639904%7CUnknown%7CTWFpbGZsb3d8eyJWIjoiMC4wLjAwMDAiLCJQIjoiV2luMzIiLCJBTiI6Ik1haWwiLCJXVCI6Mn0%3D%7C3000%7C%7C%7C&amp;sdata=unLJDFixL8cjTiSip1dC8ViP8otjrQyzq1ziP2g1PMo%3D&amp;reserved=0\"><em><strong>inc\u00f3gnita<\/strong><\/em><\/a><em><strong>  mi <\/strong><\/em><em><strong>Instagram<\/strong><\/em><em><strong>.<\/strong><\/em><\/p>\n<\/div>\n<\/div>\n<p><script async src=\"https:\/\/platform.twitter.com\/widgets.js\" charset=\"utf-8\"><\/script><script async src=\"\/\/www.instagram.com\/embed.js\"><\/script><br \/>\n<br \/>\n","protected":false},"excerpt":{"rendered":"<p>LIMA\u2014 El expresidente peruano Pedro Castillo fue trasladado a un hospital por una descompensaci\u00f3n tras iniciar hace cuatro d\u00edas una huelga de hambre en protesta por el juicio por rebeli\u00f3n en su contra.. El tribunal de la Corte Suprema que lo juzga inform\u00f3 al inicio de la sesi\u00f3n del jueves que Castillo, de 55 a\u00f1os &hellip;<\/p>\n","protected":false},"author":1,"featured_media":45577,"comment_status":"open","ping_status":"open","sticky":false,"template":"","format":"standard","meta":{"fifu_image_url":"https:\/\/gdb.voanews.com\/0a175b26-08db-4444-a7b4-be8e57ebad7c_cx0_cy7_cw0_w1200_h630.jpg","fifu_image_alt":"","footnotes":""},"categories":[13],"tags":[],"class_list":["post-45575","post","type-post","status-publish","format-standard","has-post-thumbnail","","category-mundo"],"_links":{"self":[{"href":"https:\/\/noticiasveraces.com\/index.php?rest_route=\/wp\/v2\/posts\/45575","targetHints":{"allow":["GET"]}}],"collection":[{"href":"https:\/\/noticiasveraces.com\/index.php?rest_route=\/wp\/v2\/posts"}],"about":[{"href":"https:\/\/noticiasveraces.com\/index.php?rest_route=\/wp\/v2\/types\/post"}],"author":[{"embeddable":true,"href":"https:\/\/noticiasveraces.com\/index.php?rest_route=\/wp\/v2\/users\/1"}],"replies":[{"embeddable":true,"href":"https:\/\/noticiasveraces.com\/index.php?rest_route=%2Fwp%2Fv2%2Fcomments&post=45575"}],"version-history":[{"count":0,"href":"https:\/\/noticiasveraces.com\/index.php?rest_route=\/wp\/v2\/posts\/45575\/revisions"}],"wp:featuredmedia":[{"embeddable":true,"href":"https:\/\/noticiasveraces.com\/index.php?rest_route=\/wp\/v2\/media\/45577"}],"wp:attachment":[{"href":"https:\/\/noticiasveraces.com\/index.php?rest_route=%2Fwp%2Fv2%2Fmedia&parent=45575"}],"wp:term":[{"taxonomy":"category","embeddable":true,"href":"https:\/\/noticiasveraces.com\/index.php?rest_route=%2Fwp%2Fv2%2Fcategories&post=45575"},{"taxonomy":"post_tag","embeddable":true,"href":"https:\/\/noticiasveraces.com\/index.php?rest_route=%2Fwp%2Fv2%2Ftags&post=45575"}],"curies":[{"name":"wp","href":"https:\/\/api.w.org\/{rel}","templated":true}]}}