{"id":45553,"date":"2025-10-13T17:25:07","date_gmt":"2025-10-13T21:25:07","guid":{"rendered":"https:\/\/noticiasveraces.com\/?p=45553"},"modified":"2025-10-13T17:25:07","modified_gmt":"2025-10-13T21:25:07","slug":"el-dia-nacional-de-la-biblia-desata-controversia-en-guatemala","status":"publish","type":"post","link":"https:\/\/noticiasveraces.com\/?p=45553","title":{"rendered":"El D\u00eda Nacional de la Biblia desata controversia en Guatemala"},"content":{"rendered":"<p> \n<\/p>\n<div data-article-content=\"\">\n<div class=\"t-content__main-media\" data-media-video-b5375d8f-08fc-4865-8f2a-b716f06d9c30=\"\" data-wrapper-video-player=\"\" data-show-hidden-video-player=\"B5375D8F-08FC-4865-8F2A-B716F06D9C30\" data-autoplay-video-link=\"\" data-youtube-script=\"\">\n<div class=\"o-em-consent \">\n<div class=\"o-em-consent__content\">\n<p class=\"o-em-consent__content__text\">Para mostrar este contenido de YouTube, debe autorizar las cookies de medici\u00f3n de audiencia y publicidad.<\/p>\n<p>        <button class=\"a-master-button a-master-button--dark\" data-action=\"accept\">Aceptar<i class=\"a-svg a-svg--icon-check\"\/><\/button><br \/>\n        <button class=\"a-link\" data-action=\"manage\">Gestionar mis opciones<i class=\"a-svg a-svg--icon-edit\"\/><\/button>\n    <\/div>\n<\/div>\n<div class=\"o-em-adblock\" data-adblock-content=\"\">\n<div class=\"o-em-adblock__content\">\n<p class=\"o-em-adblock__content__text\">Una extensi\u00f3n de tu navegador parece estar bloqueando la carga del reproductor de video. Para poder ver este contenido, debes desactivarla en este sitio.<\/p>\n<p>            <button class=\"a-master-button a-master-button--dark\" data-action=\"reload\">Reintentar<\/button>\n    <\/div>\n<\/div>\n<figure class=\"m-item-image m-item-image--16x9 m-item-image--has-caption\">\n<picture class=\"a-picture a-picture--16x9\"><source type=\"image\/webp\" srcset=\"https:\/\/s.france24.com\/media\/display\/8ada5560-a84f-11f0-877a-005056bf30b7\/w:388\/p:16x9\/8ddc710af2ac57419eb3943f3e807a26f9e3f71ew.webp 388w,https:\/\/s.france24.com\/media\/display\/8ada5560-a84f-11f0-877a-005056bf30b7\/w:720\/p:16x9\/8ddc710af2ac57419eb3943f3e807a26f9e3f71ew.webp 720w,https:\/\/s.france24.com\/media\/display\/8ada5560-a84f-11f0-877a-005056bf30b7\/w:1024\/p:16x9\/8ddc710af2ac57419eb3943f3e807a26f9e3f71ew.webp 1024w,https:\/\/s.france24.com\/media\/display\/8ada5560-a84f-11f0-877a-005056bf30b7\/w:1280\/p:16x9\/8ddc710af2ac57419eb3943f3e807a26f9e3f71ew.webp 1280w\" sizes=\"(max-width: 1076px) 100vw, 1012px\"><img decoding=\"async\" fetchpriority=\"high\" src=\"https:\/\/s.france24.com\/media\/display\/8ada5560-a84f-11f0-877a-005056bf30b7\/w:1280\/p:16x9\/8ddc710af2ac57419eb3943f3e807a26f9e3f71ew.jpg\" srcset=\"https:\/\/s.france24.com\/media\/display\/8ada5560-a84f-11f0-877a-005056bf30b7\/w:388\/p:16x9\/8ddc710af2ac57419eb3943f3e807a26f9e3f71ew.jpg 388w,https:\/\/s.france24.com\/media\/display\/8ada5560-a84f-11f0-877a-005056bf30b7\/w:720\/p:16x9\/8ddc710af2ac57419eb3943f3e807a26f9e3f71ew.jpg 720w,https:\/\/s.france24.com\/media\/display\/8ada5560-a84f-11f0-877a-005056bf30b7\/w:1024\/p:16x9\/8ddc710af2ac57419eb3943f3e807a26f9e3f71ew.jpg 1024w,https:\/\/s.france24.com\/media\/display\/8ada5560-a84f-11f0-877a-005056bf30b7\/w:1280\/p:16x9\/8ddc710af2ac57419eb3943f3e807a26f9e3f71ew.jpg 1280w\" sizes=\"(max-width: 1076px) 100vw, 1012px\" width=\"1280\" height=\"720\" alt=\"Enlace. El D\u00eda Nacional de la Biblia desata controversia en Guatemala.\" loading=\"eager\" class=\"a-img \"\/><\/source><\/picture><figcaption class=\"a-figcaption\">\n                <span>Enlace. El D\u00eda Nacional de la Biblia desata controversia en Guatemala.<\/span>                <span>\u00a9 Francia 24<\/span>            <\/figcaption><\/figure>\n<\/p><\/div>\n<div class=\"t-content__metadata\">\n<div class=\"t-content__dates\">\n<p class=\"m-pub-dates\"><span class=\"m-pub-dates__date\">Primera modificaci\u00f3n: <time datetime=\"2025-10-13T19:24:25+00:00\" pubdate=\"pubdate\">13\/10\/2025 &#8211; 21:24<\/time><\/span><\/p>\n<\/p><\/div>\n<p>\n                            <span class=\"a-svg a-svg--icon-replay\"\/><\/p>\n<p>                            06:43 minutos\n                        <\/p>\n<\/p><\/div>\n<p>Viene del show<\/p>\n<p>                        <i class=\"a-svg a-svg--icon-caret-right\"\/><\/p>\n<picture class=\"a-picture a-picture--original\">\n    <img decoding=\"async\" fetchpriority=\"low\" src=\"https:\/\/s.france24.com\/media\/display\/0dfd5c8e-100f-11ee-bc04-005056bfb2b6\/ES-enlace.svg\" srcset=\"https:\/\/s.france24.com\/media\/display\/0dfd5c8e-100f-11ee-bc04-005056bfb2b6\/ES-enlace.svg\" alt=\"Enlace\" loading=\"lazy\" class=\"a-img  a-img--svg\"\/><\/picture>\n<p>\n                        <span class=\"a-svg a-svg--icon-clock\"\/><br \/>\n                        <span class=\"t-content__reading-time__label\">Tiempo de lectura<\/span><br \/>\n                        1 minuto<\/p>\n<p class=\"t-content__chapo\">\n<p>                                                En esta edici\u00f3n de Enlace Centroam\u00e9rica repasa la situaci\u00f3n en Guatemala, donde el Congreso aprob\u00f3 una ley que declara el primer s\u00e1bado de agosto como el D\u00eda Nacional de la Biblia. La aprobaci\u00f3n ha abierto un debate sobre el car\u00e1cter laico del Estado y la separaci\u00f3n de pol\u00edtica y religi\u00f3n. La propia Iglesia cat\u00f3lica dijo que es algo \u201cinnecesario\u201d.                    <\/p>\n<div class=\"t-content__authors\">\n<div class=\"m-from-author\">\n                    <span class=\"m-from-author__by-label\"><\/p>\n<p>                Por:<br \/>\n            <\/span><\/p>\n<div class=\"m-author m-author--small m-author--has-image\">\n<div class=\"m-author__image\">\n<picture class=\"a-picture a-picture--1x1\"><source type=\"image\/webp\" srcset=\"https:\/\/s.france24.com\/media\/display\/88de3c52-e78b-11ef-a2e9-005056bf30b7\/w:177\/p:1x1\/logo_france24_RVB-circlesafe.webp 177w,https:\/\/s.france24.com\/media\/display\/88de3c52-e78b-11ef-a2e9-005056bf30b7\/w:388\/p:1x1\/logo_france24_RVB-circlesafe.webp 388w\" sizes=\"(max-width: 639px) 100px, 170px\"><img decoding=\"async\" fetchpriority=\"low\" src=\"https:\/\/s.france24.com\/media\/display\/88de3c52-e78b-11ef-a2e9-005056bf30b7\/w:388\/p:1x1\/logo_france24_RVB-circlesafe.png\" srcset=\"https:\/\/s.france24.com\/media\/display\/88de3c52-e78b-11ef-a2e9-005056bf30b7\/w:177\/p:1x1\/logo_france24_RVB-circlesafe.png 177w,https:\/\/s.france24.com\/media\/display\/88de3c52-e78b-11ef-a2e9-005056bf30b7\/w:388\/p:1x1\/logo_france24_RVB-circlesafe.png 388w\" sizes=\"auto, (max-width: 639px) 100px, 170px\" width=\"388\" height=\"388\" alt=\"Logotipo de Francia 24\" loading=\"lazy\" class=\"a-img \"\/><\/source><\/picture>\n                        <\/div>\n<\/p><\/div>\n<\/p><\/div>\n<\/p><\/div>\n<\/p><\/div>\n\n","protected":false},"excerpt":{"rendered":"<p>Para mostrar este contenido de YouTube, debe autorizar las cookies de medici\u00f3n de audiencia y publicidad. Aceptar Gestionar mis opciones Una extensi\u00f3n de tu navegador parece estar bloqueando la carga del reproductor de video. Para poder ver este contenido, debes desactivarla en este sitio. Reintentar Enlace. El D\u00eda Nacional de la Biblia desata controversia en &hellip;<\/p>\n","protected":false},"author":1,"featured_media":45555,"comment_status":"open","ping_status":"open","sticky":false,"template":"","format":"standard","meta":{"fifu_image_url":"https:\/\/s.france24.com\/media\/display\/8ada5560-a84f-11f0-877a-005056bf30b7\/w:1280\/p:16x9\/8ddc710af2ac57419eb3943f3e807a26f9e3f71ew.jpg","fifu_image_alt":"","footnotes":""},"categories":[13],"tags":[],"class_list":["post-45553","post","type-post","status-publish","format-standard","has-post-thumbnail","","category-mundo"],"_links":{"self":[{"href":"https:\/\/noticiasveraces.com\/index.php?rest_route=\/wp\/v2\/posts\/45553","targetHints":{"allow":["GET"]}}],"collection":[{"href":"https:\/\/noticiasveraces.com\/index.php?rest_route=\/wp\/v2\/posts"}],"about":[{"href":"https:\/\/noticiasveraces.com\/index.php?rest_route=\/wp\/v2\/types\/post"}],"author":[{"embeddable":true,"href":"https:\/\/noticiasveraces.com\/index.php?rest_route=\/wp\/v2\/users\/1"}],"replies":[{"embeddable":true,"href":"https:\/\/noticiasveraces.com\/index.php?rest_route=%2Fwp%2Fv2%2Fcomments&post=45553"}],"version-history":[{"count":0,"href":"https:\/\/noticiasveraces.com\/index.php?rest_route=\/wp\/v2\/posts\/45553\/revisions"}],"wp:featuredmedia":[{"embeddable":true,"href":"https:\/\/noticiasveraces.com\/index.php?rest_route=\/wp\/v2\/media\/45555"}],"wp:attachment":[{"href":"https:\/\/noticiasveraces.com\/index.php?rest_route=%2Fwp%2Fv2%2Fmedia&parent=45553"}],"wp:term":[{"taxonomy":"category","embeddable":true,"href":"https:\/\/noticiasveraces.com\/index.php?rest_route=%2Fwp%2Fv2%2Fcategories&post=45553"},{"taxonomy":"post_tag","embeddable":true,"href":"https:\/\/noticiasveraces.com\/index.php?rest_route=%2Fwp%2Fv2%2Ftags&post=45553"}],"curies":[{"name":"wp","href":"https:\/\/api.w.org\/{rel}","templated":true}]}}