{"id":45548,"date":"2025-10-13T17:20:36","date_gmt":"2025-10-13T21:20:36","guid":{"rendered":"https:\/\/noticiasveraces.com\/?p=45548"},"modified":"2025-10-13T17:20:36","modified_gmt":"2025-10-13T21:20:36","slug":"denuncian-detenciones-arbitrarias-y-ola-de-persecuciones-en-trujillo","status":"publish","type":"post","link":"https:\/\/noticiasveraces.com\/?p=45548","title":{"rendered":"Denuncian detenciones arbitrarias y ola de persecuciones en Trujillo"},"content":{"rendered":"<p> \n<\/p>\n<div>\n<p> <span rel=\"author\" class=\"fn\">en la hoja<\/span><\/p>\n<p> <time class=\"entry-date published updated\" datetime=\"2025-10-13T17:13:35-04:00\">octubre 13 2025, 5:13 pm<\/time> <span class=\"spot-im-replies-count\" data-post-id=\"5812366\"\/><\/p>\n<figure id=\"attachment_5812385\" aria-describedby=\"caption-attachment-5812385\" style=\"width: 900px\" class=\"wp-caption alignnone\"><img fetchpriority=\"high\" decoding=\"async\" onerror=\"this.onerror=null;this.src=\" https:=\"\" class=\"size-full wp-image-5812385\" src=\"https:\/\/sandia.datanubex.uk\/wp-content\/uploads\/2025\/10\/estado-natal-de-jose-gregorio.jpg\" alt=\"\" width=\"900\" height=\"506\"\/><figcaption id=\"caption-attachment-5812385\" class=\"wp-caption-text\">Foto: Cortes\u00eda<\/figcaption><\/figure>\n<\/p>\n<p>El Comit\u00e9 por la Libertad de los Presos Pol\u00edticos en Venezuela (Clippve) denunci\u00f3 este lunes 13 de octubre, una nueva ola de persecuci\u00f3n y detenciones arbitrarias en el estado Trujillo, cuna del beato Jos\u00e9 Gregorio Hern\u00e1ndez, pr\u00f3ximamente a ser santo.<\/p>\n<p><!-- Begin Mailchimp Signup Form --><\/p>\n<div id=\"mc_embed_signup\">\n<p><label for=\"mce-EMAIL\">  \u00a1\u00danete al club ahora! Suscr\u00edbete al bolet\u00edn m\u00e1s importante de Venezuela <\/label><iframe data-test-id=\"beehiiv-embed\" height=\"52\" frameborder=\"0\" scrolling=\"no\" style=\"margin: 0; border-radius: 0px !important; &#10; background-color: transparent;\" data-src=\"https:\/\/embeds.beehiiv.com\/cdab9503-16ae-4689-ad4f-1408c727a83a?slim=true\" class=\"lazyload\"><\/iframe><\/p>\n<\/div>\n<p><!--End mc_embed_signup 2--><\/p>\n<p><strong>Por: lapatilla.com<\/strong><\/p>\n<p>Seg\u00fan el comunicado difundido por el Clippve a trav\u00e9s de su cuenta en X (antes Twitter), el pasado 12 de septiembre, el Tribunal Especial Tercero de Control con competencia nacional en materia de terrorismo y delincuencia organizada emiti\u00f3 \u00f3rdenes de aprehensi\u00f3n contra 18 ciudadanos del estado Trujillo, bajo cargos que la organizaci\u00f3n califica de falsos e infundados, como terrorismo e incitaci\u00f3n al odio.<\/p>\n<p>La denuncia se\u00f1ala que esta medida habr\u00eda sido ejecutada por instrucciones del gobernador Gerardo M\u00e1rquez, como parte de un patr\u00f3n sistem\u00e1tico de criminalizaci\u00f3n del pensamiento cr\u00edtico y disidencia pol\u00edtica en Venezuela.<\/p>\n<p>Los ciudadanos incluidos en la orden de aprehensi\u00f3n son: Juan Gonzalo Torres Polanco. Javier Jos\u00e9 Romero Brice\u00f1o. Elizabeth Rodr\u00edguez Brice\u00f1o. Alexander Jos\u00e9 Su\u00e1rez Torres. Marjo Jos\u00e9 Aldana Becerra. Pedro Luis Andrade Hern\u00e1ndez. Hommel Rafael Torres Urbina. Carlos Eduardo Carnabuci. Erick Abreu Valero. Javier Jes\u00fas Montilla Matheus. Juan Enrique P\u00e9rez Quintero. Ricardo Jos\u00e9 Berr\u00edos Ferraro. Luis Daniel Humbr\u00eda. Jes\u00fas Al\u00ed Quintero Parra. Lewis Jos\u00e9 Mendoza Villegas. Jorge Skeeder Hern\u00e1ndez Paredes. Vlademir Valera Gelvis y Hern\u00e1n Ram\u00f3n Quintero Salas.<\/p>\n<\/p>\n<blockquote>\n<p>LEE TAMBI\u00c9N: <strong>Lewis Mendoza, coordinador pol\u00edtico en Trujillo, fue hostigado y secuestrado desde su vivienda (VIDEOS)<\/strong><\/p>\n<\/blockquote>\n<\/p>\n<p>El Comit\u00e9 inform\u00f3 que, hasta la fecha, al menos siete personas han sido detenidas arbitrariamente. Entre ellas figuran m\u00e9dicos, activistas y ciudadanos comunes: Hommel Rafael Torres Urbina, Pedro Luis Andrade Hern\u00e1ndez. Juan Torres (m\u00e9dico cirujano cardiovascular) Elizabeth Rodr\u00edguez Brice\u00f1o (m\u00e9dico radi\u00f3logo de 63 a\u00f1os) Carlos Eduardo Carnabuci, Alexander Jos\u00e9 Su\u00e1rez Torres y\u00a0Marjo Jos\u00e9 Aldana Becerra.<\/p>\n<p>Asimismo, otras personas permanecen en desaparici\u00f3n forzada, sin que sus familiares conozcan su paradero ni su estado f\u00edsico, pese a los intentos por obtener informaci\u00f3n ante los cuerpos de seguridad.<\/p>\n<p>Los hechos estar\u00edan relacionados con la colocaci\u00f3n de una pancarta con el mensaje \u201cVamos a cobrar. 28J Libertad\u201d, que, seg\u00fan el Clippve, constituye una expresi\u00f3n c\u00edvica y pac\u00edfica del derecho a la participaci\u00f3n y la libertad de expresi\u00f3n. Sin embargo, el chavismo la habr\u00eda usado como excusa para detener y criminalizar a ciudadanos inocentes.<\/p>\n<\/p>\n<blockquote>\n<p>LEE TAMBI\u00c9N: <strong>\u201cQue la canonizaci\u00f3n sea el milagro de la libertad\u201d: Clippve clama justicia para los presos pol\u00edticos en Venezuela<\/strong><\/p>\n<\/blockquote>\n<\/p>\n<p>El caso m\u00e1s emblem\u00e1tico es el del activista Pedro Hern\u00e1ndez, detenido junto a su familia el 16 de septiembre. Aunque sus familiares fueron liberados, \u00e9l contin\u00faa tras las rejas.<\/p>\n<p>Por su parte, la m\u00e9dico Elizabeth Rodr\u00edguez Brice\u00f1o, fue detenida junto a su esposo, Juan Torres, quien se encuentra actualmente perseguido por denunciar irregularidades en el Hospital Central de Valera.<\/p>\n<h2>\u201cSippenhaft\u201d: castigo por parentesco y represi\u00f3n pol\u00edtica<\/h2>\n<p>El Comit\u00e9 alert\u00f3 que este patr\u00f3n represivo reproduce pr\u00e1cticas conocidas como Sippenhaft o castigo por parentesco, empleadas por reg\u00edmenes totalitarios del siglo XX.<\/p>\n<p>\u201cEl Gobierno de Gerardo M\u00e1rquez persigue a familias enteras por el simple hecho de pensar distinto o exigir derechos\u201d, advirti\u00f3 el comunicado.<\/p>\n<p>Las detenciones han sido ejecutadas por una comisi\u00f3n mixta integrada por funcionarios de la GNB, CONAS, SEBIN, CPET y PNB, sin orden judicial v\u00e1lida, sin presentaci\u00f3n inmediata ante un tribunal y sin acceso a abogados ni familiares, lo que constituye violaciones graves de derechos humanos, seg\u00fan los est\u00e1ndares internacionales.<\/p>\n<\/p>\n<blockquote>\n<p>LEE TAMBI\u00c9N: <strong>El Tiempo: \u00abSippenhaft\u00bb, la pr\u00e1ctica nazi que revive en Venezuela con la detenci\u00f3n a familias completas<\/strong><\/p>\n<\/blockquote>\n<\/p>\n<p>El Comit\u00e9 por la Libertad de los Presos Pol\u00edticos de Venezuela exigi\u00f3 al r\u00e9gimen de Nicol\u00e1s Maduro: La liberaci\u00f3n inmediata e incondicional de los detenidos en Trujillo. La anulaci\u00f3n de las \u00f3rdenes de aprehensi\u00f3n dictadas por el Tribunal 3\u00b0 de Control. El cese de la persecuci\u00f3n pol\u00edtica promovida por el gobernador Gerardo M\u00e1rquez. Informaci\u00f3n oficial sobre el paradero de los desaparecidos. Acceso a abogados, comunicaci\u00f3n con familiares y atenci\u00f3n m\u00e9dica adecuada.<\/p>\n<p>Asimismo, hizo un llamado urgente a la Oficina del Alto Comisionado de la ONU para los Derechos Humanos (Acnudh), la Cidh y las Relator\u00edas Especiales de la ONU sobre detenci\u00f3n arbitraria y desapariciones forzadas, para que documenten y condenen estos hechos, los cuales podr\u00edan constituir cr\u00edmenes de lesa humanidad.<\/p>\n<h2>\u201cEl terror de Estado no podr\u00e1 apagar la fe\u201d<\/h2>\n<p>En el cierre del comunicado, el Comit\u00e9 evoc\u00f3 la figura del beato Jos\u00e9 Gregorio Hern\u00e1ndez, recordando que \u201cen la tierra del M\u00e9dico de los Pobres, hoy se persigue a quienes alzan su voz por la libertad y la dignidad\u201d.<\/p>\n<p>\u201cEl terror de Estado no podr\u00e1 apagar la fe ni el anhelo de justicia de un pueblo que sigue creyendo en el ejemplo de Jos\u00e9 Gregorio Hern\u00e1ndez\u201d, afirm\u00f3 el Clippve.<\/p>\n<p>Tambi\u00e9n expresaron su esperanza en que el Papa Le\u00f3n XIV, desde Roma, y la comunidad internacional eleven su voz solidaria por las v\u00edctimas de esta nueva arremetida represiva.<\/p>\n<\/p>\n<p><img loading=\"lazy\" decoding=\"async\" onerror=\"this.onerror=null;this.src=\" https:=\"\" class=\"alignnone size-full wp-image-5812375 lazyload\" alt=\"\" width=\"600\" height=\"406\" src=\"https:\/\/sandia.datanubex.uk\/wp-content\/uploads\/2025\/10\/trujillo-persecusiones-1.jpg\" data-eio-rwidth=\"600\" data-eio-rheight=\"406\"\/><img loading=\"lazy\" decoding=\"async\" onerror=\"this.onerror=null;this.src=\" https:=\"\" class=\"alignnone size-full wp-image-5812375\" src=\"https:\/\/sandia.datanubex.uk\/wp-content\/uploads\/2025\/10\/trujillo-persecusiones-1.jpg\" alt=\"\" width=\"600\" height=\"406\" data-eio=\"l\"\/><\/p>\n<\/p>\n<p><img loading=\"lazy\" decoding=\"async\" onerror=\"this.onerror=null;this.src=\" https:=\"\" class=\"alignnone size-full wp-image-5812376 lazyload\" alt=\"\" width=\"580\" height=\"647\" src=\"https:\/\/sandia.datanubex.uk\/wp-content\/uploads\/2025\/10\/trujillo-persecusiones-2.jpg\" data-eio-rwidth=\"580\" data-eio-rheight=\"647\"\/><img loading=\"lazy\" decoding=\"async\" onerror=\"this.onerror=null;this.src=\" https:=\"\" class=\"alignnone size-full wp-image-5812376\" src=\"https:\/\/sandia.datanubex.uk\/wp-content\/uploads\/2025\/10\/trujillo-persecusiones-2.jpg\" alt=\"\" width=\"580\" height=\"647\" data-eio=\"l\"\/><\/p>\n<\/p>\n<p><img loading=\"lazy\" decoding=\"async\" onerror=\"this.onerror=null;this.src=\" https:=\"\" class=\"alignnone size-full wp-image-5812377 lazyload\" alt=\"\" width=\"560\" height=\"531\" src=\"https:\/\/sandia.datanubex.uk\/wp-content\/uploads\/2025\/10\/trujillo-persecusiones-3.jpg\" data-eio-rwidth=\"560\" data-eio-rheight=\"531\"\/><img loading=\"lazy\" decoding=\"async\" onerror=\"this.onerror=null;this.src=\" https:=\"\" class=\"alignnone size-full wp-image-5812377\" src=\"https:\/\/sandia.datanubex.uk\/wp-content\/uploads\/2025\/10\/trujillo-persecusiones-3.jpg\" alt=\"\" width=\"560\" height=\"531\" data-eio=\"l\"\/><\/p>\n<\/p>\n<p><img loading=\"lazy\" decoding=\"async\" onerror=\"this.onerror=null;this.src=\" https:=\"\" class=\"alignnone size-full wp-image-5812378 lazyload\" alt=\"\" width=\"562\" height=\"420\" src=\"https:\/\/sandia.datanubex.uk\/wp-content\/uploads\/2025\/10\/trujillo-persecusiones-4.jpg\" data-eio-rwidth=\"562\" data-eio-rheight=\"420\"\/><img loading=\"lazy\" decoding=\"async\" onerror=\"this.onerror=null;this.src=\" https:=\"\" class=\"alignnone size-full wp-image-5812378\" src=\"https:\/\/sandia.datanubex.uk\/wp-content\/uploads\/2025\/10\/trujillo-persecusiones-4.jpg\" alt=\"\" width=\"562\" height=\"420\" data-eio=\"l\"\/><\/p>\n<\/p>\n<p><img loading=\"lazy\" decoding=\"async\" onerror=\"this.onerror=null;this.src=\" https:=\"\" class=\"alignnone size-full wp-image-5812379 lazyload\" alt=\"\" width=\"576\" height=\"415\" src=\"https:\/\/sandia.datanubex.uk\/wp-content\/uploads\/2025\/10\/trujillo-persecusiones-5.jpg\" data-eio-rwidth=\"576\" data-eio-rheight=\"415\"\/><img loading=\"lazy\" decoding=\"async\" onerror=\"this.onerror=null;this.src=\" https:=\"\" class=\"alignnone size-full wp-image-5812379\" src=\"https:\/\/sandia.datanubex.uk\/wp-content\/uploads\/2025\/10\/trujillo-persecusiones-5.jpg\" alt=\"\" width=\"576\" height=\"415\" data-eio=\"l\"\/><\/p>\n<\/p>\n<p><img loading=\"lazy\" decoding=\"async\" onerror=\"this.onerror=null;this.src=\" https:=\"\" class=\"alignnone size-full wp-image-5812381 lazyload\" alt=\"\" width=\"809\" height=\"1080\" src=\"https:\/\/sandia.datanubex.uk\/wp-content\/uploads\/2025\/10\/trujillo-persecusiones.jpg\" data-eio-rwidth=\"809\" data-eio-rheight=\"1080\"\/><img loading=\"lazy\" decoding=\"async\" onerror=\"this.onerror=null;this.src=\" https:=\"\" class=\"alignnone size-full wp-image-5812381\" src=\"https:\/\/sandia.datanubex.uk\/wp-content\/uploads\/2025\/10\/trujillo-persecusiones.jpg\" alt=\"\" width=\"809\" height=\"1080\" data-eio=\"l\"\/><\/p>\n<p>  <!-- CONTENT END 2 --><\/div>\n\n","protected":false},"excerpt":{"rendered":"<p>en la hoja octubre 13 2025, 5:13 pm Foto: Cortes\u00eda El Comit\u00e9 por la Libertad de los Presos Pol\u00edticos en Venezuela (Clippve) denunci\u00f3 este lunes 13 de octubre, una nueva ola de persecuci\u00f3n y detenciones arbitrarias en el estado Trujillo, cuna del beato Jos\u00e9 Gregorio Hern\u00e1ndez, pr\u00f3ximamente a ser santo. \u00a1\u00danete al club ahora! Suscr\u00edbete &hellip;<\/p>\n","protected":false},"author":1,"featured_media":45550,"comment_status":"open","ping_status":"open","sticky":false,"template":"","format":"standard","meta":{"fifu_image_url":"https:\/\/sandia.datanubex.uk\/wp-content\/uploads\/2025\/10\/estado-natal-de-jose-gregorio.jpg","fifu_image_alt":"","footnotes":""},"categories":[4],"tags":[],"class_list":["post-45548","post","type-post","status-publish","format-standard","has-post-thumbnail","","category-historias-destacadas"],"_links":{"self":[{"href":"https:\/\/noticiasveraces.com\/index.php?rest_route=\/wp\/v2\/posts\/45548","targetHints":{"allow":["GET"]}}],"collection":[{"href":"https:\/\/noticiasveraces.com\/index.php?rest_route=\/wp\/v2\/posts"}],"about":[{"href":"https:\/\/noticiasveraces.com\/index.php?rest_route=\/wp\/v2\/types\/post"}],"author":[{"embeddable":true,"href":"https:\/\/noticiasveraces.com\/index.php?rest_route=\/wp\/v2\/users\/1"}],"replies":[{"embeddable":true,"href":"https:\/\/noticiasveraces.com\/index.php?rest_route=%2Fwp%2Fv2%2Fcomments&post=45548"}],"version-history":[{"count":0,"href":"https:\/\/noticiasveraces.com\/index.php?rest_route=\/wp\/v2\/posts\/45548\/revisions"}],"wp:featuredmedia":[{"embeddable":true,"href":"https:\/\/noticiasveraces.com\/index.php?rest_route=\/wp\/v2\/media\/45550"}],"wp:attachment":[{"href":"https:\/\/noticiasveraces.com\/index.php?rest_route=%2Fwp%2Fv2%2Fmedia&parent=45548"}],"wp:term":[{"taxonomy":"category","embeddable":true,"href":"https:\/\/noticiasveraces.com\/index.php?rest_route=%2Fwp%2Fv2%2Fcategories&post=45548"},{"taxonomy":"post_tag","embeddable":true,"href":"https:\/\/noticiasveraces.com\/index.php?rest_route=%2Fwp%2Fv2%2Ftags&post=45548"}],"curies":[{"name":"wp","href":"https:\/\/api.w.org\/{rel}","templated":true}]}}