{"id":45546,"date":"2025-10-13T16:22:25","date_gmt":"2025-10-13T20:22:25","guid":{"rendered":"https:\/\/noticiasveraces.com\/?p=45546"},"modified":"2025-10-13T16:22:25","modified_gmt":"2025-10-13T20:22:25","slug":"polonia-y-el-sospechoso-del-ataque-contra-nord-stream-dw-13-10-2025","status":"publish","type":"post","link":"https:\/\/noticiasveraces.com\/?p=45546","title":{"rendered":"Polonia y el sospechoso del ataque contra Nord Stream \u2013 DW \u2013 13\/10\/2025"},"content":{"rendered":"<p> \n<\/p>\n<div data-tracking-name=\"rich-text\" data-tracking-skip=\"true\">\n<p>Volodimir Z. lleva desde el 30 de septiembre de 2025 en prisi\u00f3n preventiva en Varsovia, a la espera de una\u00a0decisi\u00f3n sobre su extradici\u00f3n. Fue detenido en Polonia en virtud de una orden de detenci\u00f3n internacional emitida por Alemania. La Fiscal\u00eda Federal de Karlsruhe sospecha que particip\u00f3 en el ataque contra el gasoducto Nord Stream\u00a0, en septiembre de 2022. La semana pasada, el tribunal regional de Varsovia prolong\u00f3 la prisi\u00f3n preventiva por 40 d\u00edas, hasta el 9 de noviembre.<\/p>\n<p>La solicitud de extradici\u00f3n de Alemania pone en un aprieto al jefe del Gobierno liberal-conservador, Donald Tusk. A pesar de las tensiones, Berl\u00edn sigue siendo un socio estrat\u00e9gico para el Gobierno polaco de centroizquierda. Adem\u00e1s, Tusk tiene mucho inter\u00e9s en presentar a su pa\u00eds como un Estado de derecho que funciona, tras a\u00f1os de violaciones de la ley bajo el anterior Gobierno nacional-conservador.<\/p>\n<p>Por otro lado, en Polonia hay un consenso aceptado por casi todas las fuerzas pol\u00edticas de que la destrucci\u00f3n del gasoducto Nord Stream tambi\u00e9n redundaba en inter\u00e9s de Polonia, y que el autor del atentado merece m\u00e1s elogios y reconocimiento que un castigo.<\/p>\n<h2>El problema con Nord-Stream<\/h2>\n<p>Tras la detenci\u00f3n del sospechoso, Tusk subray\u00f3 que el destino del detenido estaba en manos de jueces independientes. Pero, por otro lado, no ocult\u00f3 que se opon\u00eda a la extradici\u00f3n.<\/p>\n<p>\u00abEl problema con Nord Stream 2 no es que haya sido volado. El problema es que se construy\u00f3\u00bb, escribi\u00f3 el pol\u00edtico liberal conservador en X. Y a\u00f1adi\u00f3: \u00abSin duda, no redunda en inter\u00e9s de Polonia ni en el sentido de la decencia y la justicia acusar a este ciudadano o extraditarlo a otro Estado\u00bb, declar\u00f3 Tusk durante la visita de la jefa del Gobierno lituano, Inga Ruginiene.<\/p>\n<p><span data-slot-id=\"Article_InContent-1\" class=\"rich-text-ad\"\/><\/p>\n<h2>\u00bfSon convincentes las pruebas?<\/h2>\n<p>Tomasz Siemoniak, hombre de confianza de Tusk y coordinador de los servicios secretos, considera que la tarea de la fiscal\u00eda es \u00abconvencer al tribunal de que la extradici\u00f3n a Alemania es una mala idea\u00bb. Para Siemoniak, es cuestionable que sean convincentes las pruebas de que esta persona en concreto tenga algo que ver con la voladura del gasoducto.<\/p>\n<p>Con su claro apoyo a Volodimir Z., Tusk tambi\u00e9n ha intentado contrarrestar las cr\u00edticas del bando conservador. El pol\u00edtico proeuropeo y favorable a Alemania es tildado de \u00abagente alem\u00e1n\u00bb por sus oponentes de derecha. En una manifestaci\u00f3n de protesta contra los inmigrantes ilegales celebrada en Varsovia, el l\u00edder de la oposici\u00f3n, Jaroslav Kaczynski, acus\u00f3 a Tusk de querer establecer un \u00abprotectorado alem\u00e1n\u00bb en Polonia. El activista de extrema derecha Robert Bakiewicz calific\u00f3 al primer ministro de \u00absirviente de Alemania\u00bb y afirm\u00f3 que una \u00abAlemania imperial\u00bb es tan peligrosa como Rusia.<\/p>\n<h2>Nord Stream, una espina clavada para Polonia<\/h2>\n<p>El proyecto Nord Stream, iniciado en 2005 por el entonces canciller alem\u00e1n Gerhard Schr\u00f6dery el presidente ruso Vladimir Putin, fue desde el principio una espina clavada para Polonia. Al principio, a Varsovia le preocupaba principalmente la p\u00e9rdida de los derechos de tr\u00e1nsito, ya que, hasta entonces, el gas ruso se transportaba a Europa occidental a trav\u00e9s de Polonia. Pero, con el aumento de las tensiones en torno a Ucrania, los argumentos geopol\u00edticos pasaron a primer plano.<\/p>\n<p>Ya en 2006, Radoslav Sikorski, entonces ministro de Defensa, arremeti\u00f3 contra Nord Stream y compar\u00f3 el gasoducto del B\u00e1ltico con el pacto Hitler-Stalin de 1939. Desde entonces, las cr\u00edticas polacas al proyecto germano-ruso han sido tema recurrente en las conversaciones entre Alemania y Polonia, independientemente de qui\u00e9n gobernara en Varsovia.<\/p>\n<figure class=\"placeholder-image master_landscape big\"><img data-format=\"MASTER_LANDSCAPE\" data-id=\"69606396\" data-url=\"https:\/\/static.dw.com\/image\/69606396_${formatId}.jpg\" data-aspect-ratio=\"16\/9\" alt=\"Cuatro hombres sentados. Llevan bufandas de las banderas de sus pa\u00edses y sonr\u00eden.\" style=\"padding-bottom: 56.25%; height: 0; max-height: 0;\"\/><figcaption class=\"img-caption\">10 de octubre de 2009: el excanciller alem\u00e1n Gerhard Schr\u00f6der (segundo por la izquierda), Vladimir Putin, y el entonces presidente ruso Dmitri Medvedev (derecha), asisten a un partido de f\u00fatbol en Mosc\u00fa. <small class=\"copyright\">Imagen: Vladimir Rodionov\/Ria Novosti\/Kremlin Pool\/dpa\/picture alliance<\/small><\/figcaption><\/figure>\n<p>\u00bfPor qu\u00e9 se ha detenido a Volodimir Z. precisamente ahora?, se preguntan los medios de comunicaci\u00f3n polacos. La orden de detenci\u00f3n se dict\u00f3 hace ya un a\u00f1o, pero, seg\u00fan los medios, el sospechoso fue advertido y pudo salir de Polonia, donde resid\u00eda, hacia Ucrania. No est\u00e1 claro por qu\u00e9 regres\u00f3. <\/p>\n<h2>\u00bfAnte los tribunales en Polonia?<\/h2>\n<p>Seg\u00fan especula el portal online <em>OKO.prensa<\/em><em>,<\/em> con la detenci\u00f3n, el Gobierno polaco quer\u00eda demostrar que coopera con Alemania. A Varsovia le interesar\u00eda\u00a0que la orden de detenci\u00f3n se ejecutara all\u00ed.<\/p>\n<p>Por otro lado, los medios de comunicaci\u00f3n polacos apuntan a una posible salida al dilema en torno a Volodimir Z. Tambi\u00e9n en Polonia se est\u00e1 investigando la voladura del Nord Stream. En este proceso, Volodimir Z. tiene la condici\u00f3n de testigo. Incluso fue interrogado hace unos d\u00edas. \u00abSi se presentan cargos contra \u00e9l en Polonia, tendr\u00e1 que responder ante un tribunal polaco\u00bb, afirma <em>OKO.prensa<\/em>. El ucraniano lleva tres a\u00f1os viviendo en ese pa\u00eds, donde\u00a0dirige una empresa constructora cerca de Varsovia.<\/p>\n<p>El <em>grupo de expertos<\/em> conservador Klub Jagiellonski ve en la solicitud de extradici\u00f3n alemana una oportunidad para Tusk. \u00abDeneg\u00e1ndola, Tusk puede matar dos p\u00e1jaros de un tiro: puede demostrar su capacidad de imponerse frente a Berl\u00edn y reforzar su posici\u00f3n negociadora frente a Ucrania\u00bb, afirma un an\u00e1lisis del Klub Jagiellonski. De este modo, Tusk refutar\u00eda las acusaciones de la oposici\u00f3n conservadora de derecha de que su pol\u00edtica es demasiado complaciente con Alemania.<\/p>\n<p>(ms\/cp)<\/p>\n<\/div>\n\n","protected":false},"excerpt":{"rendered":"<p>Volodimir Z. lleva desde el 30 de septiembre de 2025 en prisi\u00f3n preventiva en Varsovia, a la espera de una\u00a0decisi\u00f3n sobre su extradici\u00f3n. Fue detenido en Polonia en virtud de una orden de detenci\u00f3n internacional emitida por Alemania. La Fiscal\u00eda Federal de Karlsruhe sospecha que particip\u00f3 en el ataque contra el gasoducto Nord Stream\u00a0, en &hellip;<\/p>\n","protected":false},"author":1,"featured_media":45547,"comment_status":"open","ping_status":"open","sticky":false,"template":"","format":"standard","meta":{"fifu_image_url":"https:\/\/static.dw.com\/image\/67007135_6.jpg","fifu_image_alt":"","footnotes":""},"categories":[13],"tags":[],"class_list":["post-45546","post","type-post","status-publish","format-standard","has-post-thumbnail","","category-mundo"],"_links":{"self":[{"href":"https:\/\/noticiasveraces.com\/index.php?rest_route=\/wp\/v2\/posts\/45546","targetHints":{"allow":["GET"]}}],"collection":[{"href":"https:\/\/noticiasveraces.com\/index.php?rest_route=\/wp\/v2\/posts"}],"about":[{"href":"https:\/\/noticiasveraces.com\/index.php?rest_route=\/wp\/v2\/types\/post"}],"author":[{"embeddable":true,"href":"https:\/\/noticiasveraces.com\/index.php?rest_route=\/wp\/v2\/users\/1"}],"replies":[{"embeddable":true,"href":"https:\/\/noticiasveraces.com\/index.php?rest_route=%2Fwp%2Fv2%2Fcomments&post=45546"}],"version-history":[{"count":0,"href":"https:\/\/noticiasveraces.com\/index.php?rest_route=\/wp\/v2\/posts\/45546\/revisions"}],"wp:featuredmedia":[{"embeddable":true,"href":"https:\/\/noticiasveraces.com\/index.php?rest_route=\/wp\/v2\/media\/45547"}],"wp:attachment":[{"href":"https:\/\/noticiasveraces.com\/index.php?rest_route=%2Fwp%2Fv2%2Fmedia&parent=45546"}],"wp:term":[{"taxonomy":"category","embeddable":true,"href":"https:\/\/noticiasveraces.com\/index.php?rest_route=%2Fwp%2Fv2%2Fcategories&post=45546"},{"taxonomy":"post_tag","embeddable":true,"href":"https:\/\/noticiasveraces.com\/index.php?rest_route=%2Fwp%2Fv2%2Ftags&post=45546"}],"curies":[{"name":"wp","href":"https:\/\/api.w.org\/{rel}","templated":true}]}}