{"id":45524,"date":"2025-10-13T10:35:10","date_gmt":"2025-10-13T14:35:10","guid":{"rendered":"https:\/\/noticiasveraces.com\/?p=45524"},"modified":"2025-10-13T10:35:10","modified_gmt":"2025-10-13T14:35:10","slug":"dentro-de-venezuela-la-celebracion-del-premio-nobel-de-la-paz-fue-silenciosa","status":"publish","type":"post","link":"https:\/\/noticiasveraces.com\/?p=45524","title":{"rendered":"Dentro de Venezuela, la celebraci\u00f3n del Premio Nobel de la Paz fue silenciosa"},"content":{"rendered":"<p> \n<\/p>\n<div>\n<p>Venezuela se ha enorgullecido durante mucho tiempo de ser conocida como el pa\u00eds de las supuestas mujeres m\u00e1s bellas. Ha perdido la cuenta de sus coronas y triunfos en cert\u00e1menes de belleza internacionales. El pa\u00eds tambi\u00e9n ha celebrado a los atletas locales que ingresaron al Sal\u00f3n de la Fama de las Grandes Ligas de B\u00e9isbol, rompieron r\u00e9cords deportivos y ganaron medallas ol\u00edmpicas que alguna vez paralizaron las calles.<\/p>\n<p>Pero este viernes, un reconocimiento diferente tom\u00f3 por sorpresa a los venezolanos. Lleg\u00f3 a trav\u00e9s de un premio que siempre se hab\u00eda sentido lejano: el Premio Nobel de la Paz, otorgado a la l\u00edder opositora Mar\u00eda Corina Machado.<\/p>\n<p>El Comit\u00e9 Noruego justific\u00f3 su decisi\u00f3n en tres motivos: la capacidad de Machado para liderar a la oposici\u00f3n venezolana durante el proceso electoral, su rechazo a la militarizaci\u00f3n y su firme compromiso con una transici\u00f3n justa y pac\u00edfica que pudiera restaurar la democracia en Venezuela.<\/p>\n<p>\u201cOjal\u00e1 este premio nos traiga libertad\u201d, dijo un anciano en el centro de Caracas cuando le preguntaron por <em>La Hora de Venezuela<\/em> sobre el Premio Nobel de la Paz de Machado.<\/p>\n<p>De hecho, es la ausencia de libertad y el miedo siempre presente lo que hizo que muchos venezolanos admitieran que estaban celebrando el Premio Nobel de la Paz en silencio.<\/p>\n<p>\u201cCuando vi la noticia del Nobel de Mar\u00eda Corina lo primero que quise fue gritarlo desde la ventana, pero luego pens\u00e9 en las se\u00f1oras CLAP. [members of the Local Supply and Production Committees linked to the ruling PSUV party] quien podria denunciarme [to the government]y sent\u00ed este miedo enorme. Es una pena que tengamos que celebrar esto en silencio\u201d, dijo otro residente, que pidi\u00f3 permanecer en el anonimato.<\/p>\n<blockquote class=\"wp-block-quote is-layout-flow wp-block-quote-is-layout-flow\">\n<p>\u00abPor supuesto que me alegro por Mar\u00eda Corina, pero no lo puedo decir muy alto. Ya sabes c\u00f3mo es, te pueden arrestar por eso. Ella est\u00e1 en el coraz\u00f3n de la gente\u00bb, dijo un vendedor ambulante de Sabana Grande.<\/p>\n<\/blockquote>\n<p>\u00abEs venezolana, mujer, profesional y l\u00edder. Mar\u00eda Corina nos trae hoy una alegr\u00eda inmensa con ese premio. Lo \u00fanico triste es no poder celebrarlo como es debido. Con juegos pirot\u00e9cnicos, con m\u00fasica, con una caravana como las que tuvimos durante la campa\u00f1a presidencial. Ahora ni siquiera puedes publicarlo en WhatsApp sin preocuparte de que alguien te persiga\u00bb, dijo un joven del centro de Caracas.<\/p>\n<p>Mientras la calma y la rutina llenaban el centro de la ciudad, en una calle de La Castellana, al este, la conocida <em>papagayo <\/em>hombre o <em>se\u00f1or del papagayo<\/em>\u2014un manifestante famoso por expresar sus opiniones a trav\u00e9s de pancartas gigantes con forma de cometas\u2014apareci\u00f3 sonriendo, sosteniendo un cartel que dec\u00eda <em>Premio Nobel de la Paz 2025<\/em> sobre el amarillo, el azul y el rojo de la bandera nacional. Aunque no mencion\u00f3 a Machado, los conductores redujeron la velocidad para tomar fotograf\u00edas; pos\u00f3 con orgullo.<\/p>\n<p>\u00abAh s\u00ed, escuch\u00e9 que gan\u00f3 ese premio. Me enter\u00e9 por la radio. Algunos est\u00e1n de acuerdo, otros no. Creo que es bueno porque ella ha hecho cosas por este pa\u00eds. Se lo merece\u00bb, dijo una mujer al bajar de un autob\u00fas en la avenida Francisco de Miranda.<\/p>\n<h3 class=\"wp-block-heading\"><strong>Esperanza t\u00edmida y desconocimiento generalizado<\/strong><\/h3>\n<p>A medida que la noticia del Nobel de Machado se difundi\u00f3 en las redes sociales, muchos venezolanos, ajenos a las actualizaciones pol\u00edticas diarias, expresaron ignorancia al respecto, un reflejo del control y la censura del gobierno sobre los medios tradicionales.<\/p>\n<p>Otros, aunque conscientes, se mostraron cautelosos sobre el impacto real que el premio podr\u00eda tener en la dura realidad del pa\u00eds.<\/p>\n<p>\u00abEl kilo de carne ya cuesta $14, hace dos semanas era la mitad. Un saco de leche en polvo que no pesa ni un kilo completo cuesta $13. El precio del d\u00f3lar sube cada d\u00eda, y tambi\u00e9n el precio de los alimentos. Es imposible vivir as\u00ed. Claro, me alegro por Mar\u00eda Corina. No lo puedo decir muy alto. Ya sabes c\u00f3mo es, te podr\u00edan arrestar por eso. Est\u00e1 en el coraz\u00f3n de la gente. La felicito por el premio, pero qu\u00e9 m\u00e1s da\u00bb. \u00bfSe hace en nuestro? \u00bfvidas?\u00bb dijo una vendedora ambulante de Sabana Grande, preocupada porque las autoridades locales solo le dieron permiso para vender hasta el 31 de diciembre. Despu\u00e9s de eso, no sabe c\u00f3mo se ganar\u00e1 la vida.<\/p>\n<p>Cuando se pregunta a la gente si Mar\u00eda Corina Machado merece el Premio Nobel de la Paz, sus respuestas tienden a seguir l\u00edneas pol\u00edticas: para la oposici\u00f3n y los partidarios de Machado, es un reconocimiento a su \u201cvalent\u00eda como l\u00edder en riesgo\u201d. Para los pocos partidarios que quedan del r\u00e9gimen de Maduro, el premio es \u201cuna aberraci\u00f3n\u201d, pues llaman a Machado \u201cterrorista y golpista\u201d.<\/p>\n<blockquote class=\"wp-block-quote is-layout-flow wp-block-quote-is-layout-flow\">\n<p>\u00abNo importa lo que digan Maduro o Diosdado. Para la oposici\u00f3n, este premio es un soplo de aire fresco. Y para ellos, es una bofetada\u00bb, dijo la hermana de un preso pol\u00edtico.<\/p>\n<\/blockquote>\n<p>A\u00fan as\u00ed, algunos venezolanos se negaron a dejar que les robaran el momento.<\/p>\n<p>\u00abPor supuesto que lo sab\u00eda, se volvi\u00f3 viral en las redes sociales. Es un motivo de orgullo y vuelve a poner los ojos del mundo en Venezuela. Creo que es una herramienta de presi\u00f3n internacional. El gobierno no puede encubrirlo\u00bb, dijo una madre de 25 a\u00f1os que todav\u00eda espera un cambio pol\u00edtico.<\/p>\n<p>\u00abEl problema es que muchas personas han perdido la fe en la pol\u00edtica, est\u00e1n agotadas. Para ellos, son s\u00f3lo noticias que no llenan la nevera. Tenemos que utilizar este premio para reorganizarnos y seguir protestando pac\u00edficamente\u00bb. <\/p>\n<p>Otras voces fueron m\u00e1s desafiantes.<\/p>\n<p>\u00abNo importa lo que digan Maduro o Diosdado. Para la oposici\u00f3n, este premio es un soplo de aire fresco. Y para ellos, es una bofetada\u00bb, dijo la hermana de un hombre detenido desde julio de 2024 durante las protestas postelectorales.<\/p>\n<p>\u00abEl Premio Nobel de la Paz honra a los presos pol\u00edticos de 2024, honra a las familias que siguen luchando, honra a Machado y a todos los venezolanos que se niegan a aceptar la dictadura como algo normal. Obtuvimos un Nobel por la terquedad del pueblo venezolano de recuperar nuestra democracia\u00bb, <\/p>\n<p>Ella admite que est\u00e1 sonriendo por dentro y celebrando el reconocimiento internacional en silencio.<\/p>\n<\/p><\/div>\n\n","protected":false},"excerpt":{"rendered":"<p>Venezuela se ha enorgullecido durante mucho tiempo de ser conocida como el pa\u00eds de las supuestas mujeres m\u00e1s bellas. Ha perdido la cuenta de sus coronas y triunfos en cert\u00e1menes de belleza internacionales. El pa\u00eds tambi\u00e9n ha celebrado a los atletas locales que ingresaron al Sal\u00f3n de la Fama de las Grandes Ligas de B\u00e9isbol, &hellip;<\/p>\n","protected":false},"author":1,"featured_media":45525,"comment_status":"open","ping_status":"open","sticky":false,"template":"","format":"standard","meta":{"fifu_image_url":"https:\/\/www.caracaschronicles.com\/wp-content\/uploads\/2025\/10\/PapagayoSt.jpg","fifu_image_alt":"","footnotes":""},"categories":[4],"tags":[],"class_list":["post-45524","post","type-post","status-publish","format-standard","has-post-thumbnail","","category-historias-destacadas"],"_links":{"self":[{"href":"https:\/\/noticiasveraces.com\/index.php?rest_route=\/wp\/v2\/posts\/45524","targetHints":{"allow":["GET"]}}],"collection":[{"href":"https:\/\/noticiasveraces.com\/index.php?rest_route=\/wp\/v2\/posts"}],"about":[{"href":"https:\/\/noticiasveraces.com\/index.php?rest_route=\/wp\/v2\/types\/post"}],"author":[{"embeddable":true,"href":"https:\/\/noticiasveraces.com\/index.php?rest_route=\/wp\/v2\/users\/1"}],"replies":[{"embeddable":true,"href":"https:\/\/noticiasveraces.com\/index.php?rest_route=%2Fwp%2Fv2%2Fcomments&post=45524"}],"version-history":[{"count":0,"href":"https:\/\/noticiasveraces.com\/index.php?rest_route=\/wp\/v2\/posts\/45524\/revisions"}],"wp:featuredmedia":[{"embeddable":true,"href":"https:\/\/noticiasveraces.com\/index.php?rest_route=\/wp\/v2\/media\/45525"}],"wp:attachment":[{"href":"https:\/\/noticiasveraces.com\/index.php?rest_route=%2Fwp%2Fv2%2Fmedia&parent=45524"}],"wp:term":[{"taxonomy":"category","embeddable":true,"href":"https:\/\/noticiasveraces.com\/index.php?rest_route=%2Fwp%2Fv2%2Fcategories&post=45524"},{"taxonomy":"post_tag","embeddable":true,"href":"https:\/\/noticiasveraces.com\/index.php?rest_route=%2Fwp%2Fv2%2Ftags&post=45524"}],"curies":[{"name":"wp","href":"https:\/\/api.w.org\/{rel}","templated":true}]}}