{"id":45509,"date":"2025-10-13T09:10:23","date_gmt":"2025-10-13T13:10:23","guid":{"rendered":"https:\/\/noticiasveraces.com\/?p=45509"},"modified":"2025-10-13T09:10:23","modified_gmt":"2025-10-13T13:10:23","slug":"la-aemet-lanza-un-aviso-rojo-por-lluvias-torrenciales-para-el-litoral-sur-de-valencia-el-tiempo-hoy-en-espana-y-en-el-mundo","status":"publish","type":"post","link":"https:\/\/noticiasveraces.com\/?p=45509","title":{"rendered":"La Aemet lanza un aviso rojo por lluvias torrenciales para el litoral sur de Valencia | El tiempo hoy en Espa\u00f1a y en el mundo"},"content":{"rendered":"<p> \n<\/p>\n<div data-dtm-region=\"articulo_cuerpo\">\n<p class=\"\">La Agencia Estatal de Meteorolog\u00eda (Aemet) ha lanzado este lunes un aviso rojo por lluvias torrenciales para el litoral sur de Valencia. Adem\u00e1s, contin\u00faan las advertencias de color naranja para buena parte del Mediterr\u00e1neo peninsular y Baleares por chubascos muy fuertes y persistentes.<\/p>\n<p class=\"\">Tras un fin de semana complicado que dej\u00f3 calles inundadas, numerosas incidencias en la Comunidad Valenciana y cancelaciones de vuelos en el aeropuerto de Ibiza, la Aemet prev\u00e9 precipitaciones localmente intensas, sobre todo entre Tarragona y Valencia, donde podr\u00edan ser muy abundantes. En el caso del aviso rojo para el litoral sur de Valencia, en vigor hasta las 23.59 de este lunes, la agencia estatal ha advertido que se pueden acumular m\u00e1s de 100 mm en una hora y m\u00e1s de 180 mm en 12 horas. Adem\u00e1s, ha se\u00f1alado de que se trata de un \u201cpeligro extraordinario\u201d, pues pueden producirse inundaciones y crecidas repentinas.<\/p>\n<div id=\"sum_twitter\" data-oembed-type=\"twitter\" class=\"a_em _df\">\n<blockquote class=\"twitter-tweet\">\n<p lang=\"es\" dir=\"ltr\">\u26a0\ufe0f\ud83d\udd34 AVISO ROJO | Lluvias torrenciales en Litoral sur de Valencia.<\/p>\n<p>En vigor hasta las 23:59. Pueden acumularse m\u00e1s de 100 mm en 1 hora y m\u00e1s de 180 mm en 12 horas.<\/p>\n<p>Peligro extraordinario. Puede haber inundaciones y crecidas repentinas. Siga recomendaciones de Protecci\u00f3n Civil. <a href=\"https:\/\/t.co\/zbbh2QFGmr\">pic.twitter.com\/zbbh2QFGmr<\/a><\/p>\n<p>\u2014 AEMET (@AEMET_Esp) <a href=\"https:\/\/twitter.com\/AEMET_Esp\/status\/1977717972941652183?ref_src=twsrc%5Etfw\">13 de octubre de 2025<\/a><\/p><\/blockquote>\n<\/div>\n<p class=\"\">\u201cLa dana <i>Alicia<\/i> se ha saldado con chubascos y lluvias de intensidad torrencial en diversos puntos del \u00e1rea mediterr\u00e1nea peninsular y Baleares en los \u00faltimos d\u00edas. En las pr\u00f3ximas jornadas no acaba de remitir la inestabilidad. De hecho, este lunes se extender\u00e1 a m\u00e1s zonas del Este y centro\u201d, advierte Rub\u00e9n del Campo, portavoz de la Aemet, quien a\u00f1ade que a partir del martes se espera una mejora gradual.<\/p>\n<p class=\"\">Durante la jornada, la influencia de una masa de aire fr\u00edo en altura mantendr\u00e1 la atm\u00f3sfera inestable en buena parte del pa\u00eds. En la primera mitad del d\u00eda se prev\u00e9n chubascos y tormentas en los litorales catalanes, que se extender\u00e1n desde la ma\u00f1ana a zonas costeras y prelitorales entre Barcelona y el norte de Alicante, con especial intensidad en el tramo entre Tarragona y Valencia. Desde el mediod\u00eda, las tormentas podr\u00e1n alcanzar los Pirineos, el sistema Ib\u00e9rico y \u00e1reas cercanas de Castilla-La Mancha, y por la tarde llegar\u00e1n tambi\u00e9n a las Pitiusas.<\/p>\n<div class=\"raw_html\">\n<div>\n      <link rel=\"stylesheet\" href=\"https:\/\/ep00.epimg.net\/infografias\/css\/infografia\/2.0\/graficos.css\"\/>\n<div class=\"width\">\n<div style=\"min-height:450px\">\n<p>          <noscript><br \/>\n            <img decoding=\"async\" src=\"https:\/\/datawrapper.dwcdn.net\/gnYGe\/full.png\" alt=\"\"\/><br \/>\n          <\/noscript>\n        <\/div>\n<\/p><\/div>\n<\/p><\/div>\n<\/div>\n<div class=\"raw_html\">\n<div>\n      <link rel=\"stylesheet\" href=\"https:\/\/ep00.epimg.net\/infografias\/css\/infografia\/2.0\/graficos.css\"\/>\n<div class=\"width\">\n<div style=\"min-height:450px\">\n<p>          <noscript><br \/>\n            <img decoding=\"async\" src=\"https:\/\/datawrapper.dwcdn.net\/zeeXM\/full.png\" alt=\"\"\/><br \/>\n          <\/noscript>\n        <\/div>\n<\/p><\/div>\n<\/p><\/div>\n<\/div>\n<p class=\"\">En contraste, los cielos estar\u00e1n poco nubosos o despejados en el noroeste, oeste y suroeste peninsular, donde se vivir\u00e1 un d\u00eda m\u00e1s tranquilo y c\u00e1lido, con temperaturas que podr\u00edan rozar los 30 grados en el sur de Galicia y el valle del Guadalquivir. Se esperan bancos de niebla matinales en el interior del centro y Este peninsular, as\u00ed como polvo en suspensi\u00f3n en Albor\u00e1n, el sur y Baleares.<\/p>\n<p class=\"\">Los vientos soplar\u00e1n de Norte y Este en el \u00e1rea mediterr\u00e1nea oriental, con intervalos de fuerte en los litorales del sudeste. En el resto del pa\u00eds predominar\u00e1 el viento flojo de componente Este, con algunas rachas moderadas en Canarias, el Cant\u00e1brico y la zona de La Mancha. En el archipi\u00e9lago canario, el cielo estar\u00e1 nuboso en el Norte y m\u00e1s despejado al sur, con posibilidad de chubascos ocasionales en las islas de mayor relieve durante la tarde.<\/p>\n<p class=\"\">A partir del martes, la inestabilidad tender\u00e1 a disminuir, aunque persistir\u00e1n los chubascos en el Mediterr\u00e1neo y Baleares. El mi\u00e9rcoles ser\u00e1 una jornada m\u00e1s tranquila, con lluvias menos intensas y temperaturas estables, antes de la posible llegada de una borrasca atl\u00e1ntica el fin de semana, que podr\u00eda traer lluvias al oeste peninsular y un descenso t\u00e9rmico generalizado.<\/p>\n<\/div>\n<p><script async src=\"https:\/\/platform.twitter.com\/widgets.js\" charset=\"utf-8\"><\/script><br \/>\n<br \/>\n","protected":false},"excerpt":{"rendered":"<p>La Agencia Estatal de Meteorolog\u00eda (Aemet) ha lanzado este lunes un aviso rojo por lluvias torrenciales para el litoral sur de Valencia. Adem\u00e1s, contin\u00faan las advertencias de color naranja para buena parte del Mediterr\u00e1neo peninsular y Baleares por chubascos muy fuertes y persistentes. Tras un fin de semana complicado que dej\u00f3 calles inundadas, numerosas incidencias &hellip;<\/p>\n","protected":false},"author":1,"featured_media":45511,"comment_status":"open","ping_status":"open","sticky":false,"template":"","format":"standard","meta":{"fifu_image_url":"https:\/\/imagenes.elpais.com\/resizer\/v2\/ZJBMJQNUFRFCLIML7SAIE6F4VA.JPG?auth=3b5a1e5be1398e1f9bb38cd0b5d6b83a05bbadc45279e8a30e7531b73ad02f7f&width=1200","fifu_image_alt":"","footnotes":""},"categories":[11],"tags":[],"class_list":["post-45509","post","type-post","status-publish","format-standard","has-post-thumbnail","","category-viaje"],"_links":{"self":[{"href":"https:\/\/noticiasveraces.com\/index.php?rest_route=\/wp\/v2\/posts\/45509","targetHints":{"allow":["GET"]}}],"collection":[{"href":"https:\/\/noticiasveraces.com\/index.php?rest_route=\/wp\/v2\/posts"}],"about":[{"href":"https:\/\/noticiasveraces.com\/index.php?rest_route=\/wp\/v2\/types\/post"}],"author":[{"embeddable":true,"href":"https:\/\/noticiasveraces.com\/index.php?rest_route=\/wp\/v2\/users\/1"}],"replies":[{"embeddable":true,"href":"https:\/\/noticiasveraces.com\/index.php?rest_route=%2Fwp%2Fv2%2Fcomments&post=45509"}],"version-history":[{"count":0,"href":"https:\/\/noticiasveraces.com\/index.php?rest_route=\/wp\/v2\/posts\/45509\/revisions"}],"wp:featuredmedia":[{"embeddable":true,"href":"https:\/\/noticiasveraces.com\/index.php?rest_route=\/wp\/v2\/media\/45511"}],"wp:attachment":[{"href":"https:\/\/noticiasveraces.com\/index.php?rest_route=%2Fwp%2Fv2%2Fmedia&parent=45509"}],"wp:term":[{"taxonomy":"category","embeddable":true,"href":"https:\/\/noticiasveraces.com\/index.php?rest_route=%2Fwp%2Fv2%2Fcategories&post=45509"},{"taxonomy":"post_tag","embeddable":true,"href":"https:\/\/noticiasveraces.com\/index.php?rest_route=%2Fwp%2Fv2%2Ftags&post=45509"}],"curies":[{"name":"wp","href":"https:\/\/api.w.org\/{rel}","templated":true}]}}