{"id":45499,"date":"2025-10-13T05:10:25","date_gmt":"2025-10-13T09:10:25","guid":{"rendered":"https:\/\/noticiasveraces.com\/?p=45499"},"modified":"2025-10-13T05:10:25","modified_gmt":"2025-10-13T09:10:25","slug":"neyser-villarreal-quiso-renunciar-al-mundial-sub-20-confesion-del-tecnico-de-seleccion-colombia-seleccion-colombia","status":"publish","type":"post","link":"https:\/\/noticiasveraces.com\/?p=45499","title":{"rendered":"Neyser Villarreal quiso renunciar al Mundial Sub-20: confesi\u00f3n del t\u00e9cnico de Selecci\u00f3n Colombia | Selecci\u00f3n Colombia"},"content":{"rendered":"<p> \n<br \/><img decoding=\"async\" src=\"https:\/\/www.futbolred.com\/files\/article_graphic\/uploads\/2025\/10\/12\/68eb576634bed.jpeg\" \/><\/p>\n<div id=\"cuerpoArticulo\">\n<p class=\"texto intro cnx-companion-firstparagraph\" id=\"p256853-m531-530-532\">N\u00e9iser Villarreal pas\u00f3 de generar pol\u00e9mica por su convocatoria a la Selecci\u00f3n Colombia, a ser el goleador y jugador sensaci\u00f3n de la Copa Mundial Sub-20 de la FIFA &#8211; Chile 2025.<\/p>\n<p>\u2018Ney\u2019, como lleva en su camiseta con el dorsal 21, complet\u00f3 5 goles en los \u00faltimos dos partidos, gracias a un doblete contra Sud\u00e1frica en octavos de final, y a un triplete contra Espa\u00f1a en la ronda de cuartos.<\/p>\n<p>Villarreal fue discutido y desde varios sectores le reprocharon al entrenador C\u00e9sar Torres que lo haya llevado al Mundial juvenil, pues el delantero jug\u00f3 muy poco con Millonarios esta temporada, no convirti\u00f3 goles, y ven\u00eda de una lesi\u00f3n.<\/p>\n<p class=\"texto contenido-parrafo-articulo cnx-companion-paragraph\" id=\"p256853-m543-1-544\">Sin embargo, Torres lo defendi\u00f3 y respald\u00f3, e insisti\u00f3 en citarlo y darle su lugar en la titular. Y es que para el seleccionador, N\u00e9iser \u201ces una bestia, un animal. Pero es humano, es noble; todo el mundo lo quiere, est\u00e1 al servicio de todos\u201d.<\/p>\n<p>El DT de la Selecci\u00f3n juvenil revel\u00f3 que N\u00e9iser estuvo a punto de quedarse afuera de la Copa del Mundo, pues el mismo jugador lo llam\u00f3 llorando para pr\u00e1cticamente renunciar al sue\u00f1o de ser mundialista con Colombia.<\/p>\n<p class=\"texto contenido-parrafo-articulo cnx-companion-paragraph\" id=\"p256853-m600-4-601\">El mensaje de Villarreal al DT se dio luego del esc\u00e1ndalo que se hizo en redes sociales cuando el jugador, que a\u00fan pertenece a Millonarios, apareci\u00f3 haciendo una transmisi\u00f3n en vivo en TikTok vistiendo una camiseta del Am\u00e9rica de Cali.<\/p>\n<p>\u201cCuando sucedi\u00f3 lo de la camiseta de Am\u00e9rica, (N\u00e9iser) me escribi\u00f3  llorando y me dijo que \u00e9l no merec\u00eda ir a la Selecci\u00f3n Colombia, que no quer\u00eda venir, estaba muy frustrado\u201d, revel\u00f3 Torres en charla con la prensa colombiana que cubre el Mundial.<\/p>\n<p>\u201cLo llam\u00e9 varias veces y le dije que \u00e9l era el goleador de la Selecci\u00f3n, que es un derecho que nadie se lo pod\u00eda quitar; y que se recuperara, que la Selecci\u00f3n lo estaba esperando con los brazos abiertos\u201d, a\u00f1adi\u00f3 C\u00e9sar Torres.<\/p>\n<p>\u201cPor eso son las l\u00e1grimas de \u00e9l, porque detr\u00e1s del jugador hay  un ser humano que siente y que sufre. Cuando se puso la camiseta de Am\u00e9rica lo hizo por K\u00e9ner [Gonz\u00e1lez] y por [Jos\u00e9] Cavad\u00eda, en solidaridad con ellos, no por retar a los hinchas de Millonarios\u201d, aclar\u00f3 el seleccionador colombiano, protegiendo a su goleador.<\/p>\n<\/div>\n\n","protected":false},"excerpt":{"rendered":"<p>N\u00e9iser Villarreal pas\u00f3 de generar pol\u00e9mica por su convocatoria a la Selecci\u00f3n Colombia, a ser el goleador y jugador sensaci\u00f3n de la Copa Mundial Sub-20 de la FIFA &#8211; Chile 2025. \u2018Ney\u2019, como lleva en su camiseta con el dorsal 21, complet\u00f3 5 goles en los \u00faltimos dos partidos, gracias a un doblete contra Sud\u00e1frica &hellip;<\/p>\n","protected":false},"author":1,"featured_media":45501,"comment_status":"open","ping_status":"open","sticky":false,"template":"","format":"standard","meta":{"fifu_image_url":"https:\/\/www.futbolred.com\/files\/og_thumbnail\/uploads\/2025\/10\/12\/68eb576634bed.jpeg","fifu_image_alt":"","footnotes":""},"categories":[6],"tags":[],"class_list":["post-45499","post","type-post","status-publish","format-standard","has-post-thumbnail","","category-deportes"],"_links":{"self":[{"href":"https:\/\/noticiasveraces.com\/index.php?rest_route=\/wp\/v2\/posts\/45499","targetHints":{"allow":["GET"]}}],"collection":[{"href":"https:\/\/noticiasveraces.com\/index.php?rest_route=\/wp\/v2\/posts"}],"about":[{"href":"https:\/\/noticiasveraces.com\/index.php?rest_route=\/wp\/v2\/types\/post"}],"author":[{"embeddable":true,"href":"https:\/\/noticiasveraces.com\/index.php?rest_route=\/wp\/v2\/users\/1"}],"replies":[{"embeddable":true,"href":"https:\/\/noticiasveraces.com\/index.php?rest_route=%2Fwp%2Fv2%2Fcomments&post=45499"}],"version-history":[{"count":0,"href":"https:\/\/noticiasveraces.com\/index.php?rest_route=\/wp\/v2\/posts\/45499\/revisions"}],"wp:featuredmedia":[{"embeddable":true,"href":"https:\/\/noticiasveraces.com\/index.php?rest_route=\/wp\/v2\/media\/45501"}],"wp:attachment":[{"href":"https:\/\/noticiasveraces.com\/index.php?rest_route=%2Fwp%2Fv2%2Fmedia&parent=45499"}],"wp:term":[{"taxonomy":"category","embeddable":true,"href":"https:\/\/noticiasveraces.com\/index.php?rest_route=%2Fwp%2Fv2%2Fcategories&post=45499"},{"taxonomy":"post_tag","embeddable":true,"href":"https:\/\/noticiasveraces.com\/index.php?rest_route=%2Fwp%2Fv2%2Ftags&post=45499"}],"curies":[{"name":"wp","href":"https:\/\/api.w.org\/{rel}","templated":true}]}}