{"id":45466,"date":"2025-10-12T23:08:38","date_gmt":"2025-10-13T03:08:38","guid":{"rendered":"https:\/\/noticiasveraces.com\/?p=45466"},"modified":"2025-10-12T23:08:38","modified_gmt":"2025-10-13T03:08:38","slug":"video-jugadores-y-tecnicos-de-america-de-cali-sub-17-agredieron-a-arbitro-otras-ligas-de-futbol","status":"publish","type":"post","link":"https:\/\/noticiasveraces.com\/?p=45466","title":{"rendered":"Video: jugadores y t\u00e9cnicos de Am\u00e9rica de Cali Sub-17 agredieron a \u00e1rbitro | Otras Ligas de F\u00fatbol"},"content":{"rendered":"<p> \n<br \/><img decoding=\"async\" src=\"https:\/\/www.futbolred.com\/files\/article_graphic\/uploads\/2025\/10\/12\/68ec4580562eb.jpeg\" \/><\/p>\n<div id=\"cuerpoArticulo\">\n<p class=\"texto intro cnx-companion-firstparagraph\" id=\"p256882-m423-422-424\">El f\u00fatbol colombiano vuelve a empa\u00f1arse de violencia y esta vez no fue en la escena profesional, sino en los procesos formativos, donde jugadores y cuerpo t\u00e9cnico de Am\u00e9rica de Cali Sub-17 terminaron siendo los protagonistas al agredir a un \u00e1rbitro durante un partido del Torneo de las Am\u00e9ricas.<\/p>\n<p class=\"texto contenido-parrafo-articulo cnx-companion-paragraph\" id=\"p256882-m441-2-442\">En videos divulgados por redes sociales, se dio a conocer la fuerte agresi\u00f3n de los integrantes del cuadro &#8216;escarlata&#8217;, donde queda en evidencia\u00a0gran parte de lo sucedido, todo tras la anulaci\u00f3n de un gol cuando Am\u00e9rica ca\u00eda 4-3 ante Academia Alemana de Popay\u00e1n.<\/p>\n<p>En los videos se ve c\u00f3mo Daniel Pab\u00f3n, delegado del Am\u00e9rica, quiso aliviar la situaci\u00f3n, pero luego reaccion\u00f3 duramente contra el juez y despu\u00e9s se ve un golpe de pu\u00f1o de Pluto Meneses, miembro del cuerpo t\u00e9cnico del equipo.<\/p>\n<p>            <span class=\"articulo-subtitulo subtitulo2 espacio-contenido cnx-companion-subtitle\" id=\"p256882-m611-4-612\" style=\"width: auto;\">Agresi\u00f3n se fue a la Fiscal\u00eda<\/span><\/p>\n<p class=\"texto contenido-parrafo-articulo cnx-companion-paragraph\" id=\"p256882-m602-5-603\">La Asociaci\u00f3n Vallecaucana de \u00c1rbitros de F\u00fatbol (AVAF) emiti\u00f3 un comunicado oficial este domingo 12 de octubre de 2025, tras los graves hechos de violencia ocurridos durante el desarrollo del Torneo Las Am\u00e9ricas en las canchas de f\u00fatbol La Troja y dejaron claro que\u00a0Daniel Pab\u00f3n Martan habr\u00eda atacado de manera \u201cviolenta y cobarde\u201d al juez del compromiso con pu\u00f1os y patadas, incluso por la espalda, mientras este se encontraba en estado de indefensi\u00f3n. El comunicado del gremio arbitral calific\u00f3 el hecho como una agresi\u00f3n inaceptable que \u201cpuso en peligro la vida del \u00e1rbitro\u201d y anunci\u00f3 que recopilar\u00e1n las pruebas necesarias para denunciar el caso ante la Fiscal\u00eda General de la Naci\u00f3n por el delito de lesiones personales.<\/p>\n<p>Adem\u00e1s,\u00a0La Asociaci\u00f3n tambi\u00e9n manifest\u00f3 su total rechazo a cualquier tipo de agresi\u00f3n f\u00edsica o verbal contra los \u00e1rbitros, resaltando la importancia de su labor imparcial y su papel fundamental en el desarrollo del deporte. \u201cLa violencia no tiene cabida en el f\u00fatbol aficionado ni profesional\u201d, concluye el pronunciamiento.<\/p>\n<p><span class=\"articulo-subtitulo subtitulo2 espacio-contenido cnx-companion-subtitle\" id=\"p256882-m654-7-655\">Am\u00e9rica se defendi\u00f3 y tomar\u00e1 acciones<\/span><\/p>\n<p class=\"texto contenido-parrafo-articulo cnx-companion-paragraph\" id=\"p256882-m663-8-664\">Por su parte, Am\u00e9rica de Cali lament\u00f3 profundamente los hechos, asegurando que estos no reflejan los valores ni el esp\u00edritu deportivo que promueve la instituci\u00f3n. En su comunicado, el club enfatiz\u00f3 que tomar\u00e1 \u201clas medidas necesarias para que situaciones como estas no vuelvan a presentarse\u201d y ofreci\u00f3 disculpas p\u00fablicas a la Liga de F\u00fatbol del Valle, reafirmando su compromiso con la pr\u00e1ctica del f\u00fatbol en paz.<\/p>\n<p>El lamentable episodio ha generado indignaci\u00f3n en la comunidad deportiva vallecaucana y en general del f\u00fatbol colombiano, pues se exige sanciones ejemplares, as\u00ed como mayor control en los torneos de formaci\u00f3n donde debe prevalecer el respeto y la tolerancia.<\/p>\n<\/div>\n\n","protected":false},"excerpt":{"rendered":"<p>El f\u00fatbol colombiano vuelve a empa\u00f1arse de violencia y esta vez no fue en la escena profesional, sino en los procesos formativos, donde jugadores y cuerpo t\u00e9cnico de Am\u00e9rica de Cali Sub-17 terminaron siendo los protagonistas al agredir a un \u00e1rbitro durante un partido del Torneo de las Am\u00e9ricas. En videos divulgados por redes sociales, &hellip;<\/p>\n","protected":false},"author":1,"featured_media":45468,"comment_status":"open","ping_status":"open","sticky":false,"template":"","format":"standard","meta":{"fifu_image_url":"https:\/\/www.futbolred.com\/files\/og_thumbnail\/uploads\/2025\/10\/12\/68ec4580562eb.jpeg","fifu_image_alt":"","footnotes":""},"categories":[6],"tags":[],"class_list":["post-45466","post","type-post","status-publish","format-standard","has-post-thumbnail","","category-deportes"],"_links":{"self":[{"href":"https:\/\/noticiasveraces.com\/index.php?rest_route=\/wp\/v2\/posts\/45466","targetHints":{"allow":["GET"]}}],"collection":[{"href":"https:\/\/noticiasveraces.com\/index.php?rest_route=\/wp\/v2\/posts"}],"about":[{"href":"https:\/\/noticiasveraces.com\/index.php?rest_route=\/wp\/v2\/types\/post"}],"author":[{"embeddable":true,"href":"https:\/\/noticiasveraces.com\/index.php?rest_route=\/wp\/v2\/users\/1"}],"replies":[{"embeddable":true,"href":"https:\/\/noticiasveraces.com\/index.php?rest_route=%2Fwp%2Fv2%2Fcomments&post=45466"}],"version-history":[{"count":0,"href":"https:\/\/noticiasveraces.com\/index.php?rest_route=\/wp\/v2\/posts\/45466\/revisions"}],"wp:featuredmedia":[{"embeddable":true,"href":"https:\/\/noticiasveraces.com\/index.php?rest_route=\/wp\/v2\/media\/45468"}],"wp:attachment":[{"href":"https:\/\/noticiasveraces.com\/index.php?rest_route=%2Fwp%2Fv2%2Fmedia&parent=45466"}],"wp:term":[{"taxonomy":"category","embeddable":true,"href":"https:\/\/noticiasveraces.com\/index.php?rest_route=%2Fwp%2Fv2%2Fcategories&post=45466"},{"taxonomy":"post_tag","embeddable":true,"href":"https:\/\/noticiasveraces.com\/index.php?rest_route=%2Fwp%2Fv2%2Ftags&post=45466"}],"curies":[{"name":"wp","href":"https:\/\/api.w.org\/{rel}","templated":true}]}}