{"id":45449,"date":"2025-10-12T20:32:28","date_gmt":"2025-10-13T00:32:28","guid":{"rendered":"https:\/\/noticiasveraces.com\/?p=45449"},"modified":"2025-10-12T20:32:28","modified_gmt":"2025-10-13T00:32:28","slug":"el-calentamiento-global-lleva-a-los-arrecifes-de-coral-tropicales-al-punto-de-no-retorno-clima-y-medio-ambiente","status":"publish","type":"post","link":"https:\/\/noticiasveraces.com\/?p=45449","title":{"rendered":"El calentamiento global lleva a los arrecifes de coral tropicales al punto de no retorno | Clima y Medio Ambiente"},"content":{"rendered":"<p> \n<br \/><img decoding=\"async\" src=\"https:\/\/imagenes.elpais.com\/resizer\/v2\/IVIJ5IYNE5NLXHSEIOZD4TOTM4.jpg?auth=4143496c29b4e876f0d0a24949415e4e2beb169b2c354be8aa64f40d2bae5269\" \/><\/p>\n<div data-dtm-region=\"articulo_cuerpo\">\n<p class=\"\">Las alarmas estaban encendidas desde hac\u00eda a\u00f1os entre los expertos, que ubicaban al borde del precipicio a los arrecifes de coral de las aguas c\u00e1lidas, unos ricos y diversos ecosistemas de los que depende adem\u00e1s la econom\u00eda de millones de personas en el mundo. Y el momento de los \u201cda\u00f1os irreversibles\u201d ha llegado. Debido al calentamiento global causado por el ser humano estos corales han alcanzado un punto de no retorno, seg\u00fan advierte un estudio internacional liderado por la Universidad de Exeter y el Instituto Potsdam para la Investigaci\u00f3n del Impacto Clim\u00e1tico (PIK). <\/p>\n<p class=\"\">El Informe Global sobre los Puntos de Inflexi\u00f3n 2025 alerta de que estos arrecifes de coral se enfrentan a \u201cuna crisis sin precedentes\u201d. De hecho, son el primer sistema terrestre que supera su llamado \u201cpunto de inflexi\u00f3n\u201d t\u00e9rmico, el nivel de calentamiento global a partir del que los cient\u00edficos consideran que se generan da\u00f1os irreversibles que a su vez pueden desencadenar otros impactos. <\/p>\n<p class=\"\">En el caso de estos arrecifes, diversos informes cient\u00edficos situaban ese hito a partir de los 1,2 grados Celsius de calentamiento; es decir, cuando la temperatura media del aire en la superficie del planeta fuera 1,2 grados mayor que antes de la Revoluci\u00f3n Industrial, cuando se empezaron a quemar de forma masiva los combustibles f\u00f3siles, principales responsables de esta crisis. Esa barrera se ha superado y, seg\u00fan recalca el informe que se presenta este lunes en el que han participado 160 investigadores, ha \u201cdesencadenando una degradaci\u00f3n generalizada de los arrecifes\u201d. <\/p>\n<p class=\"\">Estos corales est\u00e1n experimentando en este momento el cuarto episodio global de blanqueamiento de los \u00faltimos 25 a\u00f1os. Empez\u00f3 en abril de 2024 y es el \u201cm\u00e1s extenso e intenso jam\u00e1s registrado\u201d. En mayo de este a\u00f1o hab\u00eda afectado a m\u00e1s del 80% de los arrecifes de aguas c\u00e1lidas de todo el mundo. \u201cLas olas de calor marinas est\u00e1n aumentando en frecuencia e intensidad, lo que empuja cada vez m\u00e1s a los corales m\u00e1s all\u00e1 de sus l\u00edmites de recuperaci\u00f3n\u201d, explican los cient\u00edficos. <\/p>\n<p class=\"\">Al aumento de la temperatura vinculado al cambio clim\u00e1tico se le unen otros impactos relacionados con la gran crisis medioambiental del planeta. Se trata de factores como la sobrepesca, el exceso de nutrientes debido a actividades humanas como los vertidos, los brotes de enfermedades, el desequilibrio de especies depredadoras y competidoras y el desarrollo costero destructivo. Todo esto, se\u00f1alan los investigadores, \u201cdificulta la recuperaci\u00f3n y acelera la degradaci\u00f3n y p\u00e9rdida de los arrecifes\u201d. <\/p>\n<p class=\"\">Este \u00faltimo gran episodio de blanqueamiento se ha documentado en 83 pa\u00edses del mundo, lo que da una idea de la magnitud del problema, y es el segundo en menos de una d\u00e9cada, lo que encaja con el agravamiento del calentamiento que se est\u00e1 viviendo, en un momento en el que se suceden los r\u00e9cords de altas temperaturas a\u00f1o a a\u00f1o, mes a mes. <\/p>\n<p class=\"\">La p\u00e9rdida de coral tiene importantes implicaciones \u201cpara las funciones estructurales y ecol\u00f3gicas que sostienen la biodiversidad\u201d, ya que los arrecifes son refugio y hogar de infinidad de especies marinas, afirman los expertos. <\/p>\n<p class=\"\">Tiene tambi\u00e9n un gran impacto para los seres humanos. Estos arrecifes de aguas c\u00e1lidas est\u00e1n presentes en m\u00e1s de un centenar de pa\u00edses y cubren una superficie de 900.000 kil\u00f3metros cuadrados. Seg\u00fan el informe, benefician a unos 1.000 millones de personas en el mundo: \u201cla degradaci\u00f3n de los arrecifes y las especies que dependen de ellos amenaza los medios de vida de estas personas, la mayor\u00eda de las cuales viven en los pa\u00edses menos desarrollados\u201d. <\/p>\n<p class=\"\">Adem\u00e1s, su degradaci\u00f3n en las regiones propensas a sufrir huracanes supone un incremento de los impactos de estos fen\u00f3menos extremos, ya que \u201cact\u00faan como rompeolas naturales\u201d. \u201cEn el Caribe, por ejemplo, los arrecifes en M\u00e9xico redujeron los da\u00f1os causados en un 43% durante el hurac\u00e1n <i>Decano <\/i>y ahora evitan aproximadamente 42 millones de d\u00f3lares en p\u00e9rdidas en construcciones y 20,8 millones de d\u00f3lares en da\u00f1os al sector hotelero al a\u00f1o\u00bb, cuantifica el estudio. \u201cMitigan significativamente los impactos de las marejadas cicl\u00f3nicas y los huracanes en las comunidades costeras\u201d, apuntala el documento. <\/p>\n<h3 class=\"\">Arrecifes m\u00e1s d\u00e9biles y menos ricos<\/h3>\n<p class=\"\">La gran duda de los especialistas es qu\u00e9 ocurrir\u00e1 en el futuro con estos ecosistemas, si pueden recuperarse. Los autores han recopilado en la literatura cient\u00edfica algunos casos de \u201ccierta resistencia\u201d gracias a su capacidad de \u201caclimataci\u00f3n y adaptaci\u00f3n\u201d. Pero advierten: \u201ces probable que este potencial se vea sobrepasado por el aumento de la tasa y la magnitud del estr\u00e9s t\u00e9rmico y los factores estresantes agravados\u201d, como la sobrepesca y la contaminaci\u00f3n. Los autores concluyen: \u201csi los arrecifes logran persistir en el futuro, es probable que sean muy diferentes de los que nos beneficiamos hoy, con mucha menos diversidad en las especies de coral y menor complejidad estructural\u201d. <\/p>\n<p class=\"\">Los cient\u00edficos tambi\u00e9n mencionan que existen multitud de proyectos de restauraci\u00f3n de corales que se est\u00e1n llevando a cabo en el planeta, pero destacan que se trata de planes a muy peque\u00f1a escala y que cubren muy poca superficie en comparaci\u00f3n con lo que se est\u00e1 perdiendo. \u201cEsto subraya la necesidad urgente de eliminar gradualmente las emisiones de gases de efecto invernadero\u201d, explican. <\/p>\n<p class=\"\">Cuanto m\u00e1s r\u00e1pido se eliminen esos gases, ligados fundamentalmente a los combustibles f\u00f3siles, menor ser\u00e1 la tasa de calentamiento global que se alcance y, por tanto, los da\u00f1os que se provoquen. Los autores ponen el foco especialmente en esos corales de aguas c\u00e1lidas, que consideran \u201cuna de las p\u00e9rdidas ecol\u00f3gicas m\u00e1s apremiantes que enfrenta la humanidad\u201d. Pero el informe hace un repaso por otros puntos de inflexi\u00f3n tambi\u00e9n pr\u00f3ximos a superarse y que desencadenar\u00e1n da\u00f1os en cascada.<\/p>\n<p class=\"\">Por ejemplo, las capas de hielo polares se est\u00e1n acercando a esos puntos de no retorno, \u201ccomprometiendo al mundo a varios metros de aumento irreversible del nivel del mar que afectar\u00e1 a cientos de millones de personas\u201d. \u201cCada fracci\u00f3n de calentamiento adicional aumenta el riesgo de desencadenar m\u00e1s puntos de inflexi\u00f3n da\u00f1inos\u201d, recalcan los cient\u00edficos, apuntando de nuevo a la necesidad de reducir las emisiones. <\/p>\n<p class=\"\">Tambi\u00e9n analizan otros hitos como el riesgo de colapso de la circulaci\u00f3n meridional de retorno del atl\u00e1ntico (AMOC) \u2014una corriente oce\u00e1nica que contribuye a que en Europa el clima sea menos extremo\u2014<b> <\/b>o el peligro de regresi\u00f3n para la selva amaz\u00f3nica. En ambos casos, se desencadenar\u00e1n importantes impactos para millones de personas. \u201cTenemos cada vez m\u00e1s evidencia de puntos de inflexi\u00f3n en todos estos sistemas diferentes\u201d, advierte el cient\u00edfico de PIK Sina Loriani, uno de los coordinadores. \u201cExiste un riesgo creciente de que iniciemos ciclos de retroalimentaci\u00f3n que amplifiquen y aceleren los cambios en el sistema de la Tierra\u201d, a\u00f1ade.<\/p>\n<p class=\"\">Pero en esta edici\u00f3n del informe, la anterior se public\u00f3 hace tres a\u00f1os, se ha introducido tambi\u00e9n un apartado de puntos de inflexi\u00f3n positivos, referidos principalmente a la lucha contra el calentamiento global. Fijan los cient\u00edficos la mirada especialmente en las tecnolog\u00edas con la capacidad para desplazar a los combustibles f\u00f3siles. Y recalcan que hay cambios positivos como la r\u00e1pida implantaci\u00f3n de la energ\u00eda solar fotovoltaica o la energ\u00eda e\u00f3lica, y el avance en la electrificaci\u00f3n de la movilidad, el almacenamiento de bater\u00edas y las bombas de calor. <\/p>\n<p class=\"\">Pero, en l\u00ednea con lo que apuntan numerosos estudios, hacen hincapi\u00e9 en la necesidad de acelerar el ritmo de implantaci\u00f3n de las tecnolog\u00edas con capacidad para desplazar a los combustibles f\u00f3siles para detener el calentamiento lo antes posible y evitar as\u00ed que se superen m\u00e1s peligrosos puntos de inflexi\u00f3n.<\/p>\n<\/div>\n\n","protected":false},"excerpt":{"rendered":"<p>Las alarmas estaban encendidas desde hac\u00eda a\u00f1os entre los expertos, que ubicaban al borde del precipicio a los arrecifes de coral de las aguas c\u00e1lidas, unos ricos y diversos ecosistemas de los que depende adem\u00e1s la econom\u00eda de millones de personas en el mundo. Y el momento de los \u201cda\u00f1os irreversibles\u201d ha llegado. Debido al &hellip;<\/p>\n","protected":false},"author":1,"featured_media":45451,"comment_status":"open","ping_status":"open","sticky":false,"template":"","format":"standard","meta":{"fifu_image_url":"https:\/\/imagenes.elpais.com\/resizer\/v2\/IVIJ5IYNE5NLXHSEIOZD4TOTM4.jpg?auth=4143496c29b4e876f0d0a24949415e4e2beb169b2c354be8aa64f40d2bae5269&width=1200","fifu_image_alt":"","footnotes":""},"categories":[11],"tags":[],"class_list":["post-45449","post","type-post","status-publish","format-standard","has-post-thumbnail","","category-viaje"],"_links":{"self":[{"href":"https:\/\/noticiasveraces.com\/index.php?rest_route=\/wp\/v2\/posts\/45449","targetHints":{"allow":["GET"]}}],"collection":[{"href":"https:\/\/noticiasveraces.com\/index.php?rest_route=\/wp\/v2\/posts"}],"about":[{"href":"https:\/\/noticiasveraces.com\/index.php?rest_route=\/wp\/v2\/types\/post"}],"author":[{"embeddable":true,"href":"https:\/\/noticiasveraces.com\/index.php?rest_route=\/wp\/v2\/users\/1"}],"replies":[{"embeddable":true,"href":"https:\/\/noticiasveraces.com\/index.php?rest_route=%2Fwp%2Fv2%2Fcomments&post=45449"}],"version-history":[{"count":0,"href":"https:\/\/noticiasveraces.com\/index.php?rest_route=\/wp\/v2\/posts\/45449\/revisions"}],"wp:featuredmedia":[{"embeddable":true,"href":"https:\/\/noticiasveraces.com\/index.php?rest_route=\/wp\/v2\/media\/45451"}],"wp:attachment":[{"href":"https:\/\/noticiasveraces.com\/index.php?rest_route=%2Fwp%2Fv2%2Fmedia&parent=45449"}],"wp:term":[{"taxonomy":"category","embeddable":true,"href":"https:\/\/noticiasveraces.com\/index.php?rest_route=%2Fwp%2Fv2%2Fcategories&post=45449"},{"taxonomy":"post_tag","embeddable":true,"href":"https:\/\/noticiasveraces.com\/index.php?rest_route=%2Fwp%2Fv2%2Ftags&post=45449"}],"curies":[{"name":"wp","href":"https:\/\/api.w.org\/{rel}","templated":true}]}}