{"id":45444,"date":"2025-10-12T18:21:39","date_gmt":"2025-10-12T22:21:39","guid":{"rendered":"https:\/\/noticiasveraces.com\/?p=45444"},"modified":"2025-10-12T18:21:39","modified_gmt":"2025-10-12T22:21:39","slug":"sip-tras-visita-a-peru","status":"publish","type":"post","link":"https:\/\/noticiasveraces.com\/?p=45444","title":{"rendered":"SIP, tras visita a Per\u00fa"},"content":{"rendered":"<p> \n<\/p>\n<div>\n<span class=\"dateline\">BOGOT\u00c1 \u2014 <\/span><\/p>\n<p style=\"text-align: left;\">Despu\u00e9s de un trabajo de tres d\u00edas, en los que delegados de la Sociedad Interamericana de Prensa (SIP) se reunieron con representantes de los medios de comunicaci\u00f3n, agremiaciones period\u00edsticas, la academia y funcionarios del gobierno, la organizaci\u00f3n manifest\u00f3 que la situaci\u00f3n de la libertad de prensa y expresi\u00f3n en Per\u00fa es a\u00fan m\u00e1s grave que la que ya conoc\u00edan.<\/p>\n<p style=\"text-align: left;\">\u201cRealmente la situaci\u00f3n que vivimos es a\u00fan preocupante de la que ten\u00edamos en el radar nuestro\u201d, debido a que percibieron un \u201cescenario de estigmatizaci\u00f3n, hostigamiento, acoso judicial, un asesinato recientemente\u2026 Una situaci\u00f3n que hac\u00eda tiempo que no se produc\u00eda en en Per\u00fa, y que permanece impune\u201d, dijo a la <em><strong>Voz de Am\u00e9rica <\/strong><\/em>Carlos Jornet, presidente de la Comisi\u00f3n de Libertad de Prensa e Informaci\u00f3n de la SIP.<\/p>\n<p style=\"text-align: left;\">Un escenario, agreg\u00f3 Jornet, en medio de un \u201cambiente de quiebre pol\u00edtico muy fuerte\u201d, una \u201csociedad tan fragmentada\u201d y un Congreso \u201cdonde no hay mayor\u00edas claras, donde las distintas fuerzas se van reagrupando en funci\u00f3n de cada tema\u201d intentando \u201cponer trabas a\u00fan mayores al trabajo de prensa\u201d.<\/p>\n<p style=\"text-align: left;\">Seg\u00fan Jornet, desde hace dos a\u00f1os, la SIP viene notando \u201cuna degradaci\u00f3n que se va acentuando con el tiempo\u201d.<\/p>\n<h3 class=\"wsw__h3\" style=\"text-align: left;\">Libertad de prensa deteriorada<\/h3>\n<p style=\"text-align: left;\"><em><strong>Resultados del \u00cdndice de Chapultepec<\/strong><\/em>  de la Sociedad Interamericana de Prensa (SIP) 2024 -la cual mide los factores que influyen, tanto positiva como negativamente, en la libertad de prensa en 22 naciones- alertaron de c\u00f3mo la libertad de expresi\u00f3n en la regi\u00f3n vive un retroceso y enfatizaron en el caso peruano, pa\u00eds que se ubica en la secci\u00f3n de pa\u00edses con \u2018alta restricci\u00f3n\u2019 y sufri\u00f3 un descenso de cuatro posiciones con relaci\u00f3n al per\u00edodo previo.<\/p>\n<p style=\"text-align: left;\">El informe de la SIP de octubre del a\u00f1o pasado sobre la situaci\u00f3n de la libertad de prensa en este pa\u00eds se\u00f1al\u00f3 que \u00ablos principales mecanismos para agredir a la prensa en este per\u00edodo han sido las iniciativas legislativas, demandas y querellas por difamaci\u00f3n, allanamientos, impedimento de coberturas de inter\u00e9s p\u00fablico y ataques verbales contra periodistas\u00bb.<\/p>\n<p style=\"text-align: left;\">Rodrigo Salazar Zimmermann, periodista y director ejecutivo del Consejo de la Prensa Peruana, cont\u00f3 al a <em><strong>VOA<\/strong><\/em>  que \u201cel Estado peruano en su conjunto ha tomado como decisi\u00f3n atacar a la prensa independiente del Per\u00fa. Es un ataque por todos los frentes\u201d, desde todos los poderes, a nivel nacional y regional.<\/p>\n<p style=\"text-align: left;\">Para el periodista, es una situaci\u00f3n que se presenta desde la crisis pol\u00edtica peruana que comenz\u00f3 en el 2016, pero con el tiempo se ha generado \u201cun discurso anti medios de comunicaci\u00f3n de una manera contenida\u201d.<\/p>\n<p style=\"text-align: left;\">\u201cA partir del a\u00f1o 2021, cuando entra como presidente Pedro Castillo, la situaci\u00f3n se sale de control y es peor a\u00fan ahora el gobierno de Dina Boluarte\u2026 La presidenta todas las semanas o nos llama golpistas o insulta a la prensa, no recibe a la prensa\u00bb, dijo el presidente del Consejo.<\/p>\n<p style=\"text-align: left;\">Incluso, dijo el periodista a la <em><strong>VOA<\/strong><\/em>\u00abhan pasado en alg\u00fan momento m\u00e1s de 100 d\u00edas sin que la presidenta responda una sola pregunta de la prensa. Sufrimos allanamientos a nuestras casas los periodistas por parte del Ministerio P\u00fablico, se ha sentenciado a periodistas por difamaci\u00f3n que, en el Per\u00fa, acarrea c\u00e1rcel\u201d.<\/p>\n<p style=\"text-align: left;\">Adem\u00e1s, agreg\u00f3 Salazar, una inseguridad constante y ning\u00fan sistema de protecci\u00f3n para los profesionales, salvo las asociaciones que se encargan de defender el trabajo period\u00edstico, adem\u00e1s de una impunidad total y un estado \u201ctomado por delincuentes\u201d.<\/p>\n<p style=\"text-align: left;\">Sin embargo, el periodista dej\u00f3 claro que no existe la censura, sino que \u201clos medios de comunicaci\u00f3n funcionan con total libertad&#8230; No tenemos un ambiente de persecuci\u00f3n o cancelaci\u00f3n de licencias o periodistas que hayan ido presos. Eso no sucede en el Per\u00fa\u00bb.<\/p>\n<p style=\"text-align: left;\">Pero se refiri\u00f3 a un golpe blando a la prensa: \u00abCuando se presentan proyectos de ley, cuando se persigue judicialmente a un periodista, cuando se le allana, cuando se levanta el secreto a las comunicaciones, cuando se lo matan\u201d.<\/p>\n<p>En Per\u00fa, se est\u00e1 promoviendo un proyecto de ley que sugiere imponer sanciones de entre 90 y 120 d\u00edas por usar indebidamente medios de comunicaci\u00f3n, redes sociales y sitios web para atacar a funcionarios p\u00fablicos.<\/p>\n<h3 class=\"wsw__h3\" style=\"text-align: left;\">\u00bfQu\u00e9 dice el gobierno?<\/h3>\n<p style=\"text-align: left;\">La SIP mantuvo reuniones con funcionarios de las tres ramas del poder, excepto la presidenta Dina Boluarte, que seg\u00fan la sociedad, no atendi\u00f3 a la invitaci\u00f3n.<\/p>\n<p style=\"text-align: left;\">Tras la reuni\u00f3n con la misi\u00f3n de la SIP, el presidente del Consejo de Ministros de Per\u00fa, Gustavo Adrianz\u00e9n, se pronunci\u00f3 a trav\u00e9s de un <em><strong>declaraci\u00f3n<\/strong><\/em>en el que enfatiz\u00f3 en el respeto a la libertad de prensa por parte del gobierno: \u201cDesde el Ejecutivo, creemos en la libertad de prensa\u201d.<\/p>\n<p style=\"text-align: left;\">El jefe del Gabinete Ministerial tambi\u00e9n se\u00f1al\u00f3 que la administraci\u00f3n Boluarte mantiene \u201cun di\u00e1logo abierto\u201d con los medios y que, cada semana, al finalizar el Consejo de Ministros, mantienen encuentros con la prensa.<\/p>\n<p style=\"text-align: left;\">\u201cLos reporteros pueden preguntar libremente sobre cualquier tema. Jam\u00e1s hemos impedido el ingreso de periodista alguno ni hemos puesto limitaciones a sus consultas\u201d, dice el texto.<\/p>\n<div class=\"wsw__embed\">\n<figure class=\"media-image js-media-expand\">\n<div class=\"img-wrap\">\n<div class=\"thumb\">\n<img decoding=\"async\" alt=\"Reuni\u00f3n entre el presidente del Consejo de Ministros de Per\u00fa, Gustavo Adrianz\u00e9n (izq.), Carlos Jornet, presidente de la Comisi\u00f3n de Libertad de Prensa e Informaci\u00f3n de la SIP, y Carlos Laur\u00eda, director ejecutivo de la SIP (der.). [Foto: Presidencia del Consejo de Ministros]\" src=\"https:\/\/gdb.voanews.com\/cf361981-8cae-4947-0872-08dd5c8b1668_w250_r1_s.jpg\"\/>\n<\/div>\n<\/div><figcaption>\n<span class=\"caption\">Reuni\u00f3n entre el presidente del Consejo de Ministros de Per\u00fa, Gustavo Adrianz\u00e9n (izq.), Carlos Jornet, presidente de la Comisi\u00f3n de Libertad de Prensa e Informaci\u00f3n de la SIP, y Carlos Laur\u00eda, director ejecutivo de la SIP (der.). [Foto: Presidencia del Consejo de Ministros]<\/span><br \/>\n<\/figcaption><\/figure>\n<\/div>\n<p style=\"text-align: left;\">Sin embargo, Jornet manifest\u00f3 que la<strong> <\/strong>mirada del gobierno \u201cno dejaba de lado la responsabilidad institucional que tiene el poder ejecutivo de intentar calmar las aguas, apalancar los \u00e1nimos, de no hacer una permanente confrontaci\u00f3n con los medios, con palabras degrinatorias, con utilizar a la presidenta Dina Boluarte o acusando a los medios de la actual inconvivencia con la justicia\u201d.<\/p>\n<p style=\"text-align: left;\">Por su parte, el jueves, la presidenta del Foro Judicial del Per\u00fa, Janet Tello, suscribi\u00f3 las declaraciones de Chapultepec y Salta II, documentos que alertan sobre los problemas que enfrenta la libertad de prensa y de expresi\u00f3n en el pa\u00eds.<\/p>\n<p style=\"text-align: left;\">La SIP cont\u00f3 a la <em><strong>VOA<\/strong><\/em>  que, tras la reuni\u00f3n con la rama judicial, vieron \u201cun grado de apertura y de comprensi\u00f3n de la gravedad del momento\u201d. Pero, por parte del ejecutivo y el congreso, notaron \u201cuna minimizaci\u00f3n de la situaci\u00f3n. Una acusaci\u00f3n muy fuerte a los medios de comunicaci\u00f3n de estar hostigando del gobierno de que todos los d\u00edas hay cr\u00edticas\u201d.<\/p>\n<p style=\"text-align: left;\"><em><strong>La presidenta peruana critic\u00f3 el lunes a parte de la prensa local<\/strong><\/em>  por los cuestionamientos a su gesti\u00f3n. <em><strong>Boluarte ya hab\u00eda criticado a la fiscal\u00eda<\/strong><\/em>  de estar \u201cjugando en pared con esta mala prensa para dar un \u2018golpe de estado blanco\u2019\u00bb y de \u00abbuscar la desestabilizaci\u00f3n del gobierno\u201d.<\/p>\n<h3 class=\"wsw__h3\" style=\"text-align: left;\">Conclusiones y recomendaciones<\/h3>\n<p style=\"text-align: left;\">Tras la visita, que se desarroll\u00f3 de lunes a mi\u00e9rcoles, la SIP hizo una serie de recomendaciones. En el caso del poder judicial, se entabl\u00f3 la posibilidad de organizar seminarios conjuntos sobre la relaci\u00f3n entre medios de comunicaci\u00f3n y justicia, \u201cpara que los jueces y fiscales puedan tambi\u00e9n profundizar en los est\u00e1ndares interamericanos en materia de sentencias con orientaci\u00f3n a derechos humanos y la libertad de expresi\u00f3n y de prensa\u201d, dijo el vocero de la SIP.<\/p>\n<p style=\"text-align: left;\">As\u00ed mismo, la Sociedad afirm\u00f3 que continuar\u00e1 insistiendo, a nivel de distintos bloques parlamentarios, la responsabilidad del poder legislativo, como representante de la sociedad en general y de esas comunidades, no solo en la ciudades, sino en el sector rural donde est\u00e1n creciendo los desiertos informativos, debido a cierres y amenazas del crimen organizado.<\/p>\n<p style=\"text-align: left;\">El caso del Poder Ejecutivo, Jornet indic\u00f3 a la <em><strong>VOA<\/strong><\/em>  que har\u00e1n llegar recomendaciones puntuales e insistir\u00e1n en que se eviten las \u201cimputaciones\u201d a la prensa por parte de la presidenta, como de sus ministros, puesto que el lenguaje \u201cconfrontativo\u201d exhiben los funcionarios \u201cno es exclusivo de Per\u00fa\u201d, pero la\u201dtensa\u201d situaci\u00f3n que vive Per\u00fa \u201ces un aliciente m\u00e1s para incentivar la violencia contra medios de comunicaci\u00f3n y, sobre todo, para generar un descr\u00e9dito que termina alentando la posibilidad de diseminar desinformaci\u00f3n en la sociedad\u201d.<\/p>\n<p style=\"text-align: left;\">Salazar calific\u00f3 la visita de la SIP como \u201cnutrida\u201d, pues cont\u00f3 con la presencia de diversos actores del pa\u00eds y manifest\u00f3 que e una manera de que el Estado peruano sepa que la prensa no est\u00e1 est\u00e1 sola y que la comunidad internacional \u201cva a estar al tanto de todos los ataques, persecusiones y hostigamientos de parte del Estado a una prensa que no hace nada m\u00e1s que investigar\u201d.<\/p>\n<p style=\"text-align: left;\"><em><strong>\u00a1Con\u00e9ctate con la Voz de Am\u00e9rica! Suscr\u00edbete a nuestros canales de <\/strong><\/em><em><strong>YouTube<\/strong><\/em><em><strong>, <\/strong><\/em><em><strong>WhatsApp<\/strong><\/em><em><strong>  y al <\/strong><\/em><em><strong>hoja informativa<\/strong><\/em><em><strong>. Activa las notificaciones y s\u00edguenos en <\/strong><\/em><em><strong>Facebook<\/strong><\/em><em><strong>, <\/strong><\/em><a class=\"wsw__a\" href=\"https:\/\/nam10.safelinks.protection.outlook.com\/?url=https%3A%2F%2Ftwitter.com%2FVozdeAmerica&amp;data=05%7C02%7Cwserrano%40voanews.com%7C0b9cfda59f52447b0ed708dc07d64451%7Cba99e87c673541c2b1c1354eee3a8659%7C0%7C0%7C638393864063639904%7CUnknown%7CTWFpbGZsb3d8eyJWIjoiMC4wLjAwMDAiLCJQIjoiV2luMzIiLCJBTiI6Ik1haWwiLCJXVCI6Mn0%3D%7C3000%7C%7C%7C&amp;sdata=unLJDFixL8cjTiSip1dC8ViP8otjrQyzq1ziP2g1PMo%3D&amp;reserved=0\"><em><strong>inc\u00f3gnita<\/strong><\/em><\/a><em><strong>  mi <\/strong><\/em><em><strong>Instagram<\/strong><\/em><em><strong>.<\/strong><\/em><\/p>\n<\/div>\n<p><script async src=\"https:\/\/platform.twitter.com\/widgets.js\" charset=\"utf-8\"><\/script><script async src=\"\/\/www.instagram.com\/embed.js\"><\/script><br \/>\n<br \/>\n","protected":false},"excerpt":{"rendered":"<p>BOGOT\u00c1 \u2014 Despu\u00e9s de un trabajo de tres d\u00edas, en los que delegados de la Sociedad Interamericana de Prensa (SIP) se reunieron con representantes de los medios de comunicaci\u00f3n, agremiaciones period\u00edsticas, la academia y funcionarios del gobierno, la organizaci\u00f3n manifest\u00f3 que la situaci\u00f3n de la libertad de prensa y expresi\u00f3n en Per\u00fa es a\u00fan m\u00e1s &hellip;<\/p>\n","protected":false},"author":1,"featured_media":45446,"comment_status":"open","ping_status":"open","sticky":false,"template":"","format":"standard","meta":{"fifu_image_url":"https:\/\/gdb.voanews.com\/03a3a9dd-4eda-4cf1-0f0a-08dd5c8d307c_w1200_h630.jpg","fifu_image_alt":"","footnotes":""},"categories":[13],"tags":[],"class_list":["post-45444","post","type-post","status-publish","format-standard","has-post-thumbnail","","category-mundo"],"_links":{"self":[{"href":"https:\/\/noticiasveraces.com\/index.php?rest_route=\/wp\/v2\/posts\/45444","targetHints":{"allow":["GET"]}}],"collection":[{"href":"https:\/\/noticiasveraces.com\/index.php?rest_route=\/wp\/v2\/posts"}],"about":[{"href":"https:\/\/noticiasveraces.com\/index.php?rest_route=\/wp\/v2\/types\/post"}],"author":[{"embeddable":true,"href":"https:\/\/noticiasveraces.com\/index.php?rest_route=\/wp\/v2\/users\/1"}],"replies":[{"embeddable":true,"href":"https:\/\/noticiasveraces.com\/index.php?rest_route=%2Fwp%2Fv2%2Fcomments&post=45444"}],"version-history":[{"count":0,"href":"https:\/\/noticiasveraces.com\/index.php?rest_route=\/wp\/v2\/posts\/45444\/revisions"}],"wp:featuredmedia":[{"embeddable":true,"href":"https:\/\/noticiasveraces.com\/index.php?rest_route=\/wp\/v2\/media\/45446"}],"wp:attachment":[{"href":"https:\/\/noticiasveraces.com\/index.php?rest_route=%2Fwp%2Fv2%2Fmedia&parent=45444"}],"wp:term":[{"taxonomy":"category","embeddable":true,"href":"https:\/\/noticiasveraces.com\/index.php?rest_route=%2Fwp%2Fv2%2Fcategories&post=45444"},{"taxonomy":"post_tag","embeddable":true,"href":"https:\/\/noticiasveraces.com\/index.php?rest_route=%2Fwp%2Fv2%2Ftags&post=45444"}],"curies":[{"name":"wp","href":"https:\/\/api.w.org\/{rel}","templated":true}]}}