{"id":45433,"date":"2025-10-12T16:42:05","date_gmt":"2025-10-12T20:42:05","guid":{"rendered":"https:\/\/noticiasveraces.com\/?p=45433"},"modified":"2025-10-12T16:42:05","modified_gmt":"2025-10-12T20:42:05","slug":"francia-anuncia-la-nueva-composicion-del-gobierno","status":"publish","type":"post","link":"https:\/\/noticiasveraces.com\/?p=45433","title":{"rendered":"Francia anuncia la nueva composici\u00f3n del Gobierno"},"content":{"rendered":"<p> \n<\/p>\n<div>\n<p>S\u00e9bastien Lecornu, quien fue nombrado\u00a0de nuevo como primer ministro de Francia el viernes por el presidente Emmanuel Macron luego de dimitir a principios de esta semana, <strong>form\u00f3 su nuevo Gobierno<\/strong> esta jornada, recoge\u00a0BFMTV.<\/p>\n<p>La lista completa de los titulares de las carteras fue dada a conocer por el El\u00edseo. El nuevo Gobierno, estar\u00e1 compuesto por<strong> un total de 34 ministros<\/strong>de los cuales 15 son ministros delegados.<\/p>\n<p>Entre los nombramientos m\u00e1s importantes, se encuentra el de <strong>Roland Lescure<\/strong>aliado cercano de Macron, quien conserv\u00f3 el puesto como ministro de Finanzas del pa\u00eds, en un momento en el que el Gobierno se encuentra bajo una intensa presi\u00f3n para aprobar el presupuesto de 2026 con un Parlamento profundamente dividido, recoge\u00a0Reuters.<\/p>\n<div class=\"ReadMore-root Section-root Section-is1to3-xs_is1to1\" data-widgets=\"ReadMore\">\n<div class=\"Section-container Section-isRow-isTop-isWrap\">\n<article class=\"Card-root Card-is1to1 Card-default \">\n<div class=\"Card-imageWrap\">\n<div class=\"Card-picture\">\n<picture class=\"Picture-root Picture-default\"><!--[if IE 9]><video style=\"display: none;\"><![endif]--><source media=\"(-webkit-min-device-pixel-ratio: 2) and (min-resolution: 120dpi)\" data-srcset=\"&#10;                                            https:\/\/mf.b37mrtl.ru\/actualidad\/public_images\/2025.10\/thumbnail\/68ea0737e9ff71656f3b4fca.jpg 850w,&#10;                                    https:\/\/mf.b37mrtl.ru\/actualidad\/public_images\/2025.10\/article\/68ea0737e9ff71656f3b4fca.jpg 1960w,            \" srcset=\"&#10;                                    data:image\/png;base64,iVBORw0KGgoAAAANSUhEUgAAABAAAAAJCAQAAACRI2S5AAAAEElEQVR42mNkIAAYRxWAAQAG9gAKqv6+AwAAAABJRU5ErkJggg==&#10;                            \"><source data-srcset=\"&#10;                                            https:\/\/mf.b37mrtl.ru\/actualidad\/public_images\/2025.10\/thumbnail\/68ea0737e9ff71656f3b4fca.jpg 460,&#10;                                  https:\/\/mf.b37mrtl.ru\/actualidad\/public_images\/2025.10\/article\/68ea0737e9ff71656f3b4fca.jpg 980w,&#10;            \" srcset=\"&#10;                                    data:image\/png;base64,iVBORw0KGgoAAAANSUhEUgAAABAAAAAJCAQAAACRI2S5AAAAEElEQVR42mNkIAAYRxWAAQAG9gAKqv6+AwAAAABJRU5ErkJggg==&#10;                            \"><!--[if IE 9]><\/video><![endif]--><img decoding=\"async\" data-sizes=\"auto\" src=\"&#10;                                    data:image\/png;base64,iVBORw0KGgoAAAANSUhEUgAAABAAAAAJCAQAAACRI2S5AAAAEElEQVR42mNkIAAYRxWAAQAG9gAKqv6+AwAAAABJRU5ErkJggg==&#10;                            \" class=\"Picture-root Picture-default lazyload\" data-src=\"https:\/\/mf.b37mrtl.ru\/actualidad\/public_images\/2025.10\/thumbnail\/68ea0737e9ff71656f3b4fca.jpg\" alt=\"&quot;Enganche sin futuro&quot;: L\u00edder de partido franc\u00e9s carga contra el nuevo gobierno\"\/><\/source><\/source><\/picture><!-- noscript pattern --><img decoding=\"async\" src=\"https:\/\/mf.b37mrtl.ru\/actualidad\/public_images\/2025.10\/article\/68ea0737e9ff71656f3b4fca.jpg\" alt=\"&quot;Enganche sin futuro&quot;: L\u00edder de partido franc\u00e9s carga contra el nuevo gobierno\"\/>    <\/div>\n<\/p><\/div>\n<\/article><\/div>\n<\/p><\/div>\n<p>Otros nombramientos a destacar son los de Catherine Vautrin como ministra de las Fuerzas Armadas, G\u00e9rald Darmanin de Justicia y Jean-Noel Barrot de Exteriores.\u00a0\u00abEl presidente de la Republica reunir\u00e1 a todos los miembros del Gobierno para celebrar un Consejo de Ministros el martes 14 de octubre\u00bb, se lee al final del comunicado\u00a0anunciando los nombramientos.<\/p>\n<p>Poco despu\u00e9s del anuncio, Lecornu afirm\u00f3 a trav\u00e9s de su cuenta de X que se ha nombrado \u00abun Gobierno de misi\u00f3n para elaborar un presupuesto para Francia<strong> antes de que finalice el a\u00f1o<\/strong>\u00ab.<\/p>\n<p>Asimismo, agradeci\u00f3 \u00aba las mujeres y los hombres que se comprometen con este Gobierno con total libertad, m\u00e1s all\u00e1 de intereses personales y partidistas. <strong>Solo importa una cosa: el inter\u00e9s del pa\u00eds<\/strong>\u00ab, a\u00f1adi\u00f3.<\/p>\n<p>Por otra parte,\u00a0seg\u00fan un comunicado compartido\u00a0con AFP, todos los titulares afiliados al partido Los Republicanos (LR) que aceptaron formar parte del segundo Gobierno de Lecornu <strong>han sido expulsados<\/strong> de la formaci\u00f3n pol\u00edtica.<\/p>\n<ul>\n<li>Tras la renuncia de Lecornu, diputados y l\u00edderes de partidos franceses han intensificado sus<strong> exigencias de\u00a0dimisi\u00f3n\u00a0de Macron<\/strong>y han instado a convocar elecciones parlamentarias anticipadas, afirmando que no existe otra salida a la crisis.<\/li>\n<li>La inestabilidad de la pol\u00edtica francesa ha ido en aumento debido a la falta de un partido o grupo con mayor\u00eda parlamentaria. En junio del 2024, cuando el mandatario decidi\u00f3\u00a0disolver\u00a0la Asamblea Nacional, que desemboc\u00f3 en la celebraci\u00f3n de elecciones legislativas, se produjo una <strong>fragmentaci\u00f3n del poder legislativo<\/strong> y se agrav\u00f3 la crisis, ya que ninguno de los principales bloques pol\u00edticos logr\u00f3 la mayor\u00eda absoluta.<\/li>\n<\/ul>\n<\/div>\n\n","protected":false},"excerpt":{"rendered":"<p>S\u00e9bastien Lecornu, quien fue nombrado\u00a0de nuevo como primer ministro de Francia el viernes por el presidente Emmanuel Macron luego de dimitir a principios de esta semana, form\u00f3 su nuevo Gobierno esta jornada, recoge\u00a0BFMTV. La lista completa de los titulares de las carteras fue dada a conocer por el El\u00edseo. El nuevo Gobierno, estar\u00e1 compuesto por &hellip;<\/p>\n","protected":false},"author":1,"featured_media":45435,"comment_status":"open","ping_status":"open","sticky":false,"template":"","format":"standard","meta":{"fifu_image_url":"https:\/\/mf.b37mrtl.ru\/actualidad\/public_images\/2025.10\/article\/68ec0ec659bf5b1e224a23c4.jpg","fifu_image_alt":"","footnotes":""},"categories":[13],"tags":[],"class_list":["post-45433","post","type-post","status-publish","format-standard","has-post-thumbnail","","category-mundo"],"_links":{"self":[{"href":"https:\/\/noticiasveraces.com\/index.php?rest_route=\/wp\/v2\/posts\/45433","targetHints":{"allow":["GET"]}}],"collection":[{"href":"https:\/\/noticiasveraces.com\/index.php?rest_route=\/wp\/v2\/posts"}],"about":[{"href":"https:\/\/noticiasveraces.com\/index.php?rest_route=\/wp\/v2\/types\/post"}],"author":[{"embeddable":true,"href":"https:\/\/noticiasveraces.com\/index.php?rest_route=\/wp\/v2\/users\/1"}],"replies":[{"embeddable":true,"href":"https:\/\/noticiasveraces.com\/index.php?rest_route=%2Fwp%2Fv2%2Fcomments&post=45433"}],"version-history":[{"count":0,"href":"https:\/\/noticiasveraces.com\/index.php?rest_route=\/wp\/v2\/posts\/45433\/revisions"}],"wp:featuredmedia":[{"embeddable":true,"href":"https:\/\/noticiasveraces.com\/index.php?rest_route=\/wp\/v2\/media\/45435"}],"wp:attachment":[{"href":"https:\/\/noticiasveraces.com\/index.php?rest_route=%2Fwp%2Fv2%2Fmedia&parent=45433"}],"wp:term":[{"taxonomy":"category","embeddable":true,"href":"https:\/\/noticiasveraces.com\/index.php?rest_route=%2Fwp%2Fv2%2Fcategories&post=45433"},{"taxonomy":"post_tag","embeddable":true,"href":"https:\/\/noticiasveraces.com\/index.php?rest_route=%2Fwp%2Fv2%2Ftags&post=45433"}],"curies":[{"name":"wp","href":"https:\/\/api.w.org\/{rel}","templated":true}]}}