{"id":45422,"date":"2025-10-12T15:13:33","date_gmt":"2025-10-12T19:13:33","guid":{"rendered":"https:\/\/noticiasveraces.com\/?p=45422"},"modified":"2025-10-12T15:13:33","modified_gmt":"2025-10-12T19:13:33","slug":"generacion-z-rechaza-a-jose-jeri-como-presidente-autoproclamado","status":"publish","type":"post","link":"https:\/\/noticiasveraces.com\/?p=45422","title":{"rendered":"Generaci\u00f3n Z rechaza a Jos\u00e9 Jer\u00ed como \u201cpresidente autoproclamado\u201d"},"content":{"rendered":"<p> \n<\/p>\n<div data-td-block-uid=\"tdi_109\">\n<div class=\"tdb-block-inner td-fix-index\">\n<p>El movimiento Generaci\u00f3n Z de Per\u00fa convoc\u00f3 a la ciudadan\u00eda a una \u201cinsurgencia pac\u00edfica y masiva\u201d este domingo y el pr\u00f3ximo mi\u00e9rcoles por todo el pa\u00eds, con el fin de \u201crechazar categ\u00f3ricamente al autoproclamado \u2018presidente\u2019 de la Rep\u00fablica\u201d.<\/p>\n<p>El nuevo presidente interino, Jos\u00e9 Jer\u00ed, asumi\u00f3 el cargo tras la destituci\u00f3n express de Dina Boluarte por el Congreso, por \u201cpermanente incapacidad moral\u201d, en medio de una ola de inseguridad que azota al pa\u00eds.<\/p>\n<p>\u201cNo reconocemos a esta persona como nuestro representante leg\u00edtimo. Estamos convencidos de que la mayor\u00eda del pueblo peruano comparte nuestro sentir y repudio. Conocemos tu historial, Jos\u00e9 Jer\u00ed, y los valores que representas\u201d, escribi\u00f3 el colectivo juvenil en un comunicado.<\/p>\n<p>Cuestionaron que Jer\u00ed, quien fue denunciado por la Fiscal\u00eda a fines de 2024, nada menos que por abusos sexuales, de \u201cinmoral, manchado y no digno\u201d, est\u00e9 al frente del Estado.<br \/>La Generaci\u00f3n Z peruana tambi\u00e9n se neg\u00f3 a reconocer al Parlamento en su composici\u00f3n actual, que seg\u00fan ellos, \u201cha traicionado la voluntad del pueblo\u201d.<\/p>\n<p>Adem\u00e1s, responsabilizaron a Keiko Fujimori, \u201cinvestigada como presunta cabecilla de una organizaci\u00f3n criminal\u201d, de encabezar \u201ceste pacto que mantiene el impune secuestro pol\u00edtico del pa\u00eds\u201d.<\/p>\n<p>Invitando a todos los peruanos a \u201cunirse a esta marcha hist\u00f3rica para exigir un cambio verdadero\u201d, instaron a la Polic\u00eda Nacional de Per\u00fa y a las Fuerzas Armadas a que no levanten sus armas contra los manifestantes y que act\u00faen \u201cen favor del pueblo y no de estos corruptos\u201d.<\/p>\n<p>EEUU expres\u00f3 su compromiso a trabajar \u201cde manera productiva\u201d con el nuevo presidente interino, para ayudar a la estabilidad del pa\u00eds.<\/p>\n<\/div>\n<\/div>\n\n","protected":false},"excerpt":{"rendered":"<p>El movimiento Generaci\u00f3n Z de Per\u00fa convoc\u00f3 a la ciudadan\u00eda a una \u201cinsurgencia pac\u00edfica y masiva\u201d este domingo y el pr\u00f3ximo mi\u00e9rcoles por todo el pa\u00eds, con el fin de \u201crechazar categ\u00f3ricamente al autoproclamado \u2018presidente\u2019 de la Rep\u00fablica\u201d. El nuevo presidente interino, Jos\u00e9 Jer\u00ed, asumi\u00f3 el cargo tras la destituci\u00f3n express de Dina Boluarte por &hellip;<\/p>\n","protected":false},"author":1,"featured_media":45423,"comment_status":"open","ping_status":"open","sticky":false,"template":"","format":"standard","meta":{"fifu_image_url":"https:\/\/ultimasnoticias.com.ve\/wp-content\/uploads\/2025\/10\/68ea8311e9ff7111ab47a124.jpg","fifu_image_alt":"","footnotes":""},"categories":[4],"tags":[],"class_list":["post-45422","post","type-post","status-publish","format-standard","has-post-thumbnail","","category-historias-destacadas"],"_links":{"self":[{"href":"https:\/\/noticiasveraces.com\/index.php?rest_route=\/wp\/v2\/posts\/45422","targetHints":{"allow":["GET"]}}],"collection":[{"href":"https:\/\/noticiasveraces.com\/index.php?rest_route=\/wp\/v2\/posts"}],"about":[{"href":"https:\/\/noticiasveraces.com\/index.php?rest_route=\/wp\/v2\/types\/post"}],"author":[{"embeddable":true,"href":"https:\/\/noticiasveraces.com\/index.php?rest_route=\/wp\/v2\/users\/1"}],"replies":[{"embeddable":true,"href":"https:\/\/noticiasveraces.com\/index.php?rest_route=%2Fwp%2Fv2%2Fcomments&post=45422"}],"version-history":[{"count":0,"href":"https:\/\/noticiasveraces.com\/index.php?rest_route=\/wp\/v2\/posts\/45422\/revisions"}],"wp:featuredmedia":[{"embeddable":true,"href":"https:\/\/noticiasveraces.com\/index.php?rest_route=\/wp\/v2\/media\/45423"}],"wp:attachment":[{"href":"https:\/\/noticiasveraces.com\/index.php?rest_route=%2Fwp%2Fv2%2Fmedia&parent=45422"}],"wp:term":[{"taxonomy":"category","embeddable":true,"href":"https:\/\/noticiasveraces.com\/index.php?rest_route=%2Fwp%2Fv2%2Fcategories&post=45422"},{"taxonomy":"post_tag","embeddable":true,"href":"https:\/\/noticiasveraces.com\/index.php?rest_route=%2Fwp%2Fv2%2Ftags&post=45422"}],"curies":[{"name":"wp","href":"https:\/\/api.w.org\/{rel}","templated":true}]}}