{"id":45382,"date":"2025-10-12T07:44:50","date_gmt":"2025-10-12T11:44:50","guid":{"rendered":"https:\/\/noticiasveraces.com\/?p=45382"},"modified":"2025-10-12T07:44:50","modified_gmt":"2025-10-12T11:44:50","slug":"activistas-de-dd-hh-en-venezuela-ven-el-nobel-a-maria-corina-machado-como-un-respaldo-a-la-lucha-por-un-cambio","status":"publish","type":"post","link":"https:\/\/noticiasveraces.com\/?p=45382","title":{"rendered":"Activistas de DD HH en Venezuela ven el Nobel a Mar\u00eda Corina Machado como un respaldo a la lucha por un cambio"},"content":{"rendered":"<p> \n<\/p>\n<div id=\"\">\n<div class=\"image-featured\">\n<img src=\"data:image\/png;base64,iVBORw0KGgoAAAANSUhEUgAABQAAAAM0AQAAAADMpLLbAAAAAnRSTlMAAHaTzTgAAACXSURBVHja7cEBDQAAAMKg909tDjegAAAAAAAAAAAAAAAAAAAAAAAAAAAAAAAAAAAAAAAAAAAAAAAAAAAAAAAAAAAAAAAAAAAAAAAAAAAAAAAAAAAAAAAAAAAAAAAAAAAAAAAAAAAAAAAAAAAAAAAAAAAAAAAAAAAAAAAAAAAAAAAAAAAAAAAAAAAAAAAAAAAAAAAAAIBHAwPSAAE+faf2AAAAAElFTkSuQmCC\" alt=\"Mar\u00eda-Corina-Machado-\" data-src=\"https:\/\/elnacional-uploads.nyc3.digitaloceanspaces.com\/wp-content\/uploads\/2025\/10\/12073328\/Maria-Corina-Machado--1280x820.jpg\" decoding=\"async\" class=\"lazyload\" data-eio-rwidth=\"1280\" data-eio-rheight=\"820\"\/><img decoding=\"async\" src=\"https:\/\/elnacional-uploads.nyc3.digitaloceanspaces.com\/wp-content\/uploads\/2025\/10\/12073328\/Maria-Corina-Machado--1280x820.jpg\" alt=\"Mar\u00eda-Corina-Machado-\" data-eio=\"l\"\/><figcaption>Mar\u00eda Corina Machado, Nobel de la Paz 2025. Foto: Instagram Mar\u00eda Corina Machado<\/figcaption><\/div>\n<p><strong>Activistas de derechos humanos de Venezuela celebraron este s\u00e1bado el Premio Nobel de la Paz 2025 otorgado a la l\u00edder opositora Mar\u00eda Corina Machado<\/strong>al considerarlo tambi\u00e9n como un respaldo y un reconocimiento a la lucha por \u00abun cambio\u00bb en el pa\u00eds.<\/p>\n<p>Diego Casanova, miembro del Comit\u00e9 por la Libertad de los Presos Pol\u00edticos (Clipp), dijo a EFE que el galard\u00f3n \u00abrepresenta un gesto tambi\u00e9n de apoyo, de solidaridad y de reconocimiento a todos esos meses, incluso ya m\u00e1s de un a\u00f1o de lucha para buscar que Venezuela retome un camino constitucional y democr\u00e1tico\u00bb y que, en ese sentido, las instituciones del pa\u00eds \u00abse pongan al servicio del pueblo\u00bb.<\/p>\n<figure class=\"wp-block-video\"><video controls=\"\" src=\"https:\/\/elnacional-uploads.nyc3.digitaloceanspaces.com\/wp-content\/uploads\/2025\/10\/12072907\/35841440-2274-40ec-9ba1-f0ff7468b8b0-hd-web.mp4\"\/><figcaption class=\"wp-element-caption\">Activistas venezolanos hablan del Premio Nobel de la Paz a Mar\u00eda Corina Machado. Video: EFE<\/figcaption><\/figure>\n<p>\u00abNunca han debido estar de espaldas al pueblo.<strong> Hoy, lamentablemente, las instituciones del pa\u00eds no est\u00e1n siguiendo el mandato del soberano que, en este caso, es el pueblo de Venezuela\u00bb<\/strong>expres\u00f3.<\/p>\n<h2 class=\"wp-block-heading\" id=\"h-nobel-de-la-paz-a-maria-corina-machado-un-faro-de-esperanza\">Nobel de la Paz a Mar\u00eda Corina Machado, un faro de esperanza<\/h2>\n<p>El activista asegur\u00f3 que el pueblo venezolano ha sufrido demasiado y busca tener de verdad un pa\u00eds de reencuentro, de justicia y de libertad para poder vivir y, por supuesto, tener dignidad.<\/p>\n<p><strong>\u00abEs un espaldarazo tambi\u00e9n a la lucha pac\u00edfica y constitucional que hemos emprendido los venezolanos durante todo este tiempo buscando canales para salir de la situaci\u00f3n en la que estamos<\/strong>en donde no se respetan los derechos humanos y la represi\u00f3n es cada vez m\u00e1s brutal contra todos los sectores de la sociedad\u00bb, agreg\u00f3.<\/p>\n<p>La activista Andre\u00edna Baduel tambi\u00e9n considera, seg\u00fan dijo a EFE, que el premio reconoce el \u00abtalante de quienes han luchado por la dignidad y la democracia en Venezuela\u00bb a trav\u00e9s de \u00abacciones pac\u00edficas y en el marco de la ley\u00bb ante la que se\u00f1al\u00f3 como \u00abla necesidad de un cambio\u00bb.<\/p>\n<p>\u00abEs un premio que celebramos y hacemos nuestro porque, adem\u00e1s, eso tambi\u00e9n es un acompa\u00f1amiento para los venezolanos. <strong>Esto tiene que marcar un antes y un despu\u00e9s, y sin duda alguna va a sumar a muchas causas, como la de los presos pol\u00edticos\u00bb<\/strong>a\u00f1adi\u00f3.<\/p>\n<h2 class=\"wp-block-heading\" id=\"h-piden-a-proximos-santos-venezolanos-por-la-liberacion-de-presos-politicos\">Piden a pr\u00f3ximos santos venezolanos por la liberaci\u00f3n de presos pol\u00edticos<\/h2>\n<p>Ambos participaron este s\u00e1bado en una jornada de oraci\u00f3n en una plaza de Caracas para pedir que la canonizaci\u00f3n, el pr\u00f3ximo 19 de octubre, de quienes ser\u00e1n los dos primeros santos venezolanos, el m\u00e9dico Jos\u00e9 Gregorio Hern\u00e1ndez y la religiosa Carmen Rendiles, se celebre sin que haya presos pol\u00edticos en el pa\u00eds suramericano.<\/p>\n<p>El Comit\u00e9 Nobel noruego, con sede en Oslo, anunci\u00f3 el viernes que Machado es la ganadora del Nobel de la Paz 2025 \u00abpor su incansable labor en la promoci\u00f3n de los derechos democr\u00e1ticos del pueblo venezolano y por su lucha por lograr una transici\u00f3n justa y pac\u00edfica de la dictadura a la democracia\u00bb.<\/p>\n<p>La exdiputada, quien dedic\u00f3 el premio a sus connacionales y al presidente de EE.UU., Donald Trump, por su apoyo a la causa de la oposici\u00f3n, afirm\u00f3 que el mayor homenaje a Alfred Nobel, el magnate sueco creador del Nobel de la Paz, ser\u00e1 garantizar la \u00abtransici\u00f3n a la democracia\u00bb en Venezuela, donde el antichavismo sostiene que hubo \u00abfraude\u00bb en las presidenciales de 2024, en las que el ente electoral proclam\u00f3 la victoria de Nicol\u00e1s Maduro.<\/p>\n<p>El premio, seg\u00fan la opositora, es \u00abun impulso \u00fanico que inyecta energ\u00eda y confianza en los venezolanos, dentro y fuera del pa\u00eds, para completar\u00bb la tarea de \u00abconquistar la libertad\u00bb en la naci\u00f3n.<\/p>\n<\/div>\n\n","protected":false},"excerpt":{"rendered":"<p>Mar\u00eda Corina Machado, Nobel de la Paz 2025. Foto: Instagram Mar\u00eda Corina Machado Activistas de derechos humanos de Venezuela celebraron este s\u00e1bado el Premio Nobel de la Paz 2025 otorgado a la l\u00edder opositora Mar\u00eda Corina Machadoal considerarlo tambi\u00e9n como un respaldo y un reconocimiento a la lucha por \u00abun cambio\u00bb en el pa\u00eds. Diego &hellip;<\/p>\n","protected":false},"author":1,"featured_media":45384,"comment_status":"open","ping_status":"open","sticky":false,"template":"","format":"standard","meta":{"fifu_image_url":"https:\/\/elnacional-uploads.nyc3.digitaloceanspaces.com\/wp-content\/uploads\/2025\/10\/12073328\/Maria-Corina-Machado-.jpg","fifu_image_alt":"","footnotes":""},"categories":[13],"tags":[],"class_list":["post-45382","post","type-post","status-publish","format-standard","has-post-thumbnail","","category-mundo"],"_links":{"self":[{"href":"https:\/\/noticiasveraces.com\/index.php?rest_route=\/wp\/v2\/posts\/45382","targetHints":{"allow":["GET"]}}],"collection":[{"href":"https:\/\/noticiasveraces.com\/index.php?rest_route=\/wp\/v2\/posts"}],"about":[{"href":"https:\/\/noticiasveraces.com\/index.php?rest_route=\/wp\/v2\/types\/post"}],"author":[{"embeddable":true,"href":"https:\/\/noticiasveraces.com\/index.php?rest_route=\/wp\/v2\/users\/1"}],"replies":[{"embeddable":true,"href":"https:\/\/noticiasveraces.com\/index.php?rest_route=%2Fwp%2Fv2%2Fcomments&post=45382"}],"version-history":[{"count":0,"href":"https:\/\/noticiasveraces.com\/index.php?rest_route=\/wp\/v2\/posts\/45382\/revisions"}],"wp:featuredmedia":[{"embeddable":true,"href":"https:\/\/noticiasveraces.com\/index.php?rest_route=\/wp\/v2\/media\/45384"}],"wp:attachment":[{"href":"https:\/\/noticiasveraces.com\/index.php?rest_route=%2Fwp%2Fv2%2Fmedia&parent=45382"}],"wp:term":[{"taxonomy":"category","embeddable":true,"href":"https:\/\/noticiasveraces.com\/index.php?rest_route=%2Fwp%2Fv2%2Fcategories&post=45382"},{"taxonomy":"post_tag","embeddable":true,"href":"https:\/\/noticiasveraces.com\/index.php?rest_route=%2Fwp%2Fv2%2Ftags&post=45382"}],"curies":[{"name":"wp","href":"https:\/\/api.w.org\/{rel}","templated":true}]}}