{"id":45345,"date":"2025-10-12T00:04:49","date_gmt":"2025-10-12T04:04:49","guid":{"rendered":"https:\/\/noticiasveraces.com\/?p=45345"},"modified":"2025-10-12T00:04:49","modified_gmt":"2025-10-12T04:04:49","slug":"como-esta-reaccionando-estados-unidos-ante-el-premio-nobel-de-maria-corina","status":"publish","type":"post","link":"https:\/\/noticiasveraces.com\/?p=45345","title":{"rendered":"C\u00f3mo est\u00e1 reaccionando Estados Unidos ante el Premio Nobel de Mar\u00eda Corina"},"content":{"rendered":"<p> \n<\/p>\n<div>\n<p>Al leer las noticias esta ma\u00f1ana, muchas personas en Estados Unidos est\u00e1n registrando el nombre de Mar\u00eda Corina Machado por primera vez. Si bien la mayor\u00eda de los estadounidenses no tienen idea de qui\u00e9n es ella, eso no significa que el hecho de que gane el Premio Nobel de la Paz no tendr\u00e1 consecuencias para el p\u00fablico estadounidense.<\/p>\n<p>Hoy en d\u00eda, la pol\u00edtica estadounidense es reaccionaria y la mayor\u00eda de las estrategias de republicanos y dem\u00f3cratas por igual se formulan como anticipaci\u00f3n o reacci\u00f3n ante el presidente Trump. Hasta ahora, Bloomberg informa que Trump llam\u00f3 a Machado y tambi\u00e9n volvi\u00f3 a publicar su tweet de reacci\u00f3n inicial en Truth Social. Machado confirmado al peri\u00f3dico espa\u00f1ol <em>El Pa\u00eds<\/em> que tuvieron una conversaci\u00f3n. Luego, el viernes por la noche, Trump dijo que Mar\u00eda Corina le dijo que recibir\u00eda el premio en honor del presidente y que \u00e9l se lo merec\u00eda.<\/p>\n<p>\u00abEs algo muy lindo de hacer. No lo hice, no dije: &#8216;Entonces d\u00e1melo&#8217;, aunque creo que ella podr\u00eda haberlo hecho. Fue muy amable\u00bb, dijo Trump. \u00abLa he estado ayudando en el camino. Necesitan mucha ayuda en Venezuela, es un desastre b\u00e1sico. Entonces, tambi\u00e9n se podr\u00eda decir que se otorg\u00f3 para 2024 y yo me postul\u00e9 para el cargo en 2024\u00bb.<\/p>\n<p>Christopher Landau, el subsecretario de Estado, felicit\u00f3 a Machado y elogi\u00f3 su gracia y clase agradeciendo a Donald Trump antes de finalizar con un &#8216;\u00a1Viva Venezuela libre!&#8217; Marco Rubio, el superior directo de Landau, no ha dicho una palabra todav\u00eda, pero volvi\u00f3 a publicar el mensaje en ingl\u00e9s de Machado despu\u00e9s de que se supo la noticia, donde agradeci\u00f3 al presidente Trump. Rubio estuvo entre varios legisladores que nominaron a Machado al premio en 2024, cuando a\u00fan era senador. Se le considera el partidario m\u00e1s ferviente de Machado en la administraci\u00f3n Trump.<\/p>\n<blockquote class=\"wp-block-quote is-layout-flow wp-block-quote-is-layout-flow\">\n<p>\u201cEl Comit\u00e9 del Nobel demostr\u00f3 que anteponen la pol\u00edtica a la paz\u201d, public\u00f3 un portavoz de la Casa Blanca como reacci\u00f3n oficial inmediata.<\/p>\n<\/blockquote>\n<p>Obama envi\u00f3 felicitaciones, al igual que los dem\u00f3cratas en el Comit\u00e9 de Relaciones Exteriores. Tony Blinken hizo lo mismo y dijo que era un privilegio trabajar con el l\u00edder de la oposici\u00f3n durante su mandato como Secretario de Estado durante la administraci\u00f3n Biden.<\/p>\n<p>Si bien las reacciones iniciales a la victoria de Machado por parte de destacados funcionarios electos republicanos y dem\u00f3cratas han sido abrumadoramente positivas, a\u00fan est\u00e1 por verse si este apoyo bipartidista conducir\u00e1 o no a la acci\u00f3n.<\/p>\n<p>\u201cEl Comit\u00e9 del Nobel demostr\u00f3 que anteponen la pol\u00edtica a la paz\u201d, escribi\u00f3 Steven Cheung, asesor de Trump y director de comunicaciones de la Casa Blanca, como reacci\u00f3n oficial inmediata. Trump \u201cseguir\u00e1 haciendo acuerdos de paz, poniendo fin a las guerras y salvando vidas\u201d, escribi\u00f3. \u00abTiene el coraz\u00f3n de un humanitario y nunca habr\u00e1 nadie como \u00e9l que pueda mover monta\u00f1as con la pura fuerza de su voluntad\u00bb.<\/p>\n<p>El enviado especial de Trump, Richard Grenell, quien ha promovido las negociaciones con la administraci\u00f3n de Nicol\u00e1s Maduro, tambi\u00e9n expres\u00f3 su descontento y tuite\u00f3: \u201cEl Premio Nobel muri\u00f3 hace a\u00f1os\u201d.<\/p>\n<p>Aqu\u00ed hay dos escenarios posibles de c\u00f3mo se pueden desarrollar las cosas:<\/p>\n<h3 class=\"wp-block-heading\"><strong>Escenario A<\/strong><\/h3>\n<p>Donald est\u00e1 enojado porque no gan\u00f3 (esto ya lo sabemos). Este enojo lo lleva a retirar la presi\u00f3n a Maduro. Esto podr\u00eda incluir retirar las fuerzas militares estadounidenses del Caribe y trasladar la \u201cGuerra contra las Drogas\u201d a otros lugares (por ejemplo, M\u00e9xico).<\/p>\n<p><span style=\"text-decoration: underline;\">Probabilidad:<\/span> Improbable. La movilizaci\u00f3n caribe\u00f1a ha sido presentada como parte de una operaci\u00f3n mucho m\u00e1s amplia relacionada con la Guerra contra las Drogas.<\/p>\n<p><span style=\"text-decoration: underline;\">\u00bfCu\u00e1l ser\u00eda la medida de los republicanos?<\/span> Los republicanos podr\u00edan volver a su posici\u00f3n de \u201cno nuevas guerras\u201d y seguir el camino aislacionista, donde Venezuela no ser\u00eda m\u00e1s que un bal\u00f3n de f\u00fatbol pol\u00edtico. Bajo este escenario, Marco Rubio ser\u00eda humillado, e incluso podr\u00eda ser despedido o decidir dejar el gobierno para competir por la gobernaci\u00f3n de Florida.<\/p>\n<p><span style=\"text-decoration: underline;\">\u00bfCu\u00e1l ser\u00eda la medida de los dem\u00f3cratas?<\/span> A los dem\u00f3cratas les resultar\u00eda f\u00e1cil venderle a la gente la idea de que Estados Unidos no deber\u00eda intervenir en asuntos exteriores y que los problemas venezolanos tienen que ver exclusivamente con Venezuela. Los venezolanos en Estados Unidos se sentir\u00edan alienados, pero las matem\u00e1ticas electorales estadounidenses tal vez no se vean muy afectadas.<\/p>\n<h3 class=\"wp-block-heading\"><strong>Escenario B<\/strong><\/h3>\n<p>Donald est\u00e1 enojado porque no gan\u00f3 (esto ya lo sabemos). Esta ira lo lleva a buscar una manera de seguir haciendo que esta noticia se refiera a \u00e9l \u201cganando\u201d de una forma u otra. \u00bfQu\u00e9 ser\u00eda m\u00e1s parecido a Trump que intentar superar al ganador del Premio Nobel de la Paz? Algo como: Puede que hayas ganado el Premio de la Paz, pero ser\u00e9 yo quien consiga que Maduro se vaya. Incluso el propio tweet de Mar\u00eda Corina reaccionando a su victoria parece anticipar esta l\u00ednea de pensamiento.<\/p>\n<p>En este escenario, Trump podr\u00eda utilizar la victoria de Machado para dar legitimidad y obtener apoyo para futuras intervenciones en el Caribe, incluido quiz\u00e1s un ataque terrestre en Venezuela (cuya idea ya ha sido descartada). <\/p>\n<p><span style=\"text-decoration: underline;\">Probabilidad:<\/span> Es dif\u00edcil saberlo. Si bien es 99% seguro que Trump har\u00e1 todo esto en torno a \u00e9l, c\u00f3mo lo har\u00e1 es, en el mejor de los casos, impredecible.<\/p>\n<p><span style=\"text-decoration: underline;\">\u00bfCu\u00e1l ser\u00eda la medida de los republicanos?<\/span> En este escenario, los halcones republicanos se envalentonar\u00edan. Marco Rubio obtendr\u00eda un reconocimiento significativo, lo que lo motivar\u00eda a\u00fan m\u00e1s a postularse para el cargo en 2028. Los libertarios como Rand Paul y sus aliados quedar\u00edan a\u00fan m\u00e1s marginados, pero es poco probable que cause muchos problemas al Partido Republicano.<\/p>\n<p><span style=\"text-decoration: underline;\">\u00bfCu\u00e1l ser\u00eda la medida de los dem\u00f3cratas?<\/span> Puede que a los dem\u00f3cratas les resulte dif\u00edcil argumentar en contra de la defensa de un ganador del Premio Nobel de la Paz. Por lo tanto, pueden seguir el juego o tratar de desviar la atenci\u00f3n del tema. Los elementos m\u00e1s extremistas del partido probablemente se\u00f1alar\u00e1n los posibles acuerdos petroleros y har\u00e1n comparaciones con Irak.<\/p>\n<p>\u00bfQu\u00e9 depara el futuro cercano para las relaciones entre Estados Unidos y Venezuela? Es dif\u00edcil de decir. Pero una cosa es segura: esta no ser\u00e1 la \u00faltima vez que Venezuela aparecer\u00e1 en los titulares de Estados Unidos en las pr\u00f3ximas semanas.<\/p>\n<\/p><\/div>\n\n","protected":false},"excerpt":{"rendered":"<p>Al leer las noticias esta ma\u00f1ana, muchas personas en Estados Unidos est\u00e1n registrando el nombre de Mar\u00eda Corina Machado por primera vez. Si bien la mayor\u00eda de los estadounidenses no tienen idea de qui\u00e9n es ella, eso no significa que el hecho de que gane el Premio Nobel de la Paz no tendr\u00e1 consecuencias para &hellip;<\/p>\n","protected":false},"author":1,"featured_media":45346,"comment_status":"open","ping_status":"open","sticky":false,"template":"","format":"standard","meta":{"fifu_image_url":"https:\/\/www.caracaschronicles.com\/wp-content\/uploads\/2025\/10\/MCMreactsUSDJT-scaled.png","fifu_image_alt":"","footnotes":""},"categories":[13],"tags":[],"class_list":["post-45345","post","type-post","status-publish","format-standard","has-post-thumbnail","","category-mundo"],"_links":{"self":[{"href":"https:\/\/noticiasveraces.com\/index.php?rest_route=\/wp\/v2\/posts\/45345","targetHints":{"allow":["GET"]}}],"collection":[{"href":"https:\/\/noticiasveraces.com\/index.php?rest_route=\/wp\/v2\/posts"}],"about":[{"href":"https:\/\/noticiasveraces.com\/index.php?rest_route=\/wp\/v2\/types\/post"}],"author":[{"embeddable":true,"href":"https:\/\/noticiasveraces.com\/index.php?rest_route=\/wp\/v2\/users\/1"}],"replies":[{"embeddable":true,"href":"https:\/\/noticiasveraces.com\/index.php?rest_route=%2Fwp%2Fv2%2Fcomments&post=45345"}],"version-history":[{"count":0,"href":"https:\/\/noticiasveraces.com\/index.php?rest_route=\/wp\/v2\/posts\/45345\/revisions"}],"wp:featuredmedia":[{"embeddable":true,"href":"https:\/\/noticiasveraces.com\/index.php?rest_route=\/wp\/v2\/media\/45346"}],"wp:attachment":[{"href":"https:\/\/noticiasveraces.com\/index.php?rest_route=%2Fwp%2Fv2%2Fmedia&parent=45345"}],"wp:term":[{"taxonomy":"category","embeddable":true,"href":"https:\/\/noticiasveraces.com\/index.php?rest_route=%2Fwp%2Fv2%2Fcategories&post=45345"},{"taxonomy":"post_tag","embeddable":true,"href":"https:\/\/noticiasveraces.com\/index.php?rest_route=%2Fwp%2Fv2%2Ftags&post=45345"}],"curies":[{"name":"wp","href":"https:\/\/api.w.org\/{rel}","templated":true}]}}