{"id":45284,"date":"2025-10-11T09:48:15","date_gmt":"2025-10-11T13:48:15","guid":{"rendered":"https:\/\/noticiasveraces.com\/?p=45284"},"modified":"2025-10-11T09:48:15","modified_gmt":"2025-10-11T13:48:15","slug":"los-compradores-elogian-la-chaqueta-estilo-granero-de-50-que-parece-cara","status":"publish","type":"post","link":"https:\/\/noticiasveraces.com\/?p=45284","title":{"rendered":"Los compradores elogian la chaqueta estilo granero de \u00a350 que \u00abparece cara\u00bb"},"content":{"rendered":"<p> \n<\/p>\n<div>\n<p>Las chaquetas estilo granero est\u00e1n de moda en este momento, y casas de moda como Prada y Fendi presentan el cl\u00e1sico informal en sus pasarelas. Pero si bien muchos de estos abrigos de dise\u00f1ador pueden costar cientos de libras, hay opciones m\u00e1s asequibles en la calle principal, y New Look ofrece uno por poco menos de \u00a350. <\/p>\n<p>Confeccionada en 100% algod\u00f3n y con cuello de pana, la chaqueta estilo granero a media pierna con cuello en contraste es la prenda definitiva para combinar en oto\u00f1o, informa el Liverpool Echo. Es lo suficientemente resistente como para soportar climas m\u00e1s fr\u00edos, mientras que su corte holgado de gran tama\u00f1o puede acomodar su\u00e9teres y c\u00e1rdigans debajo. Es lo suficientemente vers\u00e1til como para usarlo con jeans y zapatillas deportivas, o con un par de botas para una apariencia m\u00e1s atrevida. <\/p>\n<p>Disponible en tallas de la ocho a la 22, la chaqueta llega justo debajo de la cadera y viene con tres pr\u00e1cticos bolsillos; dos bolsillos con solapa en la parte inferior y un bolsillo en el pecho. Se cierra con una cremallera oculta por una solapa cortavientos para un acabado sin costuras y los pu\u00f1os se pueden subir para combinar con el cuello.<\/p>\n<\/div>\n<div>\n<p>A los compradores de New Look les encanta la chaqueta y solo le han otorgado rese\u00f1as de cinco estrellas desde su lanzamiento. <\/p>\n<p>Un fan coment\u00f3 que era \u00abperfecta para el oto\u00f1o\u00bb y agreg\u00f3: \u00abRealmente me encanta esta chaqueta con una sensaci\u00f3n oto\u00f1al acogedora. Perfecta para los primeros d\u00edas fr\u00edos, pero lo suficientemente amplia como para usar un su\u00e9ter debajo. Muy bien hecha y elegante\u00bb.<\/p>\n<p>Una segunda rese\u00f1a dec\u00eda: \u00abMe encanta, me encanta, me encanta mi chaqueta de granero, me queda bien, tiene buen largo, me encanta el cuello y los pu\u00f1os de pana, creo que parece m\u00e1s cara. Estoy muy feliz con mi compra\u00bb.<\/p>\n<p>Otro elogi\u00f3 la chaqueta por su versatilidad y dijo: \u00abLa chaqueta est\u00e1 ligeramente acolchada por dentro, lo que significa que es m\u00e1s que adecuada para el oto\u00f1o y tal vez incluso algunos d\u00edas de invierno, ya que hay mucho espacio para colocar capas debajo\u00bb.<\/p>\n<p>Sin embargo, varios compradores advirtieron que la chaqueta les queda bastante grande, y uno de ellos aconsej\u00f3 \u00abreducir la talla a menos que quieras un aspecto de gran tama\u00f1o\u00bb.<\/p>\n<\/div>\n\n","protected":false},"excerpt":{"rendered":"<p>Las chaquetas estilo granero est\u00e1n de moda en este momento, y casas de moda como Prada y Fendi presentan el cl\u00e1sico informal en sus pasarelas. Pero si bien muchos de estos abrigos de dise\u00f1ador pueden costar cientos de libras, hay opciones m\u00e1s asequibles en la calle principal, y New Look ofrece uno por poco menos &hellip;<\/p>\n","protected":false},"author":1,"featured_media":45285,"comment_status":"open","ping_status":"open","sticky":false,"template":"","format":"standard","meta":{"fifu_image_url":"https:\/\/cdn.images.express.co.uk\/img\/dynamic\/12\/1200x630\/6481958.jpg","fifu_image_alt":"","footnotes":""},"categories":[10],"tags":[],"class_list":["post-45284","post","type-post","status-publish","format-standard","has-post-thumbnail","","category-moda"],"_links":{"self":[{"href":"https:\/\/noticiasveraces.com\/index.php?rest_route=\/wp\/v2\/posts\/45284","targetHints":{"allow":["GET"]}}],"collection":[{"href":"https:\/\/noticiasveraces.com\/index.php?rest_route=\/wp\/v2\/posts"}],"about":[{"href":"https:\/\/noticiasveraces.com\/index.php?rest_route=\/wp\/v2\/types\/post"}],"author":[{"embeddable":true,"href":"https:\/\/noticiasveraces.com\/index.php?rest_route=\/wp\/v2\/users\/1"}],"replies":[{"embeddable":true,"href":"https:\/\/noticiasveraces.com\/index.php?rest_route=%2Fwp%2Fv2%2Fcomments&post=45284"}],"version-history":[{"count":0,"href":"https:\/\/noticiasveraces.com\/index.php?rest_route=\/wp\/v2\/posts\/45284\/revisions"}],"wp:featuredmedia":[{"embeddable":true,"href":"https:\/\/noticiasveraces.com\/index.php?rest_route=\/wp\/v2\/media\/45285"}],"wp:attachment":[{"href":"https:\/\/noticiasveraces.com\/index.php?rest_route=%2Fwp%2Fv2%2Fmedia&parent=45284"}],"wp:term":[{"taxonomy":"category","embeddable":true,"href":"https:\/\/noticiasveraces.com\/index.php?rest_route=%2Fwp%2Fv2%2Fcategories&post=45284"},{"taxonomy":"post_tag","embeddable":true,"href":"https:\/\/noticiasveraces.com\/index.php?rest_route=%2Fwp%2Fv2%2Ftags&post=45284"}],"curies":[{"name":"wp","href":"https:\/\/api.w.org\/{rel}","templated":true}]}}