{"id":45275,"date":"2025-10-11T07:51:04","date_gmt":"2025-10-11T11:51:04","guid":{"rendered":"https:\/\/noticiasveraces.com\/?p=45275"},"modified":"2025-10-11T07:51:04","modified_gmt":"2025-10-11T11:51:04","slug":"javier-fernandez-el-cantante-del-gol-tiene-nuevo-trabajo-tras-salir-de-rcn-estara-en-politica-curiosidades-de-futbol","status":"publish","type":"post","link":"https:\/\/noticiasveraces.com\/?p=45275","title":{"rendered":"Javier Fern\u00e1ndez, &#8216;el cantante del gol&#8217;, tiene nuevo trabajo tras salir de RCN: estar\u00e1 en pol\u00edtica | Curiosidades de f\u00fatbol"},"content":{"rendered":"<p> \n<\/p>\n<div id=\"cuerpoArticulo\">\n<p class=\"texto intro cnx-companion-firstparagraph\" id=\"p256775-m384-383-385\">Javier Fern\u00e1ndez Franco, m\u00e1s conocido como &#8216;el cantante del gol&#8217; llam\u00f3 la atenci\u00f3n tras confirmar que no continuar\u00eda trabajando como narrador en el canal RCN. Sin embargo, d\u00edas m\u00e1s tarde, todo parece tener sentido, pues el profesional confirm\u00f3 que continuar\u00e1 su carrera en la pol\u00edtica, siendo candidato al Senado de la Rep\u00fablica. <\/p>\n<p>Su incursi\u00f3n en la pol\u00edtica se dar\u00e1 a trav\u00e9s del movimiento Mira, partido que se caracteriza por contar con figuras p\u00fablicas y empresarios. <\/p>\n<p class=\"texto contenido-parrafo-articulo cnx-companion-paragraph\" id=\"p256775-m447-3-448\">De esta manera, se confirma que &#8216;el cantante del gol&#8217; no continuar\u00e1 narrando partidos en televisi\u00f3n o radio y buscar\u00e1 un lugar en la pol\u00edtica nacional. <\/p>\n<p>\u201cVoy encabezando la lista al Senado, es decir, por votos nacionales. Esa es la raz\u00f3n, por la que, por ahora, voy a estar en esta campa\u00f1a, pero las elecciones son en marzo. Siempre me ha gustado el tema y me parece que es una bonita oportunidad\u201d, afirm\u00f3 en una entrevista concedida a Publimetro. <\/p>\n<p><span class=\"articulo-subtitulo subtitulo2 espacio-contenido cnx-companion-subtitle\" id=\"p256775-m453-4-454\">Javier Fern\u00e1ndez, &#8216;el cantante del gol&#8217; incursionar\u00e1 en la pol\u00edtica<\/span><\/p>\n<div id=\"p256775-m459-5-460\" class=\"\">\n<blockquote class=\"twitter-tweet\">\n<p lang=\"es\" dir=\"ltr\">Ninguno de los pol\u00edticos de siempre, tiene ni siquiera en su mente, una propuesta para el deporte de nuestra amada Colombia. Tienen maquinaria de trotar en la casa, pero para colgar la toalla mojada. Es hora d propuestas para el deporte\u2026 FUERA la mala pol\u00edtica, FUERA el recorte<\/p>\n<p>\u2014 Javier Fern\u00e1ndez Franco (@Cantantedelgol) <a href=\"https:\/\/twitter.com\/Cantantedelgol\/status\/1976075968482771413?ref_src=twsrc%5Etfw\">9 de octubre de 2025<\/a><\/p><\/blockquote><\/div>\n<p class=\"texto contenido-parrafo-articulo cnx-companion-paragraph\" id=\"p256775-m465-6-466\">Vale resaltar que al momento de darse a conocer su salida del canal colombiano, Fern\u00e1ndez dej\u00f3 en claro que tomar\u00eda un \u00abrumbo diferente, un ejercicio distinto\u00bb, pues quiere \u00abayudar al deporte de Colombia\u201d. <\/p>\n<p>As\u00ed mismo, explic\u00f3 que: \u00abunos empresarios que se cansaron de apoyar pol\u00edticos y crearon su nuevo movimiento sin pol\u00edticos, entonces en esta lista al Congreso no vas a encontrar ning\u00fan pol\u00edtico, es decir, queremos darle una peque\u00f1a renovaci\u00f3n al tema. Voy encabezando esa lista del movimiento Fuera\u201d.<\/p>\n<div class=\"fotografia caja-articulo\" id=\"p256775-m471-7-472\">\n<div class=\"imagen-cuerpo-bk\">\n<figure itemscope=\"\" itemtype=\"https:\/\/schema.org\/ImageObject\" itemprop=\"image\" id=\"m476-475-477\" class=\"foto-galeria-articulo imagen-articulo foto-texto-articulo-galeria\"><img decoding=\"async\" alt=\"Javier Fern\u00e1ndez\" src=\"data:image\/png;base64,iVBORw0KGgoAAAANSUhEUgAAAAEAAAABCAQAAAC1HAwCAAAAC0lEQVR42mP8\/x0AAvsB+DlKarAAAAAASUVORK5CYII=\" style=\" display: inline;\" data-original=\"\/files\/article_content\/uploads\/2019\/01\/29\/5c5122b11d9cb.jpeg\"\/><meta itemprop=\"width\" content=\"600\"\/><meta itemprop=\"height\" content=\"450\"\/> <meta itemprop=\"url\" content=\"https:\/\/www.futbolred.com\/files\/article_content\/uploads\/2019\/01\/29\/5c5122b11d9cb.jpeg\"\/><\/figure>\n<\/div><\/div>\n<p class=\"texto contenido-parrafo-articulo cnx-companion-paragraph\" id=\"p256775-m497-8-498\">Javier, reconocido por su narraci\u00f3n, especialmente en los partidos de la Selecci\u00f3n Colombia, tendr\u00e1 un nuevo cap\u00edtulo en su carrera profesional y espera contribuir al deporte desde un eventual cargo en el Senado de la Rep\u00fablica.<\/p>\n<\/div>\n<p><script async src=\"https:\/\/platform.twitter.com\/widgets.js\" charset=\"utf-8\"><\/script><br \/>\n<br \/>\n","protected":false},"excerpt":{"rendered":"<p>Javier Fern\u00e1ndez Franco, m\u00e1s conocido como &#8216;el cantante del gol&#8217; llam\u00f3 la atenci\u00f3n tras confirmar que no continuar\u00eda trabajando como narrador en el canal RCN. Sin embargo, d\u00edas m\u00e1s tarde, todo parece tener sentido, pues el profesional confirm\u00f3 que continuar\u00e1 su carrera en la pol\u00edtica, siendo candidato al Senado de la Rep\u00fablica. Su incursi\u00f3n en &hellip;<\/p>\n","protected":false},"author":1,"featured_media":45276,"comment_status":"open","ping_status":"open","sticky":false,"template":"","format":"standard","meta":{"fifu_image_url":"https:\/\/www.futbolred.com\/files\/og_thumbnail\/uploads\/2023\/11\/27\/65650f196e993.jpeg","fifu_image_alt":"","footnotes":""},"categories":[6],"tags":[],"class_list":["post-45275","post","type-post","status-publish","format-standard","has-post-thumbnail","","category-deportes"],"_links":{"self":[{"href":"https:\/\/noticiasveraces.com\/index.php?rest_route=\/wp\/v2\/posts\/45275","targetHints":{"allow":["GET"]}}],"collection":[{"href":"https:\/\/noticiasveraces.com\/index.php?rest_route=\/wp\/v2\/posts"}],"about":[{"href":"https:\/\/noticiasveraces.com\/index.php?rest_route=\/wp\/v2\/types\/post"}],"author":[{"embeddable":true,"href":"https:\/\/noticiasveraces.com\/index.php?rest_route=\/wp\/v2\/users\/1"}],"replies":[{"embeddable":true,"href":"https:\/\/noticiasveraces.com\/index.php?rest_route=%2Fwp%2Fv2%2Fcomments&post=45275"}],"version-history":[{"count":0,"href":"https:\/\/noticiasveraces.com\/index.php?rest_route=\/wp\/v2\/posts\/45275\/revisions"}],"wp:featuredmedia":[{"embeddable":true,"href":"https:\/\/noticiasveraces.com\/index.php?rest_route=\/wp\/v2\/media\/45276"}],"wp:attachment":[{"href":"https:\/\/noticiasveraces.com\/index.php?rest_route=%2Fwp%2Fv2%2Fmedia&parent=45275"}],"wp:term":[{"taxonomy":"category","embeddable":true,"href":"https:\/\/noticiasveraces.com\/index.php?rest_route=%2Fwp%2Fv2%2Fcategories&post=45275"},{"taxonomy":"post_tag","embeddable":true,"href":"https:\/\/noticiasveraces.com\/index.php?rest_route=%2Fwp%2Fv2%2Ftags&post=45275"}],"curies":[{"name":"wp","href":"https:\/\/api.w.org\/{rel}","templated":true}]}}