{"id":45253,"date":"2025-10-11T04:57:03","date_gmt":"2025-10-11T08:57:03","guid":{"rendered":"https:\/\/noticiasveraces.com\/?p=45253"},"modified":"2025-10-11T04:57:03","modified_gmt":"2025-10-11T08:57:03","slug":"la-dana-alice-mantiene-en-aviso-naranja-la-costa-de-la-comunidad-valenciana-de-tarragona-y-zonas-de-baleares-el-tiempo-hoy-en-espana-y-en-el-mundo","status":"publish","type":"post","link":"https:\/\/noticiasveraces.com\/?p=45253","title":{"rendered":"La dana \u2018Alice\u2019 mantiene en aviso naranja la costa de la Comunidad Valenciana, de Tarragona y zonas de Baleares | El tiempo hoy en Espa\u00f1a y en el mundo"},"content":{"rendered":"<p> \n<\/p>\n<div data-dtm-region=\"articulo_cuerpo\">\n<p class=\"\">La Agencia Estatal de Meteorolog\u00eda (Aemet) mantiene activos este s\u00e1bado avisos naranjas en la costa de la Comunidad Valenciana, el litoral de Tarragona y en el norte y el este de Mallorca, en Ibiza y en Formentera ante la dana<i> Alicia.<\/i> Es decir, que califica el riesgo de importante. La agencia prev\u00e9 una situaci\u00f3n de inestabilidad en el tercio este peninsular, en Melilla, el Estrecho y Baleares, con cielos nubosos y precipitaciones. <\/p>\n<p class=\"\">Las lluvias ser\u00e1n fuertes o muy fuertes, con tormenta e incluso ocasionalmente granizo en Baleares y el este de la Pen\u00ednsula. Es probable que se alcancen intensidades torrenciales, con acumulados significativos, en el litoral entre el delta del Ebro (Tarragona) y el cabo de la Nao (Alicante) y en el archipi\u00e9lago balear. Aunque con incertidumbre, matiza la Aemet, en funci\u00f3n de cu\u00e1l sea la evoluci\u00f3n de la dana. Las precipitaciones tambi\u00e9n podr\u00edan acabar afectando a otros puntos del centro-este peninsular. <\/p>\n<div class=\"raw_html\">\n<div>\n      <link rel=\"stylesheet\" href=\"https:\/\/ep00.epimg.net\/infografias\/css\/infografia\/2.0\/graficos.css\"\/>\n<div class=\"width\">\n<div style=\"min-height:450px\">\n<p>          <noscript><br \/>\n            <img decoding=\"async\" src=\"https:\/\/datawrapper.dwcdn.net\/HKTm6\/full.png\" alt=\"\"\/><br \/>\n          <\/noscript>\n        <\/div>\n<\/p><\/div>\n<\/p><\/div>\n<\/div>\n<p class=\"\">Por el momento, los estragos de <i>Alicia<\/i> han llevado al presidente de la Regi\u00f3n de Murcia, Fernando L\u00f3pez Miras, a pedir a primera hora de este s\u00e1bado el despliegue de la Unidad Militar de Emergencias en Los Alc\u00e1zares, debido a los \u201cdesbordamientos de ramblas\u201d por las fuertes lluvias ca\u00eddas durante la madrugada. Tambi\u00e9n durante la madrugada, se han desplegado unos 20 efectivos de bomberos en Cartagena para efectuar varios rescates. El delegado del Gobierno en Murcia, Francisco Lucas, ha informado de que los medios de emergencia han tenido que rescatar a unas 70 personas en el municipio de San Javier, algunas en los tejados de sus casas. <\/p>\n<p class=\"\">La Aemet mantiene en aviso amarillo al Campo de Cartagena y Mazarr\u00f3n. En cuanto a la Comunidad Valenciana, la agencia lanza un aviso naranja en pr\u00e1cticamente toda la costa (a excepci\u00f3n del sur de Alicante) y el resto de la comunidad aut\u00f3noma est\u00e1 bajo un aviso amarillo, que tambi\u00e9n se extiende a parte de Mallorca y de Menorca. <\/p>\n<div class=\"raw_html\">\n<div>\n      <link rel=\"stylesheet\" href=\"https:\/\/ep00.epimg.net\/infografias\/css\/infografia\/2.0\/graficos.css\"\/>\n<div class=\"width\">\n<div style=\"min-height:450px\">\n<p>          <noscript><br \/>\n            <img decoding=\"async\" src=\"https:\/\/datawrapper.dwcdn.net\/AtNY8\/full.png\" alt=\"\"\/><br \/>\n          <\/noscript>\n        <\/div>\n<\/p><\/div>\n<\/p><\/div>\n<\/div>\n<p class=\"\">En el resto del pa\u00eds, predominar\u00e1n los cielos poco nubosos o despejados, con intervalos de nubes matinales en regiones del tercio norte peninsular y abundante nubosidad de evoluci\u00f3n por la tarde en el interior del pa\u00eds. En el tercio norte es probable que haya bancos de niebla matinales, y tambi\u00e9n en interiores del sureste peninsular y de Albor\u00e1n, donde se prev\u00e9 la entrada de polvo en suspensi\u00f3n. <\/p>\n<p class=\"\">En Canarias, se prev\u00e9n cielos nubosos en el norte, con baja probabilidad de alguna precipitaci\u00f3n d\u00e9bil y dispersas en las islas de mayor relieve, y en el sur estar\u00e1n poco nubosos. <\/p>\n<p class=\"\">La Aemet informa de un ascenso de las temperaturas m\u00e1ximas en el tercio norte y en el sureste peninsular, que ser\u00e1n notables en interiores del Cant\u00e1brico oriental. As\u00ed como descensos de los term\u00f3metros en el bajo Ebro y en zonas pr\u00f3ximas. <\/p>\n<p class=\"\">Respecto a los vientos, predominar\u00e1n en el este y nordeste de la Pen\u00ednsula y de Baleares. Ser\u00e1n moderados en litorales, en la meseta Sur, la meseta Ib\u00e9rica oriental y en zonas del interior del este peninsular. Es probable que haya intervalos fuertes en Albor\u00e1n y la costa catalana y del norte de Galicia, as\u00ed como alguna racha muy fuerte en el Estrecho y la costa del sureste. En Canarias soplar\u00e1 un alisio moderado. <\/p>\n<\/div>\n\n","protected":false},"excerpt":{"rendered":"<p>La Agencia Estatal de Meteorolog\u00eda (Aemet) mantiene activos este s\u00e1bado avisos naranjas en la costa de la Comunidad Valenciana, el litoral de Tarragona y en el norte y el este de Mallorca, en Ibiza y en Formentera ante la dana Alicia. Es decir, que califica el riesgo de importante. La agencia prev\u00e9 una situaci\u00f3n de &hellip;<\/p>\n","protected":false},"author":1,"featured_media":45255,"comment_status":"open","ping_status":"open","sticky":false,"template":"","format":"standard","meta":{"fifu_image_url":"https:\/\/imagenes.elpais.com\/resizer\/v2\/ZW4C5TDNFNG2RCAXI4HOVHUOFE.jpg?auth=4ef511b442e420c9576a17dc1226bb51104f7f54a709d2972c40ae92a7dd8366&width=1200","fifu_image_alt":"","footnotes":""},"categories":[11],"tags":[],"class_list":["post-45253","post","type-post","status-publish","format-standard","has-post-thumbnail","","category-viaje"],"_links":{"self":[{"href":"https:\/\/noticiasveraces.com\/index.php?rest_route=\/wp\/v2\/posts\/45253","targetHints":{"allow":["GET"]}}],"collection":[{"href":"https:\/\/noticiasveraces.com\/index.php?rest_route=\/wp\/v2\/posts"}],"about":[{"href":"https:\/\/noticiasveraces.com\/index.php?rest_route=\/wp\/v2\/types\/post"}],"author":[{"embeddable":true,"href":"https:\/\/noticiasveraces.com\/index.php?rest_route=\/wp\/v2\/users\/1"}],"replies":[{"embeddable":true,"href":"https:\/\/noticiasveraces.com\/index.php?rest_route=%2Fwp%2Fv2%2Fcomments&post=45253"}],"version-history":[{"count":0,"href":"https:\/\/noticiasveraces.com\/index.php?rest_route=\/wp\/v2\/posts\/45253\/revisions"}],"wp:featuredmedia":[{"embeddable":true,"href":"https:\/\/noticiasveraces.com\/index.php?rest_route=\/wp\/v2\/media\/45255"}],"wp:attachment":[{"href":"https:\/\/noticiasveraces.com\/index.php?rest_route=%2Fwp%2Fv2%2Fmedia&parent=45253"}],"wp:term":[{"taxonomy":"category","embeddable":true,"href":"https:\/\/noticiasveraces.com\/index.php?rest_route=%2Fwp%2Fv2%2Fcategories&post=45253"},{"taxonomy":"post_tag","embeddable":true,"href":"https:\/\/noticiasveraces.com\/index.php?rest_route=%2Fwp%2Fv2%2Ftags&post=45253"}],"curies":[{"name":"wp","href":"https:\/\/api.w.org\/{rel}","templated":true}]}}